{"id":134392,"date":"2023-09-06T13:21:58","date_gmt":"2023-09-06T18:21:58","guid":{"rendered":"https:\/\/www.uv.mx\/prensa\/?p=134392"},"modified":"2023-09-06T20:36:08","modified_gmt":"2023-09-07T01:36:08","slug":"estudiante-de-posgrado-uv-obtuvo-mejor-tesis-de-maestria-2023","status":"publish","type":"post","link":"https:\/\/www.uv.mx\/prensa\/ciencia\/estudiante-de-posgrado-uv-obtuvo-mejor-tesis-de-maestria-2023\/","title":{"rendered":"Estudiante de posgrado UV obtuvo Mejor Tesis de Maestr\u00eda 2023\u00a0"},"content":{"rendered":"<ul>\n<li data-leveltext=\"\uf0b7\" data-font=\"Symbol\" data-listid=\"3\" data-list-defn-props=\"{&quot;335552541&quot;:1,&quot;335559684&quot;:-2,&quot;335559685&quot;:720,&quot;335559991&quot;:360,&quot;469769226&quot;:&quot;Symbol&quot;,&quot;469769242&quot;:[8226],&quot;469777803&quot;:&quot;left&quot;,&quot;469777804&quot;:&quot;\uf0b7&quot;,&quot;469777815&quot;:&quot;hybridMultilevel&quot;}\" data-aria-posinset=\"1\" data-aria-level=\"1\"><i><span data-contrast=\"auto\">Reconocimiento del Consejo Veracruzano de Investigaci\u00f3n Cient\u00edfica y Desarrollo Tecnol\u00f3gico<\/span><\/i><span data-ccp-props=\"{&quot;201341983&quot;:0,&quot;335559739&quot;:0,&quot;335559740&quot;:240}\">\u00a0<\/span><\/li>\n<li data-leveltext=\"\uf0b7\" data-font=\"Symbol\" data-listid=\"3\" data-list-defn-props=\"{&quot;335552541&quot;:1,&quot;335559684&quot;:-2,&quot;335559685&quot;:720,&quot;335559991&quot;:360,&quot;469769226&quot;:&quot;Symbol&quot;,&quot;469769242&quot;:[8226],&quot;469777803&quot;:&quot;left&quot;,&quot;469777804&quot;:&quot;\uf0b7&quot;,&quot;469777815&quot;:&quot;hybridMultilevel&quot;}\" data-aria-posinset=\"2\" data-aria-level=\"1\"><i><span data-contrast=\"auto\">La Universidad avanza en investigaci\u00f3n biotecnol\u00f3gica<\/span><\/i><span data-ccp-props=\"{&quot;201341983&quot;:0,&quot;335559739&quot;:0,&quot;335559740&quot;:240}\">\u00a0<\/span><\/li>\n<\/ul>\n<p><span data-ccp-props=\"{&quot;134233279&quot;:true,&quot;201341983&quot;:0,&quot;335559739&quot;:0,&quot;335559740&quot;:240}\">\u00a0<\/span><\/p>\n<div id=\"attachment_134393\" style=\"width: 732px\" class=\"wp-caption aligncenter\"><img aria-describedby=\"caption-attachment-134393\" decoding=\"async\" loading=\"lazy\" class=\"size-full wp-image-134393\" src=\"https:\/\/www.uv.mx\/prensa\/files\/2023\/09\/050923-Chain-Veracruz-Mejor-Tesis-Maestria-1.jpg\" alt=\"\" width=\"722\" height=\"482\" srcset=\"https:\/\/www.uv.mx\/prensa\/files\/2023\/09\/050923-Chain-Veracruz-Mejor-Tesis-Maestria-1.jpg 722w, https:\/\/www.uv.mx\/prensa\/files\/2023\/09\/050923-Chain-Veracruz-Mejor-Tesis-Maestria-1-300x200.jpg 300w\" sizes=\"(max-width: 722px) 100vw, 722px\" \/><p id=\"caption-attachment-134393\" class=\"wp-caption-text\">Francisco Abelardo Cen Pacheco, Javier Sosa Rueda y \u00c1lvaro de Jes\u00fas Peniche Carde\u00f1a<\/p><\/div>\n<p><span data-ccp-props=\"{&quot;134233279&quot;:true,&quot;201341983&quot;:0,&quot;335559739&quot;:0,&quot;335559740&quot;:240}\">\u00a0<\/span><\/p>\n<p><b><i><span data-contrast=\"auto\">Francisco Javier Cha\u00edn Revuelta<\/span><\/i><\/b><span data-ccp-props=\"{&quot;134233279&quot;:true,&quot;201341983&quot;:0,&quot;335559739&quot;:0,&quot;335559740&quot;:240}\">\u00a0<\/span><\/p>\n<p><b><i><span data-contrast=\"auto\">Fotos: Cortes\u00eda Ver\u00f3nica Alc\u00e1ntara S\u00e1nchez y Nayeli Medina Navarro<\/span><\/i><\/b><span data-ccp-props=\"{&quot;134233279&quot;:true,&quot;201341983&quot;:0,&quot;335559739&quot;:0,&quot;335559740&quot;:240}\">\u00a0<\/span><\/p>\n<p><b><i><span data-contrast=\"auto\">06\/09\/2023, Boca del R\u00edo, Ver.-<\/span><\/i><\/b><span data-contrast=\"auto\"> Javier Sosa Rueda, estudiante del Doctorado en Ciencias Agropecuarias en la<a href=\"https:\/\/www.uv.mx\/veracruz\/fmvz\/\" target=\"_blank\" rel=\"noopener\"> Facultad de Medicina Veterinaria y Zootecnia<\/a> de la Universidad Veracruzana (UV), obtuvo el Apoyo Veracruzano a la Mejor Tesis de Maestr\u00eda 2023 en el \u00c1rea de Biotecnolog\u00eda y Ciencias Agropecuarias, otorgado por el Consejo Veracruzano de Investigaci\u00f3n Cient\u00edfica y Desarrollo Tecnol\u00f3gico (<\/span><i><span data-contrast=\"auto\">Coveicydet<\/span><\/i><span data-contrast=\"auto\">).<\/span><span data-ccp-props=\"{&quot;134233279&quot;:true,&quot;201341983&quot;:0,&quot;335559739&quot;:0,&quot;335559740&quot;:240}\">\u00a0<\/span><\/p>\n<p><span data-contrast=\"auto\">El alumno es Licenciado en Qu\u00edmica Cl\u00ednica por la Facultad de Bioan\u00e1lisis y Maestro en Ciencia Animal por la UV. Explic\u00f3 que su proyecto se basa en encontrar alternativas a la resistencia de las garrapatas a los diferentes plaguicidas, ya que a nivel mundial el sector agropecuario afronta graves p\u00e9rdidas econ\u00f3micas por esta plaga que limita movilidad del ganado dentro y fuera de los pa\u00edses.<\/span><span data-ccp-props=\"{&quot;134233279&quot;:true,&quot;201341983&quot;:0,&quot;335559731&quot;:708,&quot;335559739&quot;:0,&quot;335559740&quot;:240}\">\u00a0<\/span><\/p>\n<p><span data-contrast=\"auto\">Dijo que es necesario encontrar una opci\u00f3n que adem\u00e1s de eficaz sustituya a los insecticidas actuales que son t\u00f3xicos al ambiente y se acumulan en los animales de manera residual, contaminando los productos derivados como l\u00e1cteos y carne.<\/span><span data-ccp-props=\"{&quot;134233279&quot;:true,&quot;201341983&quot;:0,&quot;335559731&quot;:708,&quot;335559739&quot;:0,&quot;335559740&quot;:240}\">\u00a0<\/span><\/p>\n<p><span data-contrast=\"auto\">Su tesis se titula \u201cActividad acaricida de las fracciones Kupchan de plantas terrestres y algas marinas sobre <\/span><i><span data-contrast=\"auto\">Rhipicephalus<\/span><\/i> <i><span data-contrast=\"auto\">microplus<\/span><\/i><span data-contrast=\"auto\"> y purificaci\u00f3n biodirigida de <\/span><i><span data-contrast=\"auto\">Annona<\/span><\/i> <i><span data-contrast=\"auto\">scleroderma<\/span><\/i><span data-contrast=\"auto\"> por su potencial demostrado\u201d; los directores fueron Francisco Abelardo Cen Pacheco y \u00c1lvaro Enrique de Jes\u00fas Peniche Carde\u00f1a, y el trabajo destaca por su innovaci\u00f3n y relevancia representando un hito significativo en el avance y aplicaci\u00f3n del conocimiento.<\/span><\/p>\n<p>&nbsp;<\/p>\n<div id=\"attachment_134394\" style=\"width: 732px\" class=\"wp-caption aligncenter\"><img aria-describedby=\"caption-attachment-134394\" decoding=\"async\" loading=\"lazy\" class=\"wp-image-134394 size-full\" src=\"https:\/\/www.uv.mx\/prensa\/files\/2023\/09\/050923-Chain-Veracruz-Mejor-Tesis-Maestria-2.jpg\" alt=\"Javier Sosa Rueda, estudiante del Doctorado en Ciencias Agropecuarias, autor de la tesis premiada\" width=\"722\" height=\"482\" srcset=\"https:\/\/www.uv.mx\/prensa\/files\/2023\/09\/050923-Chain-Veracruz-Mejor-Tesis-Maestria-2.jpg 722w, https:\/\/www.uv.mx\/prensa\/files\/2023\/09\/050923-Chain-Veracruz-Mejor-Tesis-Maestria-2-300x200.jpg 300w\" sizes=\"(max-width: 722px) 100vw, 722px\" \/><p id=\"caption-attachment-134394\" class=\"wp-caption-text\">Javier Sosa Rueda, estudiante del Doctorado en Ciencias Agropecuarias, autor de la tesis premiada<\/p><\/div>\n<p><span data-ccp-props=\"{&quot;134233279&quot;:true,&quot;201341983&quot;:0,&quot;335559731&quot;:708,&quot;335559739&quot;:0,&quot;335559740&quot;:240}\">\u00a0<\/span><\/p>\n<p><span data-contrast=\"auto\">Aborda dos aspectos fundamentales en la biotecnolog\u00eda y ciencias agr\u00edcolas: el control de plagas en la industria ganadera y la extracci\u00f3n eficiente de compuestos bioactivos de plantas. En la primera parte, se investiga la actividad acaricida de las fracciones Kupchan, compuestos extra\u00eddos de plantas terrestres y algas marinas, sobre <\/span><i><span data-contrast=\"auto\">Rhipicephalus<\/span><\/i> <i><span data-contrast=\"auto\">microplus<\/span><\/i><span data-contrast=\"auto\">, un \u00e1caro que causa graves problemas parasitarios en el ganado.<\/span><span data-ccp-props=\"{&quot;134233279&quot;:true,&quot;201341983&quot;:0,&quot;335559731&quot;:708,&quot;335559739&quot;:0,&quot;335559740&quot;:240}\">\u00a0<\/span><\/p>\n<p><span data-contrast=\"auto\">La evaluaci\u00f3n de estas fracciones demuestra un potencial significativo en la eliminaci\u00f3n de estos par\u00e1sitos, abriendo la puerta a posibles alternativas naturales y sostenibles en el control de plagas en la industria ganadera.<\/span><span data-ccp-props=\"{&quot;134233279&quot;:true,&quot;201341983&quot;:0,&quot;335559731&quot;:708,&quot;335559739&quot;:0,&quot;335559740&quot;:240}\">\u00a0<\/span><\/p>\n<p><span data-contrast=\"auto\">La segunda parte se centra en la purificaci\u00f3n biodirigida de compuestos bioactivos de <\/span><i><span data-contrast=\"auto\">Annona<\/span><\/i> <i><span data-contrast=\"auto\">scleroderma<\/span><\/i><span data-contrast=\"auto\">, una planta conocida por sus propiedades medicinales y agr\u00edcolas. Mediante t\u00e9cnicas avanzadas de extracci\u00f3n y purificaci\u00f3n, Sosa Rueda logr\u00f3 aislar y caracterizar compuestos con potencial biol\u00f3gico, lo que podr\u00eda contribuir al desarrollo de productos fitofarmac\u00e9uticos y fertilizantes naturales de alta eficacia.<\/span><\/p>\n<p><span data-contrast=\"auto\">El documento aborda desaf\u00edos cr\u00edticos en el \u00e1mbito agr\u00edcola y biotecnol\u00f3gico, ofreciendo soluciones prometedoras basadas en la utilizaci\u00f3n de recursos naturales y enfoques innovadores. El uso de compuestos derivados de plantas y algas para el control de plagas puede reducir la dependencia de pesticidas qu\u00edmicos, disminuyendo los riesgos ambientales y de salud asociados. Adem\u00e1s, la purificaci\u00f3n biodirigida de compuestos bioactivos no s\u00f3lo tiene aplicaciones en la agricultura, sino tambi\u00e9n en la industria farmac\u00e9utica y cosm\u00e9tica.<\/span><span data-ccp-props=\"{&quot;134233279&quot;:true,&quot;201341983&quot;:0,&quot;335559731&quot;:708,&quot;335559739&quot;:0,&quot;335559740&quot;:240}\">\u00a0<\/span><\/p>\n<p><span data-contrast=\"auto\">\u201cSosa Rueda ha demostrado habilidades sobresalientes en la investigaci\u00f3n interdisciplinaria. Su tesis resalta su capacidad para aplicar principios cient\u00edficos rigurosos en la resoluci\u00f3n de problemas concretos en la agricultura y la biotecnolog\u00eda. El reconocimiento otorgado por el <\/span><i><span data-contrast=\"auto\">Coveicydet<\/span><\/i><span data-contrast=\"auto\"> destaca su \u00e9xito acad\u00e9mico y tambi\u00e9n su contribuci\u00f3n al avance del conocimiento, su compromiso con la sostenibilidad y la innovaci\u00f3n\u201d, consider\u00f3 Cen Pacheco.<\/span><span data-ccp-props=\"{&quot;134233279&quot;:true,&quot;201341983&quot;:0,&quot;335559731&quot;:708,&quot;335559739&quot;:0,&quot;335559740&quot;:240}\">\u00a0<\/span><\/p>\n<p><span data-contrast=\"auto\">Por su parte, Peniche Carde\u00f1a enfatiz\u00f3: \u201cEl proyecto es un testimonio del potencial que la investigaci\u00f3n cient\u00edfica y la biotecnolog\u00eda tienen para abordar desaf\u00edos apremiantes en la sociedad actual. Sus hallazgos abren nuevas posibilidades en el control de plagas agr\u00edcolas y la obtenci\u00f3n de compuestos bioactivos, promoviendo un enfoque m\u00e1s equilibrado y respetuoso con el medio ambiente en la agricultura. La comunidad cient\u00edfica y el sector agr\u00edcola tienen ante s\u00ed una prometedora v\u00eda hacia la innovaci\u00f3n y la sostenibilidad, gracias al trabajo pionero de investigadores como Javier Sosa Rueda\u201d.<\/span><span data-ccp-props=\"{&quot;134233279&quot;:true,&quot;201341983&quot;:0,&quot;335559731&quot;:708,&quot;335559739&quot;:0,&quot;335559740&quot;:240}\">\u00a0<\/span><\/p>\n<p><span data-contrast=\"auto\">La entrega de reconocimientos a las mejores tesis se realizar\u00e1 en Kan\u00e1, Museo de Ciencia y Tecnolog\u00eda, el 29 de septiembre.<\/span><span data-ccp-props=\"{&quot;134233279&quot;:true,&quot;201341983&quot;:0,&quot;335559731&quot;:708,&quot;335559739&quot;:0,&quot;335559740&quot;:240}\">\u00a0<\/span><\/p>\n<p><span data-ccp-props=\"{&quot;134233279&quot;:true,&quot;201341983&quot;:0,&quot;335559739&quot;:0,&quot;335559740&quot;:240}\">\u00a0<\/span><\/p>\n<div id=\"attachment_134395\" style=\"width: 732px\" class=\"wp-caption aligncenter\"><img aria-describedby=\"caption-attachment-134395\" decoding=\"async\" loading=\"lazy\" class=\"wp-image-134395 size-full\" src=\"https:\/\/www.uv.mx\/prensa\/files\/2023\/09\/050923-Chain-Veracruz-Mejor-Tesis-Maestria-3.jpg\" alt=\"\u00c1lvaro de Jes\u00fas Peniche Carde\u00f1a, Javier Sosa Rueda y Francisco Abelardo Cen Pacheco\u00a0\" width=\"722\" height=\"482\" srcset=\"https:\/\/www.uv.mx\/prensa\/files\/2023\/09\/050923-Chain-Veracruz-Mejor-Tesis-Maestria-3.jpg 722w, https:\/\/www.uv.mx\/prensa\/files\/2023\/09\/050923-Chain-Veracruz-Mejor-Tesis-Maestria-3-300x200.jpg 300w\" sizes=\"(max-width: 722px) 100vw, 722px\" \/><p id=\"caption-attachment-134395\" class=\"wp-caption-text\">\u00c1lvaro de Jes\u00fas Peniche Carde\u00f1a, Javier Sosa Rueda y Francisco Abelardo Cen Pacheco<\/p><\/div>\n","protected":false},"excerpt":{"rendered":"<p>Los resultados de la investigaci\u00f3n cient\u00edfica de Javier Sosa, acerca de la acci\u00f3n de plantas sobre la garrapata, han generado entusiasmo en la ganader\u00eda\u00a0<\/p>\n","protected":false},"author":1869,"featured_media":134396,"comment_status":"closed","ping_status":"closed","sticky":false,"template":"","format":"standard","meta":[],"categories":[45,47,61],"tags":[2606,9889,13281,9007,11397,1299,4239,13280,80,575,5398,83,721,13282,137],"_links":{"self":[{"href":"https:\/\/www.uv.mx\/prensa\/wp-json\/wp\/v2\/posts\/134392"}],"collection":[{"href":"https:\/\/www.uv.mx\/prensa\/wp-json\/wp\/v2\/posts"}],"about":[{"href":"https:\/\/www.uv.mx\/prensa\/wp-json\/wp\/v2\/types\/post"}],"author":[{"embeddable":true,"href":"https:\/\/www.uv.mx\/prensa\/wp-json\/wp\/v2\/users\/1869"}],"replies":[{"embeddable":true,"href":"https:\/\/www.uv.mx\/prensa\/wp-json\/wp\/v2\/comments?post=134392"}],"version-history":[{"count":1,"href":"https:\/\/www.uv.mx\/prensa\/wp-json\/wp\/v2\/posts\/134392\/revisions"}],"predecessor-version":[{"id":134431,"href":"https:\/\/www.uv.mx\/prensa\/wp-json\/wp\/v2\/posts\/134392\/revisions\/134431"}],"wp:featuredmedia":[{"embeddable":true,"href":"https:\/\/www.uv.mx\/prensa\/wp-json\/wp\/v2\/media\/134396"}],"wp:attachment":[{"href":"https:\/\/www.uv.mx\/prensa\/wp-json\/wp\/v2\/media?parent=134392"}],"wp:term":[{"taxonomy":"category","embeddable":true,"href":"https:\/\/www.uv.mx\/prensa\/wp-json\/wp\/v2\/categories?post=134392"},{"taxonomy":"post_tag","embeddable":true,"href":"https:\/\/www.uv.mx\/prensa\/wp-json\/wp\/v2\/tags?post=134392"}],"curies":[{"name":"wp","href":"https:\/\/api.w.org\/{rel}","templated":true}]}}