{"id":134704,"date":"2023-09-13T13:08:52","date_gmt":"2023-09-13T18:08:52","guid":{"rendered":"https:\/\/www.uv.mx\/prensa\/?p=134704"},"modified":"2023-09-25T15:06:40","modified_gmt":"2023-09-25T20:06:40","slug":"museo-de-antropologia-presento-video-la-estela-de-el-viejon","status":"publish","type":"post","link":"https:\/\/www.uv.mx\/prensa\/cultura\/museo-de-antropologia-presento-video-la-estela-de-el-viejon\/","title":{"rendered":"Museo de Antropolog\u00eda present\u00f3 video <i>La estela de El Viej\u00f3n<\/i>"},"content":{"rendered":"<ul>\n<li data-leveltext=\"\uf0b7\" data-font=\"Symbol\" data-listid=\"6\" data-list-defn-props=\"{&quot;335552541&quot;:1,&quot;335559684&quot;:-2,&quot;335559685&quot;:720,&quot;335559991&quot;:360,&quot;469769226&quot;:&quot;Symbol&quot;,&quot;469769242&quot;:[8226],&quot;469777803&quot;:&quot;left&quot;,&quot;469777804&quot;:&quot;\uf0b7&quot;,&quot;469777815&quot;:&quot;hybridMultilevel&quot;}\" data-aria-posinset=\"1\" data-aria-level=\"1\"><i><span data-contrast=\"auto\">La producci\u00f3n describe las caracter\u00edsticas de una estela encontrada en el municipio de Actopan, que muestra a dos personajes en un ritual agr\u00edcola<\/span><\/i><span data-ccp-props=\"{}\">\u00a0<\/span><\/li>\n<li data-leveltext=\"\uf0b7\" data-font=\"Symbol\" data-listid=\"6\" data-list-defn-props=\"{&quot;335552541&quot;:1,&quot;335559684&quot;:-2,&quot;335559685&quot;:720,&quot;335559991&quot;:360,&quot;469769226&quot;:&quot;Symbol&quot;,&quot;469769242&quot;:[8226],&quot;469777803&quot;:&quot;left&quot;,&quot;469777804&quot;:&quot;\uf0b7&quot;,&quot;469777815&quot;:&quot;hybridMultilevel&quot;}\" data-aria-posinset=\"2\" data-aria-level=\"1\"><i><span data-contrast=\"auto\">Expertos coincidieron en la necesidad de m\u00e1s investigaci\u00f3n en torno a la cultura olmeca<\/span><\/i><span data-ccp-props=\"{}\">\u00a0<\/span><\/li>\n<\/ul>\n<p><span data-ccp-props=\"{}\">\u00a0<\/span><\/p>\n<div id=\"attachment_134674\" style=\"width: 732px\" class=\"wp-caption aligncenter\"><img aria-describedby=\"caption-attachment-134674\" decoding=\"async\" loading=\"lazy\" class=\"size-full wp-image-134674\" src=\"https:\/\/www.uv.mx\/prensa\/files\/2023\/09\/110923-CARLOS-La-estela-de-el-viejon-1.jpg\" alt=\"La estela fue encontrada por el arque\u00f3logo Alfonso Medell\u00edn Zenil en la localidad El Viej\u00f3n\" width=\"722\" height=\"407\" srcset=\"https:\/\/www.uv.mx\/prensa\/files\/2023\/09\/110923-CARLOS-La-estela-de-el-viejon-1.jpg 722w, https:\/\/www.uv.mx\/prensa\/files\/2023\/09\/110923-CARLOS-La-estela-de-el-viejon-1-300x169.jpg 300w\" sizes=\"(max-width: 722px) 100vw, 722px\" \/><p id=\"caption-attachment-134674\" class=\"wp-caption-text\">La estela fue encontrada por el arque\u00f3logo Alfonso Medell\u00edn Zenil en la localidad El Viej\u00f3n<\/p><\/div>\n<p>&nbsp;<\/p>\n<p><b><i><span data-contrast=\"auto\">Texto y fotos: Carlos Hugo Hermida Rosales<\/span><\/i><\/b><\/p>\n<p><b><i><span data-contrast=\"auto\">13\/09\/2023, Xalapa, Ver-<\/span><\/i><\/b><span data-contrast=\"auto\"> El Museo de Antropolog\u00eda de Xalapa (MAX) alberg\u00f3 la presentaci\u00f3n del video <\/span><i><span data-contrast=\"auto\">La estela de El Viej\u00f3n<\/span><\/i><span data-contrast=\"auto\">, coproducido por este recinto en conjunto con la Facultad de Antropolog\u00eda y el <a href=\"https:\/\/www.uv.mx\/television\/\" target=\"_blank\" rel=\"noopener\">Departamento de Medios Audiovisuales<\/a> de la Universidad Veracruzana (Tele UV).\u00a0<\/span><span data-ccp-props=\"{}\">\u00a0<\/span><\/p>\n<p><span data-contrast=\"auto\">Con una duraci\u00f3n de 10 minutos, la producci\u00f3n describe las caracter\u00edsticas de una estela encontrada por el arque\u00f3logo Alfonso Medell\u00edn Zenil en la localidad El Viej\u00f3n, municipio de Actopan, que muestra a dos personajes de la cultura olmeca \u2013presuntamente\u2013 realizar un rito agr\u00edcola.<\/span><span data-ccp-props=\"{&quot;335559731&quot;:708}\">\u00a0<\/span><\/p>\n<p><span data-contrast=\"auto\">En la presentaci\u00f3n del video participaron Rodolfo Parra Ram\u00edrez, catedr\u00e1tico de la Facultad de Antropolog\u00eda; Roberto Lunag\u00f3mez, investigador, y Alfredo Delgado Calder\u00f3n, director del MAX; la moderaci\u00f3n estuvo a cargo de la acad\u00e9mica universitaria, Lourdes Budar Jim\u00e9nez.\u00a0<\/span><span data-ccp-props=\"{&quot;335559731&quot;:708}\">\u00a0<\/span><\/p>\n<p><span data-contrast=\"auto\">Rodolfo Parra mencion\u00f3 que El Viej\u00f3n cuenta con un sitio arqueol\u00f3gico que ha quedado en el olvido, en parte porque ha sido opacado por Quiahuiztl\u00e1n, ubicado a menos de tres kil\u00f3metros de distancia.<\/span><span data-ccp-props=\"{&quot;335559731&quot;:708}\">\u00a0<\/span><\/p>\n<p><span data-contrast=\"auto\">Explic\u00f3 que para crear el video fueron necesarias innumerables horas de trabajo de muchas personas, lo que implic\u00f3 un gran esfuerzo f\u00edsico y econ\u00f3mico.\u00a0<\/span><span data-ccp-props=\"{&quot;335559731&quot;:708}\">\u00a0<\/span><\/p>\n<p><span data-contrast=\"auto\">\u201cSin dudarlo, la producci\u00f3n servir\u00e1 de inspiraci\u00f3n para comprender m\u00e1s sobre los pueblos prehisp\u00e1nicos asentados en nuestro pa\u00eds\u201d, asegur\u00f3.\u00a0<\/span><\/p>\n<div id=\"attachment_134675\" style=\"width: 732px\" class=\"wp-caption aligncenter\"><img aria-describedby=\"caption-attachment-134675\" decoding=\"async\" loading=\"lazy\" class=\"size-full wp-image-134675\" src=\"https:\/\/www.uv.mx\/prensa\/files\/2023\/09\/110923-CARLOS-La-estela-de-el-viejon-2.jpg\" alt=\"En la presentaci\u00f3n del video participaron Rodolfo Parra, Roberto Lunag\u00f3mez y Alfredo Delgado \" width=\"722\" height=\"542\" srcset=\"https:\/\/www.uv.mx\/prensa\/files\/2023\/09\/110923-CARLOS-La-estela-de-el-viejon-2.jpg 722w, https:\/\/www.uv.mx\/prensa\/files\/2023\/09\/110923-CARLOS-La-estela-de-el-viejon-2-300x225.jpg 300w\" sizes=\"(max-width: 722px) 100vw, 722px\" \/><p id=\"caption-attachment-134675\" class=\"wp-caption-text\">En la presentaci\u00f3n del video participaron Rodolfo Parra, Roberto Lunag\u00f3mez y Alfredo Delgado<\/p><\/div>\n<p>&nbsp;<\/p>\n<p><span data-contrast=\"auto\">Alfredo Delgado manifest\u00f3 que aunque la cultura olmeca es muy conocida ha sido poco estudiada m\u00e1s all\u00e1 de sus principales asentamientos: La Venta, Tres Zapotes y San Lorenzo Tenochtitl\u00e1n.<\/span><span data-ccp-props=\"{&quot;335559731&quot;:708}\">\u00a0<\/span><\/p>\n<p><span data-contrast=\"auto\">\u00a0\u201cEl Viej\u00f3n se encuentra muy alejado de estos sitios y la estela mostrada en el video genera interrogantes que los arque\u00f3logos deben responder\u201d, coment\u00f3.\u00a0<\/span><span data-ccp-props=\"{&quot;335559731&quot;:708}\">\u00a0<\/span><\/p>\n<p><span data-contrast=\"auto\">El Director del MAX declar\u00f3 que las historias narradas a trav\u00e9s de producciones audiovisuales son \u00fatiles para crear identidad y fomentar en los habitantes de las localidades cercanas a zonas arqueol\u00f3gicas la protecci\u00f3n de las mismas.<\/span><span data-ccp-props=\"{&quot;335559731&quot;:708}\">\u00a0<\/span><\/p>\n<p><span data-contrast=\"auto\">Roberto Lunag\u00f3mez enfatiz\u00f3 que a la investigaci\u00f3n sobre la cultura olmeca a\u00fan le falta mucho, principalmente en torno a las din\u00e1micas de sus ocupaciones en el sur de Veracruz.<\/span><span data-ccp-props=\"{&quot;335559731&quot;:708}\">\u00a0<\/span><\/p>\n<p><span data-contrast=\"auto\">\u201cEl video pone de manifiesto la importancia de un patrimonio arqueol\u00f3gico no tradicional y da la bienvenida a su productora, Mar\u00eda Teresa Torres Chaires, a la sociedad antropol\u00f3gica\u201d, mencion\u00f3.<\/span><span data-ccp-props=\"{&quot;335559731&quot;:708}\">\u00a0<\/span><\/p>\n","protected":false},"excerpt":{"rendered":"<p>Fue coproducido por el MAX, la Facultad de Antropolog\u00eda y el Departamento de Medios Audiovisuales de la Universidad Veracruzana <\/p>\n","protected":false},"author":1775,"featured_media":134677,"comment_status":"closed","ping_status":"closed","sticky":false,"template":"","format":"standard","meta":[],"categories":[45,11,47,61],"tags":[1266,13360,3128,102,1012,4952,12851,7184,13361,2202,1138],"_links":{"self":[{"href":"https:\/\/www.uv.mx\/prensa\/wp-json\/wp\/v2\/posts\/134704"}],"collection":[{"href":"https:\/\/www.uv.mx\/prensa\/wp-json\/wp\/v2\/posts"}],"about":[{"href":"https:\/\/www.uv.mx\/prensa\/wp-json\/wp\/v2\/types\/post"}],"author":[{"embeddable":true,"href":"https:\/\/www.uv.mx\/prensa\/wp-json\/wp\/v2\/users\/1775"}],"replies":[{"embeddable":true,"href":"https:\/\/www.uv.mx\/prensa\/wp-json\/wp\/v2\/comments?post=134704"}],"version-history":[{"count":1,"href":"https:\/\/www.uv.mx\/prensa\/wp-json\/wp\/v2\/posts\/134704\/revisions"}],"predecessor-version":[{"id":135125,"href":"https:\/\/www.uv.mx\/prensa\/wp-json\/wp\/v2\/posts\/134704\/revisions\/135125"}],"wp:featuredmedia":[{"embeddable":true,"href":"https:\/\/www.uv.mx\/prensa\/wp-json\/wp\/v2\/media\/134677"}],"wp:attachment":[{"href":"https:\/\/www.uv.mx\/prensa\/wp-json\/wp\/v2\/media?parent=134704"}],"wp:term":[{"taxonomy":"category","embeddable":true,"href":"https:\/\/www.uv.mx\/prensa\/wp-json\/wp\/v2\/categories?post=134704"},{"taxonomy":"post_tag","embeddable":true,"href":"https:\/\/www.uv.mx\/prensa\/wp-json\/wp\/v2\/tags?post=134704"}],"curies":[{"name":"wp","href":"https:\/\/api.w.org\/{rel}","templated":true}]}}