{"id":13479,"date":"2016-07-08T15:03:20","date_gmt":"2016-07-08T20:03:20","guid":{"rendered":"https:\/\/www.uv.mx\/prensa\/?p=13479"},"modified":"2016-07-08T15:03:20","modified_gmt":"2016-07-08T20:03:20","slug":"egresaron-26-alumnos-de-posgrado-en-gestion-de-la-calidad","status":"publish","type":"post","link":"https:\/\/www.uv.mx\/prensa\/general\/egresaron-26-alumnos-de-posgrado-en-gestion-de-la-calidad\/","title":{"rendered":"Egresaron 26 alumnos de posgrado en Gesti\u00f3n de la Calidad"},"content":{"rendered":"<ul>\n<li><em>Cuentan con perfiles multidisciplinarios, pero tienen en com\u00fan el lenguaje de la calidad<\/em><\/li>\n<li><em>Desde 2003 se considera un posgrado profesionalizante con presencia en las cinco regiones de la UV<\/em><\/li>\n<\/ul>\n<p>&nbsp;<\/p>\n<div id=\"attachment_13493\" style=\"width: 1530px\" class=\"wp-caption aligncenter\"><a href=\"https:\/\/www.uv.mx\/prensa\/files\/2016\/07\/080716.MAESTRIA-GESTION-DE-LA-CALIDAD.FOTO-5.jpg\"><img aria-describedby=\"caption-attachment-13493\" decoding=\"async\" loading=\"lazy\" class=\"size-full wp-image-13493\" src=\"https:\/\/www.uv.mx\/prensa\/files\/2016\/07\/080716.MAESTRIA-GESTION-DE-LA-CALIDAD.FOTO-5.jpg\" alt=\"Entrega de reconocimientos de la Maestr\u00eda en Gesti\u00f3n de la Calidad \" width=\"1520\" height=\"1015\" \/><\/a><p id=\"caption-attachment-13493\" class=\"wp-caption-text\">Entrega de reconocimientos de la Maestr\u00eda en Gesti\u00f3n de la Calidad<\/p><\/div>\n<p>&nbsp;<\/p>\n<p><strong><em>Claudia Peralta V\u00e1zquez<\/em><\/strong><\/p>\n<p><strong><em>Xalapa, Ver. 08\/07\/2016.-\u00a0<\/em><\/strong>Un total de 26 estudiantes egresaron de la decimotercera generaci\u00f3n de la Maestr\u00eda en Gesti\u00f3n de la Calidad, adscrita a la Facultad de Estad\u00edstica e Inform\u00e1tica (FEI) de la Universidad Veracruzana (UV), regi\u00f3n Xalapa, posgrado que surgi\u00f3 en 2003 como respuesta a lo que el campo laboral demanda.<\/p>\n<p>En la ceremonia realizada el 8 de julio en el auditorio de la entidad acad\u00e9mica, se destac\u00f3 que a la fecha han egresado m\u00e1s de 100 alumnos de esta maestr\u00eda, que sigue siendo exitosa y pertinente con la sociedad.<\/p>\n<p>Mar\u00eda Yesenia Zavaleta S\u00e1nchez, coordinadora del posgrado, comparti\u00f3 que el prop\u00f3sito es formar profesionistas en consultor\u00eda y asesor\u00eda para la gesti\u00f3n de la calidad, con un alto nivel de liderazgo y capacidad de dise\u00f1ar, implementar, operar, evaluar y mejorar los sistemas de gesti\u00f3n de la calidad en cualquiera de las instituciones donde se desempe\u00f1en, sean p\u00fablicas o privadas.<\/p>\n<p>\u201cEs un programa de gran impacto para la sociedad, ya que siempre ha tenido una gran demanda por diferentes sectores del \u00e1rea industrial, educativa, entre otras.\u201d<\/p>\n<p>Resalt\u00f3 que se trata de una maestr\u00eda profesionalizante, con presencia en las cinco regiones de la UV; pueden ingresar alumnos con perfiles multidisciplinarios, ya que lo \u00fanico que tienen en com\u00fan es el lenguaje de la calidad.<\/p>\n<p>Dentro del \u00e1mbito laboral, los egresados pueden aplicar sus conocimientos en instituciones educativas, industrias, laboratorios, negocios particulares y en todos aquellos espacios donde se requiere dise\u00f1ar, implementar o evaluar sistemas de gesti\u00f3n de calidad para la mejora continua de los procesos.<\/p>\n<div id=\"attachment_13480\" style=\"width: 770px\" class=\"wp-caption aligncenter\"><a href=\"https:\/\/www.uv.mx\/prensa\/files\/2016\/07\/080716.MAESTRIA-GESTION-DE-LA-CALIDAD.FOTO-1.jpg\"><img aria-describedby=\"caption-attachment-13480\" decoding=\"async\" loading=\"lazy\" class=\"size-full wp-image-13480\" src=\"https:\/\/www.uv.mx\/prensa\/files\/2016\/07\/080716.MAESTRIA-GESTION-DE-LA-CALIDAD.FOTO-1.jpg\" alt=\"Mar\u00eda Yesenia Zavaleta coordina la Maestr\u00eda en Gesti\u00f3n de la Calidad\" width=\"760\" height=\"507\" srcset=\"https:\/\/www.uv.mx\/prensa\/files\/2016\/07\/080716.MAESTRIA-GESTION-DE-LA-CALIDAD.FOTO-1.jpg 760w, https:\/\/www.uv.mx\/prensa\/files\/2016\/07\/080716.MAESTRIA-GESTION-DE-LA-CALIDAD.FOTO-1-300x200.jpg 300w\" sizes=\"(max-width: 760px) 100vw, 760px\" \/><\/a><p id=\"caption-attachment-13480\" class=\"wp-caption-text\">Mar\u00eda Yesenia Zavaleta coordina la Maestr\u00eda en Gesti\u00f3n de la Calidad<\/p><\/div>\n<p>&nbsp;<\/p>\n<p>Zavaleta S\u00e1nchez se\u00f1al\u00f3 que la calidad es un tema de actualidad, en el sentido de lograr que organismos certificadores a nivel nacional e internacional avalen el trabajo de industrias o empresas para que est\u00e9n al nivel de muchas otras inmersas en el mercado.<\/p>\n<p>Coment\u00f3 que en este posgrado son pocos los alumnos con acceso a estancias acad\u00e9micas nacionales y extranjeras, toda vez que la mayor\u00eda son personas involucradas en el ambiente laboral.<\/p>\n<p>\u201cMuchas veces las instituciones los env\u00edan a formarse, a complementar sus conocimientos y competencias, con el fin de que al t\u00e9rmino las apliquen en sus respectivas \u00e1reas de trabajo.\u201d<\/p>\n<p>Agreg\u00f3 que de los 26 egresados, seis se incorporaron a la maestr\u00eda por un programa de equivalencias de estudio de la Maestr\u00eda en Calidad Total del Instituto Polit\u00e9cnico Superior de La Habana, Cuba.\u00a0Algunos otros, la cursaron mediante la modalidad virtual o presencial.<\/p>\n<p>Resalt\u00f3 que para ingresar, los interesados requieren estar titulados del nivel de licenciatura, haber obtenido un promedio m\u00ednimo de 8, tener un perfil relacionado con el \u00e1rea, ya sea de econom\u00eda, administraci\u00f3n, ingenier\u00eda u otro af\u00edn.<\/p>\n<p>Asimismo, debe desarrollar un protocolo o proyecto aplicado al lugar donde laboran y tener el aval de la instituci\u00f3n para que en su momento pueda ejercerlo.<\/p>\n<p>En el marco del evento, se reconoci\u00f3 la labor de Juli\u00e1n Felipe D\u00edaz Camacho como coordinador de la Maestr\u00eda en Gesti\u00f3n de la Calidad durante ocho a\u00f1os; adem\u00e1s, se entregaron notas laudatorias a cinco miembros de la generaci\u00f3n 2014-2016, quienes obtuvieron un alto porcentaje de aprovechamiento.<\/p>\n<div id=\"attachment_13482\" style=\"width: 1010px\" class=\"wp-caption aligncenter\"><a href=\"https:\/\/www.uv.mx\/prensa\/files\/2016\/07\/080716.MAESTRIA-GESTION-DE-LA-CALIDAD.FOTO-2.jpg\"><img aria-describedby=\"caption-attachment-13482\" decoding=\"async\" loading=\"lazy\" class=\"size-full wp-image-13482\" src=\"https:\/\/www.uv.mx\/prensa\/files\/2016\/07\/080716.MAESTRIA-GESTION-DE-LA-CALIDAD.FOTO-2.jpg\" alt=\"Ram\u00f3n Mu\u00f1oz Nieto\" width=\"1000\" height=\"667\" srcset=\"https:\/\/www.uv.mx\/prensa\/files\/2016\/07\/080716.MAESTRIA-GESTION-DE-LA-CALIDAD.FOTO-2.jpg 1000w, https:\/\/www.uv.mx\/prensa\/files\/2016\/07\/080716.MAESTRIA-GESTION-DE-LA-CALIDAD.FOTO-2-300x200.jpg 300w, https:\/\/www.uv.mx\/prensa\/files\/2016\/07\/080716.MAESTRIA-GESTION-DE-LA-CALIDAD.FOTO-2-768x512.jpg 768w\" sizes=\"(max-width: 1000px) 100vw, 1000px\" \/><\/a><p id=\"caption-attachment-13482\" class=\"wp-caption-text\">Ram\u00f3n Mu\u00f1oz Nieto<\/p><\/div>\n<p>&nbsp;<\/p>\n<p>Uno de ellos es Ram\u00f3n Mu\u00f1oz Nieto, ingeniero qu\u00edmico que decidi\u00f3 incursionar en la maestr\u00eda porque en su campo laboral la calidad es primordial, \u201cest\u00e1 incluida en nuestra propia vida, si somos personas de calidad tendremos \u00e9xito\u201d.<\/p>\n<p>Dio a conocer que su proyecto consisti\u00f3 en desarrollar un sistema de gesti\u00f3n y an\u00e1lisis preliminar a favor de una empresa particular con presencia en los estados de Tabasco y Veracruz.<\/p>\n<p>Destac\u00f3 que su intenci\u00f3n es contribuir a ampliar el sistema de gesti\u00f3n de calidad en todos los \u00e1mbitos, desde la ingenier\u00eda y en cualquier otra \u00e1rea.<\/p>\n<div id=\"attachment_13483\" style=\"width: 1010px\" class=\"wp-caption aligncenter\"><a href=\"https:\/\/www.uv.mx\/prensa\/files\/2016\/07\/080716.MAESTRIA-GESTION-DE-LA-CALIDAD.FOTO-3.jpg\"><img aria-describedby=\"caption-attachment-13483\" decoding=\"async\" loading=\"lazy\" class=\"size-full wp-image-13483\" src=\"https:\/\/www.uv.mx\/prensa\/files\/2016\/07\/080716.MAESTRIA-GESTION-DE-LA-CALIDAD.FOTO-3.jpg\" alt=\"Jos\u00e9 Manuel de Jes\u00fas Mu\u00f1iz Z\u00e1rate\" width=\"1000\" height=\"667\" srcset=\"https:\/\/www.uv.mx\/prensa\/files\/2016\/07\/080716.MAESTRIA-GESTION-DE-LA-CALIDAD.FOTO-3.jpg 1000w, https:\/\/www.uv.mx\/prensa\/files\/2016\/07\/080716.MAESTRIA-GESTION-DE-LA-CALIDAD.FOTO-3-300x200.jpg 300w, https:\/\/www.uv.mx\/prensa\/files\/2016\/07\/080716.MAESTRIA-GESTION-DE-LA-CALIDAD.FOTO-3-768x512.jpg 768w\" sizes=\"(max-width: 1000px) 100vw, 1000px\" \/><\/a><p id=\"caption-attachment-13483\" class=\"wp-caption-text\">Jos\u00e9 Manuel de Jes\u00fas Mu\u00f1iz Z\u00e1rate<\/p><\/div>\n<p>&nbsp;<\/p>\n<p>Otro de los egresados es Jos\u00e9 Manuel de Jes\u00fas Mu\u00f1iz Z\u00e1rate, quien curs\u00f3 la Licenciatura en Contadur\u00eda P\u00fablica en la Universidad Hispanoamericana. El posgrado llam\u00f3 su atenci\u00f3n porque desea aplicar el concepto de calidad a un despacho contable, principalmente en los procesos de atenci\u00f3n al cliente y toma de decisiones.<\/p>\n<p>Por su parte, X\u00f3chitl Hern\u00e1ndez Torres, acad\u00e9mica de la Maestr\u00eda en Gesti\u00f3n de la Calidad, quien adem\u00e1s es miembro de una de las primeras generaciones, enfatiz\u00f3 que este curso le ampli\u00f3 el conocimiento respecto a que no s\u00f3lo existe un tipo de norma, sino que este \u00e1mbito puede ser desarrollado en la gesti\u00f3n p\u00fablica, privada, o en las Organizaciones No Gubernamentales (ONG).<\/p>\n<p>\u201cNos da la oportunidad de ser profesionalizantes, de ampliar las competencias en nuestra entidad u organizaci\u00f3n, tener m\u00e1s posibilidades de trabajo en cualquier sector, como un consultor externo o implementador de sistemas.\u201d<\/p>\n<p>Asimismo, permite enfocarse hacia el \u00e1rea acad\u00e9mica, con el prop\u00f3sito de proponer nuevos planes de estudio, incitar a los alumnos a que en la vida real cuenten con las actualizaciones necesarias y conozcan m\u00e1s all\u00e1 de lo que la misma maestr\u00eda les ofrece, dijo.<\/p>\n<div id=\"attachment_13485\" style=\"width: 1050px\" class=\"wp-caption aligncenter\"><a href=\"https:\/\/www.uv.mx\/prensa\/files\/2016\/07\/080716.MAESTRIA-GESTION-DE-LA-CALIDAD.FOTO-4.jpg\"><img aria-describedby=\"caption-attachment-13485\" decoding=\"async\" loading=\"lazy\" class=\"size-full wp-image-13485\" src=\"https:\/\/www.uv.mx\/prensa\/files\/2016\/07\/080716.MAESTRIA-GESTION-DE-LA-CALIDAD.FOTO-4.jpg\" alt=\"X\u00f3chitl Hern\u00e1ndez Torres, acad\u00e9mica de la Maestr\u00eda en Gesti\u00f3n de la Calidad\" width=\"1040\" height=\"693\" srcset=\"https:\/\/www.uv.mx\/prensa\/files\/2016\/07\/080716.MAESTRIA-GESTION-DE-LA-CALIDAD.FOTO-4.jpg 1040w, https:\/\/www.uv.mx\/prensa\/files\/2016\/07\/080716.MAESTRIA-GESTION-DE-LA-CALIDAD.FOTO-4-300x200.jpg 300w, https:\/\/www.uv.mx\/prensa\/files\/2016\/07\/080716.MAESTRIA-GESTION-DE-LA-CALIDAD.FOTO-4-768x512.jpg 768w, https:\/\/www.uv.mx\/prensa\/files\/2016\/07\/080716.MAESTRIA-GESTION-DE-LA-CALIDAD.FOTO-4-1024x682.jpg 1024w\" sizes=\"(max-width: 1040px) 100vw, 1040px\" \/><\/a><p id=\"caption-attachment-13485\" class=\"wp-caption-text\">X\u00f3chitl Hern\u00e1ndez Torres, acad\u00e9mica de la Maestr\u00eda en Gesti\u00f3n de la Calidad<\/p><\/div>\n<p>&nbsp;<\/p>\n<p>Presenciaron este acto: Mar\u00eda Dolores Vargas Cerd\u00e1n, secretar\u00eda de la FEI; Graciela de los \u00c1ngeles Figueroa L\u00f3pez, coordinadora acad\u00e9mica de Planes y Actividades Estudiantiles del \u00c1rea Acad\u00e9mica Econ\u00f3mico-Administrativa, y Marcela Z\u00fa\u00f1iga Ortega, coordinadora acad\u00e9mica de la Maestr\u00eda en Gesti\u00f3n de la Calidad.<\/p>\n","protected":false},"excerpt":{"rendered":"<p>Cuentan con perfiles multidisciplinarios, pero tienen en com\u00fan el lenguaje de la calidad Desde 2003 se considera un posgrado profesionalizante con presencia en las cinco regiones de la UV &nbsp; &nbsp; Claudia [&hellip;]<\/p>\n","protected":false},"author":1777,"featured_media":13497,"comment_status":"closed","ping_status":"closed","sticky":false,"template":"","format":"standard","meta":[],"categories":[1],"tags":[3],"_links":{"self":[{"href":"https:\/\/www.uv.mx\/prensa\/wp-json\/wp\/v2\/posts\/13479"}],"collection":[{"href":"https:\/\/www.uv.mx\/prensa\/wp-json\/wp\/v2\/posts"}],"about":[{"href":"https:\/\/www.uv.mx\/prensa\/wp-json\/wp\/v2\/types\/post"}],"author":[{"embeddable":true,"href":"https:\/\/www.uv.mx\/prensa\/wp-json\/wp\/v2\/users\/1777"}],"replies":[{"embeddable":true,"href":"https:\/\/www.uv.mx\/prensa\/wp-json\/wp\/v2\/comments?post=13479"}],"version-history":[{"count":0,"href":"https:\/\/www.uv.mx\/prensa\/wp-json\/wp\/v2\/posts\/13479\/revisions"}],"wp:featuredmedia":[{"embeddable":true,"href":"https:\/\/www.uv.mx\/prensa\/wp-json\/wp\/v2\/media\/13497"}],"wp:attachment":[{"href":"https:\/\/www.uv.mx\/prensa\/wp-json\/wp\/v2\/media?parent=13479"}],"wp:term":[{"taxonomy":"category","embeddable":true,"href":"https:\/\/www.uv.mx\/prensa\/wp-json\/wp\/v2\/categories?post=13479"},{"taxonomy":"post_tag","embeddable":true,"href":"https:\/\/www.uv.mx\/prensa\/wp-json\/wp\/v2\/tags?post=13479"}],"curies":[{"name":"wp","href":"https:\/\/api.w.org\/{rel}","templated":true}]}}