{"id":134935,"date":"2023-09-20T13:33:33","date_gmt":"2023-09-20T18:33:33","guid":{"rendered":"https:\/\/www.uv.mx\/prensa\/?p=134935"},"modified":"2023-09-22T14:59:53","modified_gmt":"2023-09-22T19:59:53","slug":"egresado-uv-continua-su-formacion-profesional-en-china","status":"publish","type":"post","link":"https:\/\/www.uv.mx\/prensa\/banner\/egresado-uv-continua-su-formacion-profesional-en-china\/","title":{"rendered":"Egresado UV contin\u00faa su formaci\u00f3n profesional en China"},"content":{"rendered":"<ul>\n<li data-leveltext=\"\uf0b7\" data-font=\"Symbol\" data-listid=\"1\" data-list-defn-props=\"{&quot;335552541&quot;:1,&quot;335559684&quot;:-2,&quot;335559685&quot;:720,&quot;335559991&quot;:360,&quot;469769226&quot;:&quot;Symbol&quot;,&quot;469769242&quot;:[8226],&quot;469777803&quot;:&quot;left&quot;,&quot;469777804&quot;:&quot;\uf0b7&quot;,&quot;469777815&quot;:&quot;hybridMultilevel&quot;}\" data-aria-posinset=\"1\" data-aria-level=\"1\"><i><span data-contrast=\"auto\">Jes\u00fas Araujo Viznado cursa la Maestr\u00eda en Derecho Chino en la Universidad de Pek\u00edn<\/span><\/i><span data-ccp-props=\"{}\">\u00a0<\/span><\/li>\n<li data-leveltext=\"\uf0b7\" data-font=\"Symbol\" data-listid=\"1\" data-list-defn-props=\"{&quot;335552541&quot;:1,&quot;335559684&quot;:-2,&quot;335559685&quot;:720,&quot;335559991&quot;:360,&quot;469769226&quot;:&quot;Symbol&quot;,&quot;469769242&quot;:[8226],&quot;469777803&quot;:&quot;left&quot;,&quot;469777804&quot;:&quot;\uf0b7&quot;,&quot;469777815&quot;:&quot;hybridMultilevel&quot;}\" data-aria-posinset=\"2\" data-aria-level=\"1\"><i><span data-contrast=\"auto\">Es originario de Poza Rica y curs\u00f3 en la UV el programa educativo de Licenciatura en Derecho en la regi\u00f3n Xalapa<\/span><\/i><span data-ccp-props=\"{}\">\u00a0<\/span><\/li>\n<\/ul>\n<p><span data-ccp-props=\"{}\">\u00a0<\/span><\/p>\n<div id=\"attachment_134938\" style=\"width: 732px\" class=\"wp-caption aligncenter\"><img aria-describedby=\"caption-attachment-134938\" decoding=\"async\" loading=\"lazy\" class=\"size-full wp-image-134938\" src=\"https:\/\/www.uv.mx\/prensa\/files\/2023\/09\/200923-PAOLA-Derecho-chino-1.jpg\" alt=\"Jes\u00fas Araujo Viznado durante su bienvenida en la Universidad de Pek\u00edn\" width=\"722\" height=\"722\" srcset=\"https:\/\/www.uv.mx\/prensa\/files\/2023\/09\/200923-PAOLA-Derecho-chino-1.jpg 722w, https:\/\/www.uv.mx\/prensa\/files\/2023\/09\/200923-PAOLA-Derecho-chino-1-300x300.jpg 300w, https:\/\/www.uv.mx\/prensa\/files\/2023\/09\/200923-PAOLA-Derecho-chino-1-150x150.jpg 150w, https:\/\/www.uv.mx\/prensa\/files\/2023\/09\/200923-PAOLA-Derecho-chino-1-120x120.jpg 120w, https:\/\/www.uv.mx\/prensa\/files\/2023\/09\/200923-PAOLA-Derecho-chino-1-360x360.jpg 360w\" sizes=\"(max-width: 722px) 100vw, 722px\" \/><p id=\"caption-attachment-134938\" class=\"wp-caption-text\">Jes\u00fas Araujo Viznado durante su bienvenida en la Universidad de Pek\u00edn<\/p><\/div>\n<p><span data-ccp-props=\"{}\">\u00a0<\/span><\/p>\n<p><b><i><span data-contrast=\"auto\">Paola Cort\u00e9s P\u00e9rez<\/span><\/i><\/b><span data-ccp-props=\"{}\">\u00a0<\/span><\/p>\n<p><b><i><span data-contrast=\"auto\">Fotos: Cortes\u00eda Jes\u00fas Araujo Viznado<\/span><\/i><\/b><span data-ccp-props=\"{}\">\u00a0<\/span><\/p>\n<p><b><i><span data-contrast=\"auto\">20\/09\/2023, Xalapa, Ver.-<\/span><\/i><\/b><span data-contrast=\"auto\"> Jes\u00fas Araujo Viznado, egresado de la <a href=\"https:\/\/www.uv.mx\/derecho\/\" target=\"_blank\" rel=\"noopener\">Facultad de Derecho<\/a> de la Universidad Veracruzana (UV), inici\u00f3 sus estudios de Maestr\u00eda en Derecho Chino en la Universidad de Pek\u00edn, China, ya que tiene inter\u00e9s en la relaci\u00f3n comercial entre M\u00e9xico y el pa\u00eds oriental.<\/span><span data-ccp-props=\"{}\">\u00a0<\/span><\/p>\n<p><span data-contrast=\"auto\">Jes\u00fas es originario de Poza Rica y desde ni\u00f1o mostr\u00f3 un gusto por estudiar dicha disciplina, ya que conoci\u00f3 y convivi\u00f3 con abogados y maestros, por lo que estaba indeciso entre cursar Pedagog\u00eda o Derecho, pero se decidi\u00f3 por esta \u00faltima.<\/span><span data-ccp-props=\"{&quot;335559731&quot;:708}\">\u00a0<\/span><\/p>\n<p><span data-contrast=\"auto\">Pese a que fue placentero su paso por la UV, reconoci\u00f3 la dificultad de estudiar en plena pandemia y de ello aprendi\u00f3 a ser constante ante la adversidad, esto lo llev\u00f3 a tener la oportunidad de estudiar un posgrado en China.<\/span><span data-ccp-props=\"{&quot;335559731&quot;:708}\">\u00a0<\/span><\/p>\n<p><span data-contrast=\"auto\">\u201cDurante un evento hab\u00eda un <\/span><i><span data-contrast=\"auto\">stand<\/span><\/i><span data-contrast=\"auto\"> de estudios en el pa\u00eds asi\u00e1tico y a partir de ah\u00ed mi inter\u00e9s creci\u00f3 de forma descomunal, al grado de entender la importancia de esta naci\u00f3n en el mundo y con M\u00e9xico.<\/span><\/p>\n<p>&nbsp;<\/p>\n<div id=\"attachment_134939\" style=\"width: 732px\" class=\"wp-caption aligncenter\"><img aria-describedby=\"caption-attachment-134939\" decoding=\"async\" loading=\"lazy\" class=\"size-full wp-image-134939\" src=\"https:\/\/www.uv.mx\/prensa\/files\/2023\/09\/200923-PAOLA-Derecho-chino-2.jpg\" alt=\"Jes\u00fas Araujo (esquina izquierda) junto con sus compa\u00f1eros universitarios\" width=\"722\" height=\"722\" srcset=\"https:\/\/www.uv.mx\/prensa\/files\/2023\/09\/200923-PAOLA-Derecho-chino-2.jpg 722w, https:\/\/www.uv.mx\/prensa\/files\/2023\/09\/200923-PAOLA-Derecho-chino-2-300x300.jpg 300w, https:\/\/www.uv.mx\/prensa\/files\/2023\/09\/200923-PAOLA-Derecho-chino-2-150x150.jpg 150w, https:\/\/www.uv.mx\/prensa\/files\/2023\/09\/200923-PAOLA-Derecho-chino-2-120x120.jpg 120w, https:\/\/www.uv.mx\/prensa\/files\/2023\/09\/200923-PAOLA-Derecho-chino-2-360x360.jpg 360w\" sizes=\"(max-width: 722px) 100vw, 722px\" \/><p id=\"caption-attachment-134939\" class=\"wp-caption-text\">Jes\u00fas Araujo (esquina izquierda) junto con sus compa\u00f1eros universitarios<\/p><\/div>\n<p><span data-ccp-props=\"{&quot;335559731&quot;:708}\">\u00a0<\/span><\/p>\n<p><span data-contrast=\"auto\">\u201dEmpec\u00e9 a tratar de guiar mi carrera hacia las relaciones comerciales y el derecho internacional, movido por el inter\u00e9s en las problem\u00e1ticas entre M\u00e9xico y China derivadas del decreto entre los Estados Unidos Mexicanos, Estados Unidos de Am\u00e9rica y Canad\u00e1.\u201d<\/span><span data-ccp-props=\"{&quot;335559731&quot;:708}\">\u00a0<\/span><\/p>\n<p><span data-contrast=\"auto\">Con respecto a su experiencia en el posgrado, Jes\u00fas Araujo cont\u00f3 que uno de los mayores obst\u00e1culos fue el proceso administrativo para cumplir con los requisitos (ex\u00e1menes f\u00edsico y educativo, los cuales tuvo que traducir) y documentaci\u00f3n, as\u00ed como buscar un programa de becas, fue as\u00ed que obtuvo una por parte del gobierno chino.<\/span><span data-ccp-props=\"{&quot;335559731&quot;:708}\">\u00a0<\/span><\/p>\n<p><span data-contrast=\"auto\">Observ\u00f3 que el vivir en el extranjero ha sido un gran cambio, por ejemplo, tomar sus clases completamente en ingl\u00e9s.<\/span><span data-ccp-props=\"{&quot;335559731&quot;:708}\">\u00a0<\/span><\/p>\n<p><span data-contrast=\"auto\">Sobre las expectativas que tiene en la Maestr\u00eda en Derecho Chino, comparti\u00f3: \u201cMe ayudar\u00e1 a comprender su sistema jur\u00eddico e identificar las compatibilidades con el mexicano, ya que mi intenci\u00f3n es convertirme en un puente entre ambos pa\u00edses para mejorar la relaci\u00f3n comercial al trabajar para la iniciativa privada y\/o el sector gubernamental\u201d.<\/span><span data-ccp-props=\"{&quot;335559731&quot;:708}\">\u00a0<\/span><\/p>\n<p><span data-contrast=\"auto\">El egresado de la UV opin\u00f3 que realizar una estancia o estudiar un posgrado en el extranjero alimenta y fortalece las relaciones entre los pa\u00edses a trav\u00e9s de sus estudiantes.<\/span><span data-ccp-props=\"{&quot;335559731&quot;:708}\">\u00a0<\/span><\/p>\n<p><span data-ccp-props=\"{}\">\u00a0<\/span><\/p>\n<div id=\"attachment_134940\" style=\"width: 732px\" class=\"wp-caption aligncenter\"><img aria-describedby=\"caption-attachment-134940\" decoding=\"async\" loading=\"lazy\" class=\"size-full wp-image-134940\" src=\"https:\/\/www.uv.mx\/prensa\/files\/2023\/09\/200923-PAOLA-Derecho-chino-3.jpg\" alt=\"Estudia la Maestr\u00eda en Derecho Chino en la Universidad de Pek\u00edn\u00a0\" width=\"722\" height=\"963\" srcset=\"https:\/\/www.uv.mx\/prensa\/files\/2023\/09\/200923-PAOLA-Derecho-chino-3.jpg 722w, https:\/\/www.uv.mx\/prensa\/files\/2023\/09\/200923-PAOLA-Derecho-chino-3-225x300.jpg 225w\" sizes=\"(max-width: 722px) 100vw, 722px\" \/><p id=\"caption-attachment-134940\" class=\"wp-caption-text\">Estudia la Maestr\u00eda en Derecho Chino en la Universidad de Pek\u00edn<\/p><\/div>\n","protected":false},"excerpt":{"rendered":"<p>Jes\u00fas Araujo comparti\u00f3 que decidi\u00f3 cursar la Maestr\u00eda en Derecho Chino por su inter\u00e9s en las diplomacias comerciales y el derecho internacional, especialmente en la relaci\u00f3n entre M\u00e9xico y el pa\u00eds asi\u00e1tico<\/p>\n","protected":false},"author":1869,"featured_media":134942,"comment_status":"closed","ping_status":"closed","sticky":false,"template":"","format":"standard","meta":[],"categories":[8455,61],"tags":[613,11200,13475,524,13473,13476,358,83,13477,13474],"_links":{"self":[{"href":"https:\/\/www.uv.mx\/prensa\/wp-json\/wp\/v2\/posts\/134935"}],"collection":[{"href":"https:\/\/www.uv.mx\/prensa\/wp-json\/wp\/v2\/posts"}],"about":[{"href":"https:\/\/www.uv.mx\/prensa\/wp-json\/wp\/v2\/types\/post"}],"author":[{"embeddable":true,"href":"https:\/\/www.uv.mx\/prensa\/wp-json\/wp\/v2\/users\/1869"}],"replies":[{"embeddable":true,"href":"https:\/\/www.uv.mx\/prensa\/wp-json\/wp\/v2\/comments?post=134935"}],"version-history":[{"count":1,"href":"https:\/\/www.uv.mx\/prensa\/wp-json\/wp\/v2\/posts\/134935\/revisions"}],"predecessor-version":[{"id":135029,"href":"https:\/\/www.uv.mx\/prensa\/wp-json\/wp\/v2\/posts\/134935\/revisions\/135029"}],"wp:featuredmedia":[{"embeddable":true,"href":"https:\/\/www.uv.mx\/prensa\/wp-json\/wp\/v2\/media\/134942"}],"wp:attachment":[{"href":"https:\/\/www.uv.mx\/prensa\/wp-json\/wp\/v2\/media?parent=134935"}],"wp:term":[{"taxonomy":"category","embeddable":true,"href":"https:\/\/www.uv.mx\/prensa\/wp-json\/wp\/v2\/categories?post=134935"},{"taxonomy":"post_tag","embeddable":true,"href":"https:\/\/www.uv.mx\/prensa\/wp-json\/wp\/v2\/tags?post=134935"}],"curies":[{"name":"wp","href":"https:\/\/api.w.org\/{rel}","templated":true}]}}