{"id":135002,"date":"2023-09-21T17:05:54","date_gmt":"2023-09-21T22:05:54","guid":{"rendered":"https:\/\/www.uv.mx\/prensa\/?p=135002"},"modified":"2023-09-25T23:49:15","modified_gmt":"2023-09-26T04:49:15","slug":"uv-participa-en-cuarto-foro-de-rectores-mexico-china","status":"publish","type":"post","link":"https:\/\/www.uv.mx\/prensa\/banner\/uv-participa-en-cuarto-foro-de-rectores-mexico-china\/","title":{"rendered":"UV participa en Cuarto Foro de Rectores M\u00e9xico-China"},"content":{"rendered":"<ul>\n<li data-leveltext=\"\uf0b7\" data-font=\"Symbol\" data-listid=\"2\" data-list-defn-props=\"{&quot;335552541&quot;:1,&quot;335559684&quot;:-2,&quot;335559685&quot;:720,&quot;335559991&quot;:360,&quot;469769226&quot;:&quot;Symbol&quot;,&quot;469769242&quot;:[8226],&quot;469777803&quot;:&quot;left&quot;,&quot;469777804&quot;:&quot;\uf0b7&quot;,&quot;469777815&quot;:&quot;hybridMultilevel&quot;}\" data-aria-posinset=\"1\" data-aria-level=\"1\"><i><span data-contrast=\"auto\">Mart\u00edn Aguilar S\u00e1nchez imparti\u00f3 conferencia sobre el proyecto del Corredor Interoce\u00e1nico del Istmo de Tehuantepec<\/span><\/i><span data-ccp-props=\"{&quot;134233117&quot;:false,&quot;134233118&quot;:false,&quot;201341983&quot;:0,&quot;335559738&quot;:0,&quot;335559739&quot;:0,&quot;335559740&quot;:240}\">\u00a0<\/span><\/li>\n<li data-leveltext=\"\uf0b7\" data-font=\"Symbol\" data-listid=\"2\" data-list-defn-props=\"{&quot;335552541&quot;:1,&quot;335559684&quot;:-2,&quot;335559685&quot;:720,&quot;335559991&quot;:360,&quot;469769226&quot;:&quot;Symbol&quot;,&quot;469769242&quot;:[8226],&quot;469777803&quot;:&quot;left&quot;,&quot;469777804&quot;:&quot;\uf0b7&quot;,&quot;469777815&quot;:&quot;hybridMultilevel&quot;}\" data-aria-posinset=\"2\" data-aria-level=\"1\"><i><span data-contrast=\"auto\">En panel con rectores de ambas naciones abord\u00f3 los convenios de la instituci\u00f3n con universidades chinas, as\u00ed como la importancia del aprendizaje del espa\u00f1ol y el chino<\/span><\/i><span data-ccp-props=\"{&quot;134233117&quot;:false,&quot;134233118&quot;:false,&quot;201341983&quot;:0,&quot;335559738&quot;:0,&quot;335559739&quot;:0,&quot;335559740&quot;:240}\">\u00a0<\/span><\/li>\n<\/ul>\n<p><span data-ccp-props=\"{&quot;134233117&quot;:false,&quot;134233118&quot;:false,&quot;201341983&quot;:0,&quot;335559738&quot;:0,&quot;335559739&quot;:0,&quot;335559740&quot;:240}\">\u00a0<\/span><\/p>\n<div id=\"attachment_134991\" style=\"width: 732px\" class=\"wp-caption aligncenter\"><img aria-describedby=\"caption-attachment-134991\" decoding=\"async\" loading=\"lazy\" class=\"size-full wp-image-134991\" src=\"https:\/\/www.uv.mx\/prensa\/files\/2023\/09\/Rector-UV-en-China-4.jpg\" alt=\"\" width=\"722\" height=\"481\" srcset=\"https:\/\/www.uv.mx\/prensa\/files\/2023\/09\/Rector-UV-en-China-4.jpg 722w, https:\/\/www.uv.mx\/prensa\/files\/2023\/09\/Rector-UV-en-China-4-300x200.jpg 300w\" sizes=\"(max-width: 722px) 100vw, 722px\" \/><p id=\"caption-attachment-134991\" class=\"wp-caption-text\"><span class=\"TextRun SCXW107189567 BCX0\" lang=\"ES\" xml:lang=\"ES\" data-contrast=\"auto\"><span class=\"NormalTextRun SCXW107189567 BCX0\">Mart\u00edn Aguilar, rector de la UV, imparti\u00f3 conferencia en el Cuarto Foro de Rectores M\u00e9xico-China, celebrado en Pek\u00edn<\/span><\/span><\/p><\/div>\n<p>&nbsp;<\/p>\n<p><b><i><span data-contrast=\"auto\">Redacci\u00f3n Universo<\/span><\/i><\/b><span data-ccp-props=\"{&quot;134233117&quot;:false,&quot;134233118&quot;:false,&quot;201341983&quot;:0,&quot;335559738&quot;:0,&quot;335559739&quot;:0,&quot;335559740&quot;:240}\">\u00a0<\/span><\/p>\n<p><b><i><span data-contrast=\"auto\">21\/09\/2023, Pek\u00edn, China.- <\/span><\/i><\/b><span data-contrast=\"auto\">En el Cuarto Foro de Rectores M\u00e9xico-China, Mart\u00edn Aguilar S\u00e1nchez, rector de la <a href=\"https:\/\/www.uv.mx\/\" target=\"_blank\" rel=\"noopener\">Universidad Veracruzana<\/a> (UV), dict\u00f3 la conferencia magistral \u201cEntre costas y durmientes: la comunicaci\u00f3n interoce\u00e1nica en el Istmo de Tehuantepec, M\u00e9xico\u201d, en la cual destac\u00f3 la importancia de la ic\u00f3nica regi\u00f3n geogr\u00e1fica para el intercambio internacional.<\/span><span data-ccp-props=\"{&quot;134233117&quot;:false,&quot;134233118&quot;:false,&quot;201341983&quot;:0,&quot;335559738&quot;:0,&quot;335559739&quot;:0,&quot;335559740&quot;:240}\">\u00a0<\/span><\/p>\n<p><span data-contrast=\"auto\">El Rector dijo que el Istmo de Tehuantepec es un punto de conexi\u00f3n clave entre el Golfo de M\u00e9xico y el Oc\u00e9ano Pac\u00edfico; tambi\u00e9n expuso sobre los desaf\u00edos y oportunidades asociados con la comunicaci\u00f3n interoce\u00e1nica en esta regi\u00f3n.<\/span><span data-ccp-props=\"{&quot;134233117&quot;:false,&quot;134233118&quot;:false,&quot;201341983&quot;:0,&quot;335559731&quot;:705,&quot;335559738&quot;:0,&quot;335559739&quot;:0,&quot;335559740&quot;:240}\">\u00a0<\/span><\/p>\n<p><span data-contrast=\"auto\">Asimismo, se\u00f1al\u00f3 que el proyecto del Corredor Interoce\u00e1nico del Istmo de Tehuantepec tiene un gran potencial para fortalecer la cooperaci\u00f3n econ\u00f3mica y comercial entre M\u00e9xico y China.<\/span><span data-ccp-props=\"{&quot;134233117&quot;:false,&quot;134233118&quot;:false,&quot;201341983&quot;:0,&quot;335559731&quot;:705,&quot;335559738&quot;:0,&quot;335559739&quot;:0,&quot;335559740&quot;:240}\">\u00a0<\/span><\/p>\n<p>&nbsp;<\/p>\n<div id=\"attachment_134989\" style=\"width: 732px\" class=\"wp-caption aligncenter\"><a href=\"https:\/\/www.uv.mx\/prensa\/files\/2023\/09\/Rector-UV-en-China-2.jpg\"><img aria-describedby=\"caption-attachment-134989\" decoding=\"async\" loading=\"lazy\" class=\"size-full wp-image-134989\" src=\"https:\/\/www.uv.mx\/prensa\/files\/2023\/09\/Rector-UV-en-China-2.jpg\" alt=\"\" width=\"722\" height=\"1084\" srcset=\"https:\/\/www.uv.mx\/prensa\/files\/2023\/09\/Rector-UV-en-China-2.jpg 722w, https:\/\/www.uv.mx\/prensa\/files\/2023\/09\/Rector-UV-en-China-2-200x300.jpg 200w, https:\/\/www.uv.mx\/prensa\/files\/2023\/09\/Rector-UV-en-China-2-682x1024.jpg 682w\" sizes=\"(max-width: 722px) 100vw, 722px\" \/><\/a><p id=\"caption-attachment-134989\" class=\"wp-caption-text\">En su participaci\u00f3n, el Rector enfatiz\u00f3 la importancia del proyecto comunicaci\u00f3n interoce\u00e1nica en el Istmo de Tehuantepec<\/p><\/div>\n<p>&nbsp;<\/p>\n<p><span data-contrast=\"auto\">Aguilar S\u00e1nchez participa en el Cuarto Foro de Rectores M\u00e9xico-China, que tiene lugar en el Landmark Convention Center de Pek\u00edn. Este evento ha sido una plataforma para el intercambio de ideas y la colaboraci\u00f3n entre rectores y acad\u00e9micos de las instituciones de educaci\u00f3n superior de M\u00e9xico y China.<\/span><span data-ccp-props=\"{&quot;134233117&quot;:false,&quot;134233118&quot;:false,&quot;201341983&quot;:0,&quot;335559731&quot;:705,&quot;335559738&quot;:0,&quot;335559739&quot;:0,&quot;335559740&quot;:240}\">\u00a0<\/span><\/p>\n<p><span data-contrast=\"auto\">En la edici\u00f3n actual participan 37 miembros de la delegaci\u00f3n mexicana, presidida por Luciano Concheiro B\u00f3rquez, subsecretario de Educaci\u00f3n Superior de la Secretar\u00eda de Educaci\u00f3n P\u00fablica (SEP), y Luis Armando Gonz\u00e1lez Placencia, secretario general Ejecutivo de la Asociaci\u00f3n Nacional de Universidades e Instituciones de Educaci\u00f3n Superior (ANUIES); por la delegaci\u00f3n anfitriona se cuenta con la presencia de 48 participantes.<\/span><span data-ccp-props=\"{&quot;134233117&quot;:false,&quot;134233118&quot;:false,&quot;201341983&quot;:0,&quot;335559731&quot;:705,&quot;335559738&quot;:0,&quot;335559739&quot;:0,&quot;335559740&quot;:240}\">\u00a0<\/span><\/p>\n<p><span data-contrast=\"auto\">En el foro se abordan temas cruciales en la cooperaci\u00f3n educativa entre ambos pa\u00edses como \u201cMovilidad de estudiantes y profesores\u201d, \u201cCooperaci\u00f3n cient\u00edfica\u201d y \u201cDigitalizaci\u00f3n de la educaci\u00f3n superior\u201d.<\/span><span data-ccp-props=\"{&quot;134233117&quot;:false,&quot;134233118&quot;:false,&quot;201341983&quot;:0,&quot;335559731&quot;:705,&quot;335559738&quot;:0,&quot;335559739&quot;:0,&quot;335559740&quot;:240}\">\u00a0<\/span><\/p>\n<p>&nbsp;<\/p>\n<div id=\"attachment_134988\" style=\"width: 732px\" class=\"wp-caption aligncenter\"><img aria-describedby=\"caption-attachment-134988\" decoding=\"async\" loading=\"lazy\" class=\"size-full wp-image-134988\" src=\"https:\/\/www.uv.mx\/prensa\/files\/2023\/09\/Rector-UV-en-China-1.jpg\" alt=\"\" width=\"722\" height=\"481\" srcset=\"https:\/\/www.uv.mx\/prensa\/files\/2023\/09\/Rector-UV-en-China-1.jpg 722w, https:\/\/www.uv.mx\/prensa\/files\/2023\/09\/Rector-UV-en-China-1-300x200.jpg 300w\" sizes=\"(max-width: 722px) 100vw, 722px\" \/><p id=\"caption-attachment-134988\" class=\"wp-caption-text\"><span class=\"TextRun SCXW93266986 BCX0\" lang=\"ES\" xml:lang=\"ES\" data-contrast=\"auto\"><span class=\"NormalTextRun SCXW93266986 BCX0\">Mart\u00edn Aguilar comparti\u00f3 en un panel con rectores de ambas naciones los programas de intercambio de la UV con instituciones chinas<\/span><\/span><\/p><\/div>\n<p>&nbsp;<\/p>\n<p><span data-contrast=\"auto\">Mart\u00edn Aguilar tambi\u00e9n particip\u00f3 con una ponencia en el panel \u201cMovilidad de estudiantes y profesores\u201d, abordando tem\u00e1ticas sobre la ense\u00f1anza y el aprendizaje del espa\u00f1ol y el chino, adem\u00e1s de los programas de intercambio vigentes de la UV con universidades chinas.<\/span><span data-ccp-props=\"{&quot;134233117&quot;:false,&quot;134233118&quot;:false,&quot;201341983&quot;:0,&quot;335559731&quot;:705,&quot;335559738&quot;:0,&quot;335559739&quot;:0,&quot;335559740&quot;:240}\">\u00a0<\/span><\/p>\n<p><span data-contrast=\"auto\">Por su parte, el Secretario General Ejecutivo de la ANUIES refiri\u00f3 que, desde hace a\u00f1os, algunas universidades de M\u00e9xico colaboran con instituciones chinas, destacando el papel de la m\u00e1xima casa de estudios de Veracruz.<\/span><span data-ccp-props=\"{&quot;134233117&quot;:false,&quot;134233118&quot;:false,&quot;201341983&quot;:0,&quot;335559731&quot;:705,&quot;335559738&quot;:0,&quot;335559739&quot;:0,&quot;335559740&quot;:240}\">\u00a0<\/span><\/p>\n<p><span data-contrast=\"auto\">Luciano Concheiro, imparti\u00f3 la conferencia de apertura bajo el t\u00edtulo \u201cConstruyendo puentes: explorando los sistemas de educaci\u00f3n superior de M\u00e9xico y China y sus estrategias de internacionalizaci\u00f3n\u201d.<\/span><span data-ccp-props=\"{&quot;134233117&quot;:false,&quot;134233118&quot;:false,&quot;201341983&quot;:0,&quot;335559731&quot;:705,&quot;335559738&quot;:0,&quot;335559739&quot;:0,&quot;335559740&quot;:240}\">\u00a0<\/span><\/p>\n<div id=\"attachment_134990\" style=\"width: 732px\" class=\"wp-caption aligncenter\"><img aria-describedby=\"caption-attachment-134990\" decoding=\"async\" loading=\"lazy\" class=\"size-full wp-image-134990\" src=\"https:\/\/www.uv.mx\/prensa\/files\/2023\/09\/Rector-UV-en-China-3.jpg\" alt=\"\" width=\"722\" height=\"481\" srcset=\"https:\/\/www.uv.mx\/prensa\/files\/2023\/09\/Rector-UV-en-China-3.jpg 722w, https:\/\/www.uv.mx\/prensa\/files\/2023\/09\/Rector-UV-en-China-3-300x200.jpg 300w\" sizes=\"(max-width: 722px) 100vw, 722px\" \/><p id=\"caption-attachment-134990\" class=\"wp-caption-text\">El Rector de la UV abord\u00f3 la ense\u00f1anza del espa\u00f1ol y el chino como tema relevante<\/p><\/div>\n","protected":false},"excerpt":{"rendered":"<p>El rector de la Universidad Veracruzana, Mart\u00edn Aguilar S\u00e1nchez, imparti\u00f3 conferencia y expuso en panel del evento bilateral celebrado en el pa\u00eds asi\u00e1tico<\/p>\n","protected":false},"author":1809,"featured_media":134987,"comment_status":"closed","ping_status":"closed","sticky":false,"template":"","format":"standard","meta":[],"categories":[8455,61],"tags":[1953,218,7924,2060,573,13493,7728,1954,13494,10065,2700,1641,13496,2276,11517,11242,13340,13495],"_links":{"self":[{"href":"https:\/\/www.uv.mx\/prensa\/wp-json\/wp\/v2\/posts\/135002"}],"collection":[{"href":"https:\/\/www.uv.mx\/prensa\/wp-json\/wp\/v2\/posts"}],"about":[{"href":"https:\/\/www.uv.mx\/prensa\/wp-json\/wp\/v2\/types\/post"}],"author":[{"embeddable":true,"href":"https:\/\/www.uv.mx\/prensa\/wp-json\/wp\/v2\/users\/1809"}],"replies":[{"embeddable":true,"href":"https:\/\/www.uv.mx\/prensa\/wp-json\/wp\/v2\/comments?post=135002"}],"version-history":[{"count":1,"href":"https:\/\/www.uv.mx\/prensa\/wp-json\/wp\/v2\/posts\/135002\/revisions"}],"predecessor-version":[{"id":135022,"href":"https:\/\/www.uv.mx\/prensa\/wp-json\/wp\/v2\/posts\/135002\/revisions\/135022"}],"wp:featuredmedia":[{"embeddable":true,"href":"https:\/\/www.uv.mx\/prensa\/wp-json\/wp\/v2\/media\/134987"}],"wp:attachment":[{"href":"https:\/\/www.uv.mx\/prensa\/wp-json\/wp\/v2\/media?parent=135002"}],"wp:term":[{"taxonomy":"category","embeddable":true,"href":"https:\/\/www.uv.mx\/prensa\/wp-json\/wp\/v2\/categories?post=135002"},{"taxonomy":"post_tag","embeddable":true,"href":"https:\/\/www.uv.mx\/prensa\/wp-json\/wp\/v2\/tags?post=135002"}],"curies":[{"name":"wp","href":"https:\/\/api.w.org\/{rel}","templated":true}]}}