{"id":135069,"date":"2023-09-22T20:32:26","date_gmt":"2023-09-23T01:32:26","guid":{"rendered":"https:\/\/www.uv.mx\/prensa\/?p=135069"},"modified":"2023-09-25T14:13:32","modified_gmt":"2023-09-25T19:13:32","slug":"uv-premio-a-ganadores-de-la-xxxii-olimpiada-estatal-de-fisica","status":"publish","type":"post","link":"https:\/\/www.uv.mx\/prensa\/ciencia\/uv-premio-a-ganadores-de-la-xxxii-olimpiada-estatal-de-fisica\/","title":{"rendered":"UV premi\u00f3 a ganadores de la XXXII Olimpiada Estatal de F\u00edsica"},"content":{"rendered":"<ul style=\"font-weight: 400\">\n<li data-leveltext=\"\uf0b7\" data-font=\"Symbol\" data-listid=\"6\" data-list-defn-props=\"{&quot;335552541&quot;:1,&quot;335559684&quot;:-2,&quot;335559685&quot;:720,&quot;335559991&quot;:360,&quot;469769226&quot;:&quot;Symbol&quot;,&quot;469769242&quot;:[8226],&quot;469777803&quot;:&quot;left&quot;,&quot;469777804&quot;:&quot;\uf0b7&quot;,&quot;469777815&quot;:&quot;hybridMultilevel&quot;}\" data-aria-posinset=\"1\" data-aria-level=\"1\"><i><span data-contrast=\"auto\">Tambi\u00e9n se reconoci\u00f3 a los medallistas veracruzanos del XVI Concurso Nacional de Talentos en F\u00edsica 2023<\/span><\/i><span data-ccp-props=\"{}\">\u00a0<\/span><\/li>\n<li data-leveltext=\"\uf0b7\" data-font=\"Symbol\" data-listid=\"6\" data-list-defn-props=\"{&quot;335552541&quot;:1,&quot;335559684&quot;:-2,&quot;335559685&quot;:720,&quot;335559991&quot;:360,&quot;469769226&quot;:&quot;Symbol&quot;,&quot;469769242&quot;:[8226],&quot;469777803&quot;:&quot;left&quot;,&quot;469777804&quot;:&quot;\uf0b7&quot;,&quot;469777815&quot;:&quot;hybridMultilevel&quot;}\" data-aria-posinset=\"2\" data-aria-level=\"1\"><i><span data-contrast=\"auto\">La Facultad de F\u00edsica de la Universidad Veracruzana colabora en la organizaci\u00f3n de las etapas estatales de ambos cert\u00e1menes<\/span><\/i><span data-ccp-props=\"{}\">\u00a0<\/span><\/li>\n<\/ul>\n<p>&nbsp;<\/p>\n<div id=\"attachment_135052\" style=\"width: 732px\" class=\"wp-caption aligncenter\"><img aria-describedby=\"caption-attachment-135052\" decoding=\"async\" loading=\"lazy\" class=\"size-full wp-image-135052\" src=\"https:\/\/www.uv.mx\/prensa\/files\/2023\/09\/220923-CARLOS-Premiacion-1.jpg\" alt=\"Los ganadores de la XXXII Olimpiada Estatal de F\u00edsica representar\u00e1n a Veracruz en la fase nacional \" width=\"722\" height=\"481\" srcset=\"https:\/\/www.uv.mx\/prensa\/files\/2023\/09\/220923-CARLOS-Premiacion-1.jpg 722w, https:\/\/www.uv.mx\/prensa\/files\/2023\/09\/220923-CARLOS-Premiacion-1-300x200.jpg 300w\" sizes=\"(max-width: 722px) 100vw, 722px\" \/><p id=\"caption-attachment-135052\" class=\"wp-caption-text\">Los ganadores de la XXXII Olimpiada Estatal de F\u00edsica representar\u00e1n a Veracruz en la fase nacional<\/p><\/div>\n<p>&nbsp;<\/p>\n<p><b><i><span data-contrast=\"auto\">Carlos Hugo Hermida Rosales<\/span><\/i><\/b><span data-ccp-props=\"{}\">\u00a0<\/span><\/p>\n<p><b><i><span data-contrast=\"auto\">Fotos: Omar Portilla Palacios<\/span><\/i><\/b><\/p>\n<p><b><i><span data-contrast=\"auto\">22\/09\/2023. Xalapa, Ver<\/span><\/i><\/b><span data-contrast=\"auto\">. La Universidad Veracruzana (UV) alberg\u00f3 la ceremonia de premiaci\u00f3n de la XXXII Olimpiada Estatal de F\u00edsica y del XVI Concurso Nacional de Talentos en F\u00edsica 2023, que se realiz\u00f3 en el auditorio de la Facultad de Pedagog\u00eda de esta casa de estudios.<\/span><span data-ccp-props=\"{}\">\u00a0<\/span><\/p>\n<p><span data-contrast=\"auto\">La <a href=\"https:\/\/www.uv.mx\/ffia\/\" target=\"_blank\" rel=\"noopener\">Facultad de F\u00edsica<\/a> es organizadora de las etapas estatales de los cert\u00e1menes citados, en conjunto con la Sociedad Mexicana de F\u00edsica y la Subsecretar\u00eda de Educaci\u00f3n Media Superior y Superior del Estado de Veracruz.\u00a0<\/span><span data-ccp-props=\"{&quot;335559731&quot;:708}\">\u00a0<\/span><\/p>\n<p><span data-contrast=\"auto\">El evento cont\u00f3 con la asistencia de Argelia Sol-Haret B\u00e1ez Barrios, directora de la Facultad de F\u00edsica; H\u00e9ctor Alejandro del Faro Odi y Carlos Ernesto Vargas Madrazo, docentes de la entidad acad\u00e9mica, y Efr\u00e9n del Moral Ventura, secretario T\u00e9cnico del Consejo Interinstitucional Veracruzano de Educaci\u00f3n.<\/span><span data-ccp-props=\"{&quot;335559731&quot;:708}\">\u00a0<\/span><\/p>\n<p><span data-contrast=\"auto\">En la premiaci\u00f3n de la XXXII Olimpiada Estatal de F\u00edsica se entregaron diplomas a 12 estudiantes de secundaria y bachillerato: cuatro ganadores de medallas de oro, e igual n\u00famero de acreedores a las de plata y bronce.<\/span><\/p>\n<div id=\"attachment_135053\" style=\"width: 732px\" class=\"wp-caption aligncenter\"><img aria-describedby=\"caption-attachment-135053\" decoding=\"async\" loading=\"lazy\" class=\"size-full wp-image-135053\" src=\"https:\/\/www.uv.mx\/prensa\/files\/2023\/09\/220923-CARLOS-Premiacion-2.jpg\" alt=\"En la ceremonia se premi\u00f3 a un total de 19 alumnos de secundaria y preparatoria\" width=\"722\" height=\"481\" srcset=\"https:\/\/www.uv.mx\/prensa\/files\/2023\/09\/220923-CARLOS-Premiacion-2.jpg 722w, https:\/\/www.uv.mx\/prensa\/files\/2023\/09\/220923-CARLOS-Premiacion-2-300x200.jpg 300w\" sizes=\"(max-width: 722px) 100vw, 722px\" \/><p id=\"caption-attachment-135053\" class=\"wp-caption-text\">En la ceremonia se premi\u00f3 a un total de 19 alumnos de secundaria y preparatoria<\/p><\/div>\n<p>&nbsp;<\/p>\n<p><span data-contrast=\"auto\">Los j\u00f3venes Estefan\u00eda Ramos, Walter Regalado, Sergio Vald\u00e9z y Javier Mata, quienes obtuvieron el metal \u00e1ureo, representar\u00e1n a Veracruz en la etapa nacional de la olimpiada.\u00a0<\/span><span data-ccp-props=\"{&quot;335559731&quot;:708}\">\u00a0<\/span><\/p>\n<p><span data-contrast=\"auto\">Igualmente, se reconoci\u00f3 a siete alumnos del estado que destacaron en el XVI Concurso de Talentos en F\u00edsica 2023, al ganar cuatro medallas de plata y tres de bronce: Daniel Solano, Roberto Lagunes, Miguel L\u00f3pez, Alberto Herrera, Gonzalo Bolio, Nahim S\u00e1nchez y Ana P\u00e1ez.\u00a0<\/span><span data-ccp-props=\"{&quot;335559731&quot;:708}\">\u00a0<\/span><\/p>\n<p><span data-contrast=\"auto\">Argelia Sol-Haret B\u00e1ez afirm\u00f3 que la Facultad de F\u00edsica es un medio de contacto entre los cient\u00edficos en formaci\u00f3n y la sociedad mexicana, labor ejercida con ah\u00ednco, pues la juventud es una promesa de enlace con el futuro que se desea construir.\u00a0<\/span><\/p>\n<div id=\"attachment_135054\" style=\"width: 732px\" class=\"wp-caption aligncenter\"><img aria-describedby=\"caption-attachment-135054\" decoding=\"async\" loading=\"lazy\" class=\"size-full wp-image-135054\" src=\"https:\/\/www.uv.mx\/prensa\/files\/2023\/09\/220923-CARLOS-Premiacion-3.jpg\" alt=\"Argelia Sol-Haret B\u00e1ez afirm\u00f3 que la juventud es una promesa de enlace con el futuro que se desea construir \" width=\"722\" height=\"481\" \/><p id=\"caption-attachment-135054\" class=\"wp-caption-text\">Argelia Sol-Haret B\u00e1ez afirm\u00f3 que la juventud es una promesa de enlace con el futuro que se desea construir<\/p><\/div>\n<p>&nbsp;<\/p>\n<p><span data-contrast=\"auto\">\u201cEspero que esos reconocimientos sirvan de incentivos para fortalecer las vocaciones de los estudiantes galardonados\u201d, manifest\u00f3.\u00a0<\/span><span data-ccp-props=\"{&quot;335559731&quot;:708}\">\u00a0<\/span><\/p>\n<p><span data-contrast=\"auto\">Efr\u00e9n del Moral agradeci\u00f3 a todos los alumnos premiados por su esfuerzo y dedicaci\u00f3n, y mencion\u00f3 que de muchos de ellos saldr\u00e1n los pr\u00f3ximos cient\u00edficos del pa\u00eds.\u00a0<\/span><span data-ccp-props=\"{&quot;335559731&quot;:708}\">\u00a0<\/span><\/p>\n<p><span data-contrast=\"auto\">\u201cAl participar en estos cert\u00e1menes, ganaron amigos que comparten la pasi\u00f3n por la f\u00edsica y la ciencia\u201d, asegur\u00f3.<\/span><\/p>\n<div id=\"attachment_135055\" style=\"width: 732px\" class=\"wp-caption aligncenter\"><img aria-describedby=\"caption-attachment-135055\" decoding=\"async\" loading=\"lazy\" class=\"size-full wp-image-135055\" src=\"https:\/\/www.uv.mx\/prensa\/files\/2023\/09\/220923-CARLOS-Premiacion-4.jpg\" alt=\"Efr\u00e9n del Moral agradeci\u00f3 a todos los estudiantes premiados por su esfuerzo y dedicaci\u00f3n\" width=\"722\" height=\"481\" srcset=\"https:\/\/www.uv.mx\/prensa\/files\/2023\/09\/220923-CARLOS-Premiacion-4.jpg 722w, https:\/\/www.uv.mx\/prensa\/files\/2023\/09\/220923-CARLOS-Premiacion-4-300x200.jpg 300w\" sizes=\"(max-width: 722px) 100vw, 722px\" \/><p id=\"caption-attachment-135055\" class=\"wp-caption-text\">Efr\u00e9n del Moral agradeci\u00f3 a todos los estudiantes premiados por su esfuerzo y dedicaci\u00f3n<\/p><\/div>\n<p>&nbsp;<\/p>\n<p><span data-contrast=\"auto\">Estefan\u00eda Ramos, ganadora de medalla de oro, afirm\u00f3 que para obtener este logro requiri\u00f3 disciplina y dedicaci\u00f3n que al final valieron la pena y anim\u00f3 a sus compa\u00f1eros a dar lo mejor de s\u00ed en todo momento.<\/span><span data-ccp-props=\"{&quot;335559731&quot;:708}\">\u00a0<\/span><\/p>\n","protected":false},"excerpt":{"rendered":"<p>Argelia Sol-Haret B\u00e1ez Barrios, directora de la Facultad de F\u00edsica, declar\u00f3 que la entidad es un medio de contacto entre los cient\u00edficos en formaci\u00f3n y la sociedad mexicana<\/p>\n","protected":false},"author":1775,"featured_media":135056,"comment_status":"closed","ping_status":"closed","sticky":false,"template":"","format":"standard","meta":[],"categories":[45,47,61],"tags":[4161,13522,13523,177,13524,8987,6462,2451,11352,13525],"_links":{"self":[{"href":"https:\/\/www.uv.mx\/prensa\/wp-json\/wp\/v2\/posts\/135069"}],"collection":[{"href":"https:\/\/www.uv.mx\/prensa\/wp-json\/wp\/v2\/posts"}],"about":[{"href":"https:\/\/www.uv.mx\/prensa\/wp-json\/wp\/v2\/types\/post"}],"author":[{"embeddable":true,"href":"https:\/\/www.uv.mx\/prensa\/wp-json\/wp\/v2\/users\/1775"}],"replies":[{"embeddable":true,"href":"https:\/\/www.uv.mx\/prensa\/wp-json\/wp\/v2\/comments?post=135069"}],"version-history":[{"count":1,"href":"https:\/\/www.uv.mx\/prensa\/wp-json\/wp\/v2\/posts\/135069\/revisions"}],"predecessor-version":[{"id":135119,"href":"https:\/\/www.uv.mx\/prensa\/wp-json\/wp\/v2\/posts\/135069\/revisions\/135119"}],"wp:featuredmedia":[{"embeddable":true,"href":"https:\/\/www.uv.mx\/prensa\/wp-json\/wp\/v2\/media\/135056"}],"wp:attachment":[{"href":"https:\/\/www.uv.mx\/prensa\/wp-json\/wp\/v2\/media?parent=135069"}],"wp:term":[{"taxonomy":"category","embeddable":true,"href":"https:\/\/www.uv.mx\/prensa\/wp-json\/wp\/v2\/categories?post=135069"},{"taxonomy":"post_tag","embeddable":true,"href":"https:\/\/www.uv.mx\/prensa\/wp-json\/wp\/v2\/tags?post=135069"}],"curies":[{"name":"wp","href":"https:\/\/api.w.org\/{rel}","templated":true}]}}