{"id":135240,"date":"2023-09-27T12:58:01","date_gmt":"2023-09-27T17:58:01","guid":{"rendered":"https:\/\/www.uv.mx\/prensa\/?p=135240"},"modified":"2023-09-27T12:58:01","modified_gmt":"2023-09-27T17:58:01","slug":"uv-tutela-los-derechos-humanos-de-acceso-a-la-informacion","status":"publish","type":"post","link":"https:\/\/www.uv.mx\/prensa\/general\/uv-tutela-los-derechos-humanos-de-acceso-a-la-informacion\/","title":{"rendered":"UV tutela los derechos humanos de acceso a la informaci\u00f3n"},"content":{"rendered":"<h2 style=\"text-align: right\"><strong><span style=\"color: #3366ff\">#PorEl4porciento<\/span><\/strong><\/h2>\n<ul>\n<li data-leveltext=\"\uf0b7\" data-font=\"Symbol\" data-listid=\"3\" data-list-defn-props=\"{&quot;335551671&quot;:0,&quot;335552541&quot;:1,&quot;335559684&quot;:-2,&quot;335559685&quot;:720,&quot;335559991&quot;:360,&quot;469769226&quot;:&quot;Symbol&quot;,&quot;469769242&quot;:[8226],&quot;469777803&quot;:&quot;left&quot;,&quot;469777804&quot;:&quot;\uf0b7&quot;,&quot;469777815&quot;:&quot;hybridMultilevel&quot;}\" data-aria-posinset=\"0\" data-aria-level=\"1\"><i><span data-contrast=\"auto\">La Coordinaci\u00f3n Universitaria de Transparencia, Acceso a la Informaci\u00f3n y Protecci\u00f3n de Datos Personales (CUTAI) tiene esta responsabilidad<\/span><\/i><span data-ccp-props=\"{&quot;201341983&quot;:0,&quot;335559739&quot;:0,&quot;335559740&quot;:240}\">\u00a0<\/span><\/li>\n<li data-leveltext=\"\uf0b7\" data-font=\"Symbol\" data-listid=\"3\" data-list-defn-props=\"{&quot;335551671&quot;:0,&quot;335552541&quot;:1,&quot;335559684&quot;:-2,&quot;335559685&quot;:720,&quot;335559991&quot;:360,&quot;469769226&quot;:&quot;Symbol&quot;,&quot;469769242&quot;:[8226],&quot;469777803&quot;:&quot;left&quot;,&quot;469777804&quot;:&quot;\uf0b7&quot;,&quot;469777815&quot;:&quot;hybridMultilevel&quot;}\" data-aria-posinset=\"0\" data-aria-level=\"1\"><i><span data-contrast=\"auto\">Est\u00e1 concebida como la ventanilla de comunicaci\u00f3n entre autoridades universitarias, usuarios de los servicios y titulares de datos personales<\/span><\/i><span data-ccp-props=\"{&quot;201341983&quot;:0,&quot;335559739&quot;:0,&quot;335559740&quot;:240}\">\u00a0<\/span><\/li>\n<\/ul>\n<p><span data-ccp-props=\"{&quot;201341983&quot;:0,&quot;335559739&quot;:0,&quot;335559740&quot;:240}\">\u00a0<\/span><\/p>\n<div id=\"attachment_135232\" style=\"width: 732px\" class=\"wp-caption aligncenter\"><img aria-describedby=\"caption-attachment-135232\" decoding=\"async\" loading=\"lazy\" class=\"size-full wp-image-135232\" src=\"https:\/\/www.uv.mx\/prensa\/files\/2023\/09\/260923-COUTTOLENC-CUTAI-1-100k.jpg\" alt=\"\" width=\"722\" height=\"482\" srcset=\"https:\/\/www.uv.mx\/prensa\/files\/2023\/09\/260923-COUTTOLENC-CUTAI-1-100k.jpg 722w, https:\/\/www.uv.mx\/prensa\/files\/2023\/09\/260923-COUTTOLENC-CUTAI-1-100k-300x200.jpg 300w\" sizes=\"(max-width: 722px) 100vw, 722px\" \/><p id=\"caption-attachment-135232\" class=\"wp-caption-text\">Rub\u00e9n Eder Contreras Rojas, titular de la Coordinaci\u00f3n Universitaria de Transparencia, Acceso a la Informaci\u00f3n y Protecci\u00f3n de Datos Personales<\/p><\/div>\n<p><span data-ccp-props=\"{&quot;201341983&quot;:0,&quot;335559739&quot;:0,&quot;335559740&quot;:240}\">\u00a0<\/span><\/p>\n<p><b><i><span data-contrast=\"auto\">Jos\u00e9 Luis Couttolenc Soto<\/span><\/i><\/b><span data-ccp-props=\"{&quot;201341983&quot;:0,&quot;335559739&quot;:0,&quot;335559740&quot;:240}\">\u00a0<\/span><\/p>\n<p><b><i><span data-contrast=\"auto\">Fotos: C\u00e9sar Pisil Ramos<\/span><\/i><\/b><span data-ccp-props=\"{&quot;201341983&quot;:0,&quot;335559739&quot;:0,&quot;335559740&quot;:240}\">\u00a0<\/span><\/p>\n<p><span data-ccp-props=\"{&quot;201341983&quot;:0,&quot;335559739&quot;:0,&quot;335559740&quot;:240}\">\u00a0<\/span><b><i><span data-contrast=\"auto\">27\/09\/2023, Xalapa, Ver.- <\/span><\/i><\/b><span data-contrast=\"auto\">La Coordinaci\u00f3n Universitaria de Transparencia, Acceso a la Informaci\u00f3n y Protecci\u00f3n de Datos Personales (CUTAI) de la Universidad Veracruzana (UV), es una instancia que tutela los derechos humanos en esta materia y parte importante del Programa de Trabajo 2021-2025 \u201cPor una transformaci\u00f3n integral\u201d de la actual administraci\u00f3n, afirm\u00f3 Rub\u00e9n Eder Contreras Rojas, titular de la entidad universitaria.<\/span><span data-ccp-props=\"{&quot;201341983&quot;:0,&quot;335559739&quot;:0,&quot;335559740&quot;:240}\">\u00a0<\/span><\/p>\n<p><span data-contrast=\"auto\">La CUTAI, dijo el funcionario, constituye la ventanilla de comunicaci\u00f3n entre las autoridades universitarias, las y los usuarios de los servicios que se ofrecen, y los titulares de datos personales, proceso que est\u00e1 a cargo de personal altamente capacitado, sabedor de que es part\u00edcipe de la construcci\u00f3n de un buen gobierno, que en este caso corresponde a la Universidad Veracruzana.<\/span><span data-ccp-props=\"{&quot;201341983&quot;:0,&quot;335559739&quot;:0,&quot;335559740&quot;:240}\">\u00a0<\/span><\/p>\n<p><span data-contrast=\"auto\">Contreras Rojas explic\u00f3 que toda persona interesada puede explorar el portal de transparencia y la Plataforma Nacional de Transparencia para conocer la informaci\u00f3n que de manera peri\u00f3dica se publica en dichos lugares.<\/span><span data-ccp-props=\"{&quot;201341983&quot;:0,&quot;335559739&quot;:0,&quot;335559740&quot;:240}\">\u00a0<\/span><\/p>\n<p><span data-contrast=\"auto\">Ejemplific\u00f3 que cada trimestre las entidades acad\u00e9micas publican las actas de juntas acad\u00e9micas y consejos t\u00e9cnicos, informaci\u00f3n que puede ser descargada en datos abiertos para su an\u00e1lisis; adem\u00e1s, ante la CUTAI las personas interesadas pueden solicitar informaci\u00f3n p\u00fablica sin necesidad de identificaci\u00f3n, ni justificar el fin para el que la requieren.<\/span><span data-ccp-props=\"{&quot;201341983&quot;:0,&quot;335559731&quot;:708,&quot;335559739&quot;:0,&quot;335559740&quot;:240}\">\u00a0<\/span><\/p>\n<p><span data-contrast=\"auto\">En materia de datos personales, la comunidad universitaria tiene a su alcance los avisos de privacidad generados, pero tambi\u00e9n cualquier titular puede presentar una solicitud ARCOP, que se <\/span><span data-contrast=\"none\">refiere al <\/span><span data-contrast=\"none\">derecho<\/span><span data-contrast=\"none\"> de solicitar el Acceso, Rectificaci\u00f3n, Cancelaci\u00f3n, Oposici\u00f3n y Portabilidad sobre el tratamiento de datos personales que <\/span><span data-contrast=\"auto\">est\u00e1n en posesi\u00f3n de un tercero. Todos estos tr\u00e1mites son gratuitos y permanentes.<\/span><span data-ccp-props=\"{&quot;201341983&quot;:0,&quot;335559731&quot;:708,&quot;335559739&quot;:0,&quot;335559740&quot;:240}\">\u00a0<\/span><\/p>\n<p><span data-contrast=\"auto\">El Coordinador de la entidad universitaria mencion\u00f3 algunos de los logros alcanzados, entre los que se encuentran, para estudiantes, un curso en materia de protecci\u00f3n de datos personales, como parte de la oferta del \u00c1rea de Formaci\u00f3n de Elecci\u00f3n Libre (AFEL) del Instituto de Investigaciones en Contadur\u00eda; con el apoyo de la Direcci\u00f3n General de Desarrollo Acad\u00e9mico e Innovaci\u00f3n Educativa, un curso virtual que forma parte del Programa de Formaci\u00f3n Acad\u00e9mica (ProFA) y con la colaboraci\u00f3n de la Direcci\u00f3n General de Recursos Humanos, se dise\u00f1\u00f3 la sexta edici\u00f3n del curso-taller \u201cConoce, utiliza y protege tus derechos\u201d, dirigido a funcionarios, mandos medios y personal de confianza.<\/span><span data-ccp-props=\"{&quot;201341983&quot;:0,&quot;335559731&quot;:708,&quot;335559739&quot;:0,&quot;335559740&quot;:240}\">\u00a0<\/span><\/p>\n<p><span data-contrast=\"auto\">Agreg\u00f3 que en octubre se realizar\u00e1 la carga de obligaciones de transparencia correspondiente al tercer trimestre 2023, a trav\u00e9s del portal de la UV y la Plataforma Nacional de Transparencia. Esta informaci\u00f3n es generada y cargada por las y los titulares responsables de las dependencias y entidades de la casa de estudios en sus cinco regiones.<\/span><span data-ccp-props=\"{&quot;201341983&quot;:0,&quot;335559731&quot;:708,&quot;335559739&quot;:0,&quot;335559740&quot;:240}\">\u00a0<\/span><\/p>\n<p>&nbsp;<\/p>\n<div id=\"attachment_135233\" style=\"width: 732px\" class=\"wp-caption aligncenter\"><img aria-describedby=\"caption-attachment-135233\" decoding=\"async\" loading=\"lazy\" class=\"size-full wp-image-135233\" src=\"https:\/\/www.uv.mx\/prensa\/files\/2023\/09\/260923-COUTTOLENC-CUTAI-2-100k.jpg\" alt=\"\" width=\"722\" height=\"482\" srcset=\"https:\/\/www.uv.mx\/prensa\/files\/2023\/09\/260923-COUTTOLENC-CUTAI-2-100k.jpg 722w, https:\/\/www.uv.mx\/prensa\/files\/2023\/09\/260923-COUTTOLENC-CUTAI-2-100k-300x200.jpg 300w\" sizes=\"(max-width: 722px) 100vw, 722px\" \/><p id=\"caption-attachment-135233\" class=\"wp-caption-text\">La profesionalizaci\u00f3n y procedimientos certificados de la CUTAI brindan certeza y seguridad en las acciones que generan<\/p><\/div>\n<p><span data-ccp-props=\"{&quot;201341983&quot;:0,&quot;335559739&quot;:0,&quot;335559740&quot;:240}\">\u00a0<\/span><\/p>\n<p>&nbsp;<\/p>\n<p><b><span data-contrast=\"auto\">D\u00eda Internacional del Acceso Universal a la Informaci\u00f3n<\/span><\/b><span data-ccp-props=\"{&quot;201341983&quot;:0,&quot;335559739&quot;:0,&quot;335559740&quot;:240}\">\u00a0<\/span><\/p>\n<p><span data-contrast=\"auto\">Rub\u00e9n Eder Contreras Rojas dio a conocer que en el marco del D\u00eda Internacional del Acceso Universal a la Informaci\u00f3n (28 de septiembre) se difundir\u00e1 un <\/span><i><span data-contrast=\"auto\">spot<\/span><\/i><span data-contrast=\"auto\"> alusivo a trav\u00e9s de Radio UV; se lanz\u00f3 una convocatoria dirigida a todas las entidades acad\u00e9micas para que el profesorado interesado participe ense\u00f1ando a las y los estudiantes a presentar una solicitud de informaci\u00f3n ante el sujeto obligado de su preferencia; se prepar\u00f3 tambi\u00e9n un <\/span><i><span data-contrast=\"auto\">kit<\/span><\/i><span data-contrast=\"auto\"> de herramientas con tutoriales y material de difusi\u00f3n.<\/span><span data-ccp-props=\"{&quot;201341983&quot;:0,&quot;335559739&quot;:0,&quot;335559740&quot;:240}\">\u00a0<\/span><\/p>\n<p><span data-contrast=\"auto\">Destac\u00f3 que se contin\u00faan atendiendo las solicitudes de informaci\u00f3n presentadas, que a la fecha suman 640; precis\u00f3 que se entregaron <\/span><i><span data-contrast=\"auto\">kits<\/span><\/i><span data-contrast=\"auto\"> y se colocaron avisos de privacidad en sistema braille.<\/span><span data-ccp-props=\"{&quot;201341983&quot;:0,&quot;335559739&quot;:0,&quot;335559740&quot;:240}\">\u00a0<\/span><\/p>\n<p><span data-contrast=\"auto\">\u201cLa profesionalizaci\u00f3n y procedimientos certificados en los que basa su actividad el equipo que labora en la CUTAI, brindan certeza y seguridad en las acciones que aqu\u00ed se generan\u201d, puntualiz\u00f3 el funcionario universitario.<\/span><span data-ccp-props=\"{&quot;201341983&quot;:0,&quot;335559739&quot;:0,&quot;335559740&quot;:240}\">\u00a0<\/span><\/p>\n","protected":false},"excerpt":{"rendered":"<p>La transparencia y rendici\u00f3n de cuentas con un lenguaje ciudadano ayuda en la toma de decisiones\u00a0<\/p>\n","protected":false},"author":2349,"featured_media":135234,"comment_status":"closed","ping_status":"closed","sticky":false,"template":"","format":"standard","meta":[],"categories":[1,61,5174],"tags":[12165,10027,10035,13584,10033,6263,10026,13587,829,11455,486,4162,13585,3523,13583,12511,13586,10032],"_links":{"self":[{"href":"https:\/\/www.uv.mx\/prensa\/wp-json\/wp\/v2\/posts\/135240"}],"collection":[{"href":"https:\/\/www.uv.mx\/prensa\/wp-json\/wp\/v2\/posts"}],"about":[{"href":"https:\/\/www.uv.mx\/prensa\/wp-json\/wp\/v2\/types\/post"}],"author":[{"embeddable":true,"href":"https:\/\/www.uv.mx\/prensa\/wp-json\/wp\/v2\/users\/2349"}],"replies":[{"embeddable":true,"href":"https:\/\/www.uv.mx\/prensa\/wp-json\/wp\/v2\/comments?post=135240"}],"version-history":[{"count":1,"href":"https:\/\/www.uv.mx\/prensa\/wp-json\/wp\/v2\/posts\/135240\/revisions"}],"predecessor-version":[{"id":135241,"href":"https:\/\/www.uv.mx\/prensa\/wp-json\/wp\/v2\/posts\/135240\/revisions\/135241"}],"wp:featuredmedia":[{"embeddable":true,"href":"https:\/\/www.uv.mx\/prensa\/wp-json\/wp\/v2\/media\/135234"}],"wp:attachment":[{"href":"https:\/\/www.uv.mx\/prensa\/wp-json\/wp\/v2\/media?parent=135240"}],"wp:term":[{"taxonomy":"category","embeddable":true,"href":"https:\/\/www.uv.mx\/prensa\/wp-json\/wp\/v2\/categories?post=135240"},{"taxonomy":"post_tag","embeddable":true,"href":"https:\/\/www.uv.mx\/prensa\/wp-json\/wp\/v2\/tags?post=135240"}],"curies":[{"name":"wp","href":"https:\/\/api.w.org\/{rel}","templated":true}]}}