{"id":135345,"date":"2023-09-28T20:37:01","date_gmt":"2023-09-29T01:37:01","guid":{"rendered":"https:\/\/www.uv.mx\/prensa\/?p=135345"},"modified":"2023-10-05T15:02:38","modified_gmt":"2023-10-05T20:02:38","slug":"uv-sede-del-ii-encuentro-pensar-interdisciplinariamente-la-paz","status":"publish","type":"post","link":"https:\/\/www.uv.mx\/prensa\/banner\/uv-sede-del-ii-encuentro-pensar-interdisciplinariamente-la-paz\/","title":{"rendered":"UV sede del II Encuentro \u201cPensar interdisciplinariamente la paz\u201d"},"content":{"rendered":"<h2 style=\"text-align: right\"><strong><span style=\"color: #3366ff\">#PorEl4porciento<\/span><\/strong><\/h2>\n<ul>\n<li data-leveltext=\"\uf0b7\" data-font=\"Symbol\" data-listid=\"6\" data-list-defn-props=\"{&quot;335552541&quot;:1,&quot;335559684&quot;:-2,&quot;335559685&quot;:720,&quot;335559991&quot;:360,&quot;469769226&quot;:&quot;Symbol&quot;,&quot;469769242&quot;:[8226],&quot;469777803&quot;:&quot;left&quot;,&quot;469777804&quot;:&quot;\uf0b7&quot;,&quot;469777815&quot;:&quot;hybridMultilevel&quot;}\" data-aria-posinset=\"1\" data-aria-level=\"1\"><i><span data-contrast=\"auto\">El evento es organizado por la Red Nacional para la Paz de la ANUIES<\/span><\/i><span data-ccp-props=\"{}\">\u00a0<\/span><\/li>\n<li data-leveltext=\"\uf0b7\" data-font=\"Symbol\" data-listid=\"6\" data-list-defn-props=\"{&quot;335552541&quot;:1,&quot;335559684&quot;:-2,&quot;335559685&quot;:720,&quot;335559991&quot;:360,&quot;469769226&quot;:&quot;Symbol&quot;,&quot;469769242&quot;:[8226],&quot;469777803&quot;:&quot;left&quot;,&quot;469777804&quot;:&quot;\uf0b7&quot;,&quot;469777815&quot;:&quot;hybridMultilevel&quot;}\" data-aria-posinset=\"2\" data-aria-level=\"1\"><i><span data-contrast=\"auto\">Busca establecer un di\u00e1logo para la comprensi\u00f3n del papel de las instituciones de educaci\u00f3n superior en la construcci\u00f3n de paz en M\u00e9xico<\/span><\/i><span data-ccp-props=\"{}\">\u00a0<\/span><\/li>\n<\/ul>\n<p><span data-ccp-props=\"{}\">\u00a0<\/span><\/p>\n<div id=\"attachment_135323\" style=\"width: 732px\" class=\"wp-caption aligncenter\"><img aria-describedby=\"caption-attachment-135323\" decoding=\"async\" loading=\"lazy\" class=\"size-full wp-image-135323\" src=\"https:\/\/www.uv.mx\/prensa\/files\/2023\/09\/280923-CARLOS-Encuentro-interdisciplinario-1.jpg\" alt=\" El encuentro fue inaugurado por autoridades de la UV y la ANUIES \" width=\"722\" height=\"542\" srcset=\"https:\/\/www.uv.mx\/prensa\/files\/2023\/09\/280923-CARLOS-Encuentro-interdisciplinario-1.jpg 722w, https:\/\/www.uv.mx\/prensa\/files\/2023\/09\/280923-CARLOS-Encuentro-interdisciplinario-1-300x225.jpg 300w\" sizes=\"(max-width: 722px) 100vw, 722px\" \/><p id=\"caption-attachment-135323\" class=\"wp-caption-text\">El encuentro fue inaugurado por autoridades de la UV y la ANUIES<\/p><\/div>\n<p>&nbsp;<\/p>\n<p><b><i><span data-contrast=\"auto\">Texto y fotos: Carlos Hugo Hermida Rosales<\/span><\/i><\/b><\/p>\n<p><b><i><span data-contrast=\"auto\">28\/09\/2023, Xalapa, Ver.-<\/span><\/i><\/b><span data-contrast=\"auto\"> La Universidad Veracruzana (UV), a trav\u00e9s de la <a href=\"https:\/\/www.uv.mx\/filosofia\/\" target=\"_blank\" rel=\"noopener\">Facultad de Filosof\u00eda<\/a>, es anfitriona del II Encuentro de la Red Nacional para la Paz de la Asociaci\u00f3n Nacional de Universidades e Instituciones de Educaci\u00f3n Superior (ANUIES) \u201cPensar interdisciplinariamente la paz\u201d, que se lleva a cabo del 28 al 30 de septiembre en la Unidad de Humanidades.<\/span><span data-ccp-props=\"{}\">\u00a0<\/span><\/p>\n<p><span data-contrast=\"auto\">El evento fue inaugurado por Aldo Colorado Carvajal, de la Secretar\u00eda de Desarrollo Institucional, a quien acompa\u00f1aron Yolanda Gonz\u00e1lez Molohua, directora general del \u00c1rea Acad\u00e9mica de Humanidades; Hortensia Sierra Hern\u00e1ndez, coordinadora de proyectos interinstitucionales y redes de la ANIUES; Luis Antonio Romero Garc\u00eda y F\u00e9lix Aude S\u00e1nchez, director y docente de la Facultad de Filosof\u00eda, respectivamente.<\/span><span data-ccp-props=\"{&quot;335559731&quot;:708}\">\u00a0<\/span><\/p>\n<p><span data-contrast=\"auto\">De manera virtual asisti\u00f3 Francisco Javier\u202fGorj\u00f3n\u202fG\u00f3mez, titular de la Red Nacional para la Paz de la ANUIES.\u00a0<\/span><span data-ccp-props=\"{&quot;335559731&quot;:708}\">\u00a0<\/span><\/p>\n<p><span data-contrast=\"auto\">Aldo Colorado manifest\u00f3 que la UV muestra su compromiso social al ser anfitriona de este evento acad\u00e9mico, que busca establecer un di\u00e1logo interdisciplinario para la comprensi\u00f3n del papel de las instituciones de educaci\u00f3n superior en la construcci\u00f3n de paz en M\u00e9xico.<\/span><span data-ccp-props=\"{&quot;335559731&quot;:708}\">\u00a0<\/span><\/p>\n<p><span data-contrast=\"auto\">\u201cEn este sentido, la Universidad Veracruzana dio un paso importante con la elaboraci\u00f3n del Plan de Cultura de Paz y No Violencia, entre cuyos objetivos se encuentra sentar pol\u00edticas institucionales para convertir sus instalaciones en espacios seguros, donde prive el di\u00e1logo para la soluci\u00f3n de conflictos\u201d, puntualiz\u00f3.<\/span><\/p>\n<div id=\"attachment_135322\" style=\"width: 732px\" class=\"wp-caption aligncenter\"><img aria-describedby=\"caption-attachment-135322\" decoding=\"async\" loading=\"lazy\" class=\"size-full wp-image-135322\" src=\"https:\/\/www.uv.mx\/prensa\/files\/2023\/09\/280923-CARLOS-Encuentro-interdisciplinario-2.jpg\" alt=\"El evento congreg\u00f3 a estudiantes de distintas disciplinas de la Unidad de Humanidades \" width=\"722\" height=\"542\" srcset=\"https:\/\/www.uv.mx\/prensa\/files\/2023\/09\/280923-CARLOS-Encuentro-interdisciplinario-2.jpg 722w, https:\/\/www.uv.mx\/prensa\/files\/2023\/09\/280923-CARLOS-Encuentro-interdisciplinario-2-300x225.jpg 300w\" sizes=\"(max-width: 722px) 100vw, 722px\" \/><p id=\"caption-attachment-135322\" class=\"wp-caption-text\">El evento congreg\u00f3 a estudiantes de distintas disciplinas de la Unidad de Humanidades<\/p><\/div>\n<p>&nbsp;<\/p>\n<p><span data-contrast=\"auto\">Gonz\u00e1lez Molohua afirm\u00f3 que la cultura de paz es un eje transversal en el Programa de Trabajo 2021-2025 \u201cPor una transformaci\u00f3n integral\u201d, y que, desde su campo de conocimiento, la Facultad de Filosof\u00eda abona a esta labor con una serie de actividades.<\/span><\/p>\n<p><b><span data-contrast=\"auto\">Paz, concepto abstracto<\/span><\/b><span data-ccp-props=\"{}\"><br \/>\n<\/span><span data-contrast=\"auto\">Al concluir el acto inaugural, Jes\u00fas Octavio Elizondo Mart\u00ednez, investigador de la Universidad Aut\u00f3noma Metropolitana, dict\u00f3 la conferencia \u201c\u00bfA qu\u00e9 nos referimos cuando hablamos de paz? Aclarando el concepto desde la filosof\u00eda de Charles Sanders Peirce\u201d.<\/span><span data-ccp-props=\"{}\">\u00a0<\/span><\/p>\n<p><span data-contrast=\"auto\">Explic\u00f3 que, aunque la paz es algo observado en el mundo, la palabra engloba un concepto abstracto, pues s\u00f3lo podemos conocerla indirectamente.<\/span><span data-ccp-props=\"{&quot;335559731&quot;:708}\">\u00a0<\/span><\/p>\n<p><span data-contrast=\"auto\">Octavio Elizondo mencion\u00f3 que para vivir en entornos pac\u00edficos es fundamental que todos los miembros de la sociedad tengan sus necesidades b\u00e1sicas cubiertas y relaciones familiares sanas, as\u00ed como la ausencia de corrupci\u00f3n en las instituciones.<\/span><\/p>\n<div id=\"attachment_135324\" style=\"width: 732px\" class=\"wp-caption aligncenter\"><img aria-describedby=\"caption-attachment-135324\" decoding=\"async\" loading=\"lazy\" class=\"size-full wp-image-135324\" src=\"https:\/\/www.uv.mx\/prensa\/files\/2023\/09\/280923-CARLOS-Encuentro-interdisciplinario-3.jpg\" alt=\"Jes\u00fas Octavio Elizondo Mart\u00ednez, investigador de la Universidad Aut\u00f3noma Metropolitana \" width=\"722\" height=\"542\" srcset=\"https:\/\/www.uv.mx\/prensa\/files\/2023\/09\/280923-CARLOS-Encuentro-interdisciplinario-3.jpg 722w, https:\/\/www.uv.mx\/prensa\/files\/2023\/09\/280923-CARLOS-Encuentro-interdisciplinario-3-300x225.jpg 300w\" sizes=\"(max-width: 722px) 100vw, 722px\" \/><p id=\"caption-attachment-135324\" class=\"wp-caption-text\">Jes\u00fas Octavio Elizondo Mart\u00ednez, investigador de la Universidad Aut\u00f3noma Metropolitana<\/p><\/div>\n<p>&nbsp;<\/p>\n<p><span data-contrast=\"auto\">\u201cContar con instituciones s\u00f3lidas que velen por nuestros derechos y libertad, ayuda en gran medida al desarrollo de una existencia armoniosa\u201d, manifest\u00f3.\u00a0<\/span><span data-ccp-props=\"{&quot;335559731&quot;:708}\">\u00a0<\/span><\/p>\n<p><span data-contrast=\"auto\">El investigador afirm\u00f3 que la paz es un derecho aglutinador, pues representa a otros como a la educaci\u00f3n, salud y credo.<\/span><span data-ccp-props=\"{&quot;335559731&quot;:708}\">\u00a0<\/span><\/p>\n<p><span data-contrast=\"auto\">Por ello el movimiento feminista tambi\u00e9n abona a la cultura de paz, porque en sus protestas lucha por mejorar las relaciones y equilibrar la econom\u00eda entre g\u00e9neros, a fin de vivir en sociedades democr\u00e1ticas.\u00a0<\/span><span data-ccp-props=\"{&quot;335559731&quot;:708}\">\u00a0<\/span><\/p>\n<p><span data-contrast=\"auto\">El catedr\u00e1tico declar\u00f3 que las redes de trabajo interinstitucionales son fundamentales para la construcci\u00f3n de la paz en M\u00e9xico, y a trav\u00e9s de ellas es posible perseguir metas que trascienden al nivel individual.<\/span><span data-ccp-props=\"{&quot;335559731&quot;:708}\">\u00a0<\/span><\/p>\n","protected":false},"excerpt":{"rendered":"<p>Se lleva a cabo del 28 al 30 de septiembre en la Unidad de Humanidades  <\/p>\n","protected":false},"author":1775,"featured_media":135321,"comment_status":"closed","ping_status":"closed","sticky":false,"template":"","format":"standard","meta":[],"categories":[6301,61,5174],"tags":[126,257,13633,13636,171,13635,6663,12396,13634,200],"_links":{"self":[{"href":"https:\/\/www.uv.mx\/prensa\/wp-json\/wp\/v2\/posts\/135345"}],"collection":[{"href":"https:\/\/www.uv.mx\/prensa\/wp-json\/wp\/v2\/posts"}],"about":[{"href":"https:\/\/www.uv.mx\/prensa\/wp-json\/wp\/v2\/types\/post"}],"author":[{"embeddable":true,"href":"https:\/\/www.uv.mx\/prensa\/wp-json\/wp\/v2\/users\/1775"}],"replies":[{"embeddable":true,"href":"https:\/\/www.uv.mx\/prensa\/wp-json\/wp\/v2\/comments?post=135345"}],"version-history":[{"count":1,"href":"https:\/\/www.uv.mx\/prensa\/wp-json\/wp\/v2\/posts\/135345\/revisions"}],"predecessor-version":[{"id":135641,"href":"https:\/\/www.uv.mx\/prensa\/wp-json\/wp\/v2\/posts\/135345\/revisions\/135641"}],"wp:featuredmedia":[{"embeddable":true,"href":"https:\/\/www.uv.mx\/prensa\/wp-json\/wp\/v2\/media\/135321"}],"wp:attachment":[{"href":"https:\/\/www.uv.mx\/prensa\/wp-json\/wp\/v2\/media?parent=135345"}],"wp:term":[{"taxonomy":"category","embeddable":true,"href":"https:\/\/www.uv.mx\/prensa\/wp-json\/wp\/v2\/categories?post=135345"},{"taxonomy":"post_tag","embeddable":true,"href":"https:\/\/www.uv.mx\/prensa\/wp-json\/wp\/v2\/tags?post=135345"}],"curies":[{"name":"wp","href":"https:\/\/api.w.org\/{rel}","templated":true}]}}