{"id":135347,"date":"2023-09-28T20:26:03","date_gmt":"2023-09-29T01:26:03","guid":{"rendered":"https:\/\/www.uv.mx\/prensa\/?p=135347"},"modified":"2023-10-05T15:04:56","modified_gmt":"2023-10-05T20:04:56","slug":"veracruz-pionero-en-investigacion-en-inteligencia-artificial","status":"publish","type":"post","link":"https:\/\/www.uv.mx\/prensa\/ciencia\/veracruz-pionero-en-investigacion-en-inteligencia-artificial\/","title":{"rendered":"Veracruz, pionero en investigaci\u00f3n en inteligencia artificial"},"content":{"rendered":"<h2 style=\"text-align: right\"><strong><span style=\"color: #3366ff\">#PorEl4porciento<\/span><\/strong><\/h2>\n<ul>\n<li data-leveltext=\"\uf0b7\" data-font=\"Symbol\" data-listid=\"1\" data-list-defn-props=\"{&quot;335552541&quot;:1,&quot;335559684&quot;:-2,&quot;335559685&quot;:720,&quot;335559991&quot;:360,&quot;469769226&quot;:&quot;Symbol&quot;,&quot;469769242&quot;:[8226],&quot;469777803&quot;:&quot;left&quot;,&quot;469777804&quot;:&quot;\uf0b7&quot;,&quot;469777815&quot;:&quot;hybridMultilevel&quot;}\" data-aria-posinset=\"1\" data-aria-level=\"1\"><i><span data-contrast=\"auto\">Efr\u00e9n Mezura Montes, acad\u00e9mico adscrito al Instituto de Investigaciones en Inteligencia Artificial, recibi\u00f3 el Premio Estatal de Ciencia y Tecnolog\u00eda 2023<\/span><\/i><span data-ccp-props=\"{}\">\u00a0<\/span><\/li>\n<li data-leveltext=\"\uf0b7\" data-font=\"Symbol\" data-listid=\"1\" data-list-defn-props=\"{&quot;335552541&quot;:1,&quot;335559684&quot;:-2,&quot;335559685&quot;:720,&quot;335559991&quot;:360,&quot;469769226&quot;:&quot;Symbol&quot;,&quot;469769242&quot;:[8226],&quot;469777803&quot;:&quot;left&quot;,&quot;469777804&quot;:&quot;\uf0b7&quot;,&quot;469777815&quot;:&quot;hybridMultilevel&quot;}\" data-aria-posinset=\"2\" data-aria-level=\"1\"><i><span data-contrast=\"auto\">La UV es una de las instituciones que genera estudios en IA, s\u00f3lo requiere vinculaci\u00f3n con el sector productivo para incorporar los proyectos generados, afirm\u00f3 el catedr\u00e1tico<\/span><\/i><span data-ccp-props=\"{}\">\u00a0<\/span><\/li>\n<\/ul>\n<p><span data-ccp-props=\"{}\">\u00a0<\/span><\/p>\n<div id=\"attachment_135318\" style=\"width: 610px\" class=\"wp-caption aligncenter\"><img aria-describedby=\"caption-attachment-135318\" decoding=\"async\" loading=\"lazy\" class=\"size-full wp-image-135318\" src=\"https:\/\/www.uv.mx\/prensa\/files\/2023\/09\/280923-PAOLA-Efren-Mezura-1.jpg\" alt=\"\" width=\"600\" height=\"800\" srcset=\"https:\/\/www.uv.mx\/prensa\/files\/2023\/09\/280923-PAOLA-Efren-Mezura-1.jpg 600w, https:\/\/www.uv.mx\/prensa\/files\/2023\/09\/280923-PAOLA-Efren-Mezura-1-225x300.jpg 225w\" sizes=\"(max-width: 600px) 100vw, 600px\" \/><p id=\"caption-attachment-135318\" class=\"wp-caption-text\">Efr\u00e9n Mezura recibi\u00f3 el Premio Estatal de Ciencia y Tecnolog\u00eda 2023<\/p><\/div>\n<p><span data-ccp-props=\"{}\">\u00a0<\/span><\/p>\n<p><b><i><span data-contrast=\"auto\">Paola Cort\u00e9s P\u00e9rez<\/span><\/i><\/b><span data-ccp-props=\"{}\">\u00a0<\/span><\/p>\n<p><b><i><span data-contrast=\"auto\">Fotos: Cortes\u00eda Efr\u00e9n Mezura Montes (1 y 2) y Facebook IIIA (3)<\/span><\/i><\/b><span data-ccp-props=\"{}\">\u00a0<\/span><\/p>\n<p><b><i><span data-contrast=\"auto\">28\/09\/2023, Xalapa, Ver.-<\/span><\/i><\/b><span data-contrast=\"auto\"> Efr\u00e9n Mezura Montes, investigador adscrito al <a href=\"https:\/\/www.uv.mx\/iiia\/\" target=\"_blank\" rel=\"noopener\">Instituto de Investigaciones en Inteligencia Artificial<\/a> (IIIA) de la Universidad Veracruzana (UV), recibi\u00f3 del Consejo Veracruzano de Investigaci\u00f3n Cient\u00edfica y Desarrollo Tecnol\u00f3gico (<\/span><i><span data-contrast=\"auto\">Coveicydet<\/span><\/i><span data-contrast=\"auto\">) el Premio Estatal de Ciencia y Tecnolog\u00eda 2023, en el \u00e1rea de Ingenier\u00edas, por su investigaci\u00f3n y aportaciones en materia de inteligencia artificial (IA).<\/span><span data-ccp-props=\"{}\">\u00a0<\/span><\/p>\n<p><span data-contrast=\"auto\">\u201cEs una alegr\u00eda recibir este tipo de reconocimientos porque reflejan \u2013sin duda\u2013 el trabajo de a\u00f1os, pero particularmente la labor realizada en equipo con estudiantes brillantes, colegas del mismo instituto y de otras instituciones\u201d, expres\u00f3.<\/span><span data-ccp-props=\"{&quot;335559731&quot;:708}\">\u00a0<\/span><\/p>\n<p><span data-contrast=\"auto\">Para hacerse acreedor al premio, cont\u00f3 que les solicitan la producci\u00f3n cient\u00edfica y acad\u00e9mica de los \u00faltimos tres a\u00f1os, adem\u00e1s de evaluar la formaci\u00f3n de recursos humanos, tesis dirigidas, productos de investigaci\u00f3n, art\u00edculos y cap\u00edtulos publicados en revistas y libros.<\/span><span data-ccp-props=\"{&quot;335559731&quot;:708}\">\u00a0<\/span><\/p>\n<p><span data-contrast=\"auto\">Record\u00f3 que es complicado desarrollar investigaci\u00f3n en M\u00e9xico porque los recursos son insuficientes, situaci\u00f3n que ha llevado a los especialistas a hacer un esfuerzo extra rindiendo sus frutos: investigaci\u00f3n de alto nivel y recursos humanos especializados que han impactado en el desarrollo del estado.<\/span><span data-ccp-props=\"{&quot;335559731&quot;:708}\">\u00a0<\/span><\/p>\n<p><span data-contrast=\"auto\">Entonces, plante\u00f3 que el mensaje ser\u00eda: \u201cImaginemos qu\u00e9 se podr\u00eda hacer si se destinaran m\u00e1s recursos a la investigaci\u00f3n y a la ciencia; creo que es un \u00e1rea de oportunidad\u201d.<\/span><span data-ccp-props=\"{&quot;335559731&quot;:708}\">\u00a0<\/span><\/p>\n<p><span data-contrast=\"auto\">En esta ocasi\u00f3n fueron cinco los investigadores de la UV galardonados con el premio, lo que muestra el impacto y la influencia de esta casa de estudios en el territorio estatal no s\u00f3lo en materia educativa: \u201cnos compromete a desarrollar proyectos tecnol\u00f3gicos y cient\u00edficos de calidad con proyecci\u00f3n a nivel estatal, nacional e internacional\u201d, subray\u00f3 Efr\u00e9n Mezura.<\/span><span data-ccp-props=\"{&quot;335559731&quot;:708}\">\u00a0<\/span><\/p>\n<p><span data-ccp-props=\"{}\">\u00a0<\/span><\/p>\n<div id=\"attachment_135320\" style=\"width: 732px\" class=\"wp-caption aligncenter\"><img aria-describedby=\"caption-attachment-135320\" decoding=\"async\" loading=\"lazy\" class=\"size-full wp-image-135320\" src=\"https:\/\/www.uv.mx\/prensa\/files\/2023\/09\/280923-PAOLA-Efren-Mezura-2.jpg\" alt=\"\" width=\"722\" height=\"325\" srcset=\"https:\/\/www.uv.mx\/prensa\/files\/2023\/09\/280923-PAOLA-Efren-Mezura-2.jpg 722w, https:\/\/www.uv.mx\/prensa\/files\/2023\/09\/280923-PAOLA-Efren-Mezura-2-300x135.jpg 300w\" sizes=\"(max-width: 722px) 100vw, 722px\" \/><p id=\"caption-attachment-135320\" class=\"wp-caption-text\">La investigaci\u00f3n desarrollada por la UV ha impactado en el desarrollo del estado, sostuvo el universitario<\/p><\/div>\n<p>&nbsp;<\/p>\n<p><b><span data-contrast=\"auto\">Veracruz, pionero en inteligencia artificial<\/span><\/b><span data-ccp-props=\"{}\">\u00a0<\/span><\/p>\n<p><span data-contrast=\"auto\">El estado es pionero en IA pues en 1994 los investigadores de la UV Jos\u00e9 Negrete, Ang\u00e9lica Garc\u00eda y Cristina Loyo, entre otros, fundaron la Maestr\u00eda en Inteligencia Artificial, que actualmente tiene una gran responsabilidad para mantener su calidad.<\/span><span data-ccp-props=\"{}\">\u00a0<\/span><\/p>\n<p><span data-contrast=\"auto\">La UV es una de las instituciones fuertes y s\u00f3lidas en el pa\u00eds que genera investigaci\u00f3n en IA, s\u00f3lo se requiere una mayor vinculaci\u00f3n con el sector productivo para que los proyectos sean incorporados por la iniciativa privada.<\/span><span data-ccp-props=\"{&quot;335559731&quot;:708}\">\u00a0<\/span><\/p>\n<p><span data-contrast=\"auto\">\u201cEl instituto cuenta con investigadores pertenecientes al Sistema Nacional de Investigadores (SNI); una Maestr\u00eda y Doctorado en Inteligencia Artificial pertenecientes al Sistema Nacional de Posgrados (SNP) y becas para nuestros estudiantes\u201d, coment\u00f3.<\/span><span data-ccp-props=\"{&quot;335559731&quot;:708}\">\u00a0<\/span><\/p>\n<p><span data-contrast=\"auto\">Sin embargo, dijo que los esfuerzos deben enfocarse en socializar y desmitificar a la IA para convertirla en una herramienta para el humano y evitar que cause miedo, incertidumbre y pensamientos negativos.<\/span><span data-ccp-props=\"{&quot;335559731&quot;:708}\">\u00a0<\/span><\/p>\n<p><span data-contrast=\"auto\">\u201cTenemos que aprender a utilizarla para el bien com\u00fan y que mejore la calidad de vida a trav\u00e9s de difundir y dar a conocer sus alcances y hasta d\u00f3nde se puede llegar con ella; tal vez algunos empleos est\u00e9n en riesgo o se pierdan, otros m\u00e1s ser\u00e1n fortalecidos, pero es necesario incorporar las tecnolog\u00edas para enriquecerlos. Adem\u00e1s, la IA requiere del acompa\u00f1amiento, la vista y opini\u00f3n humana para los resultados y que no sea tan autom\u00e1tica.\u201d<\/span><span data-ccp-props=\"{&quot;335559731&quot;:708}\">\u00a0<\/span><\/p>\n<p><span data-contrast=\"auto\">Por \u00faltimo, invit\u00f3 a las nuevas generaciones a acercarse a la carrera cient\u00edfica, y a quienes est\u00e1n indecisos sobre lo que har\u00e1n en el futuro, visitar los centros e institutos de investigaci\u00f3n.<\/span><span data-ccp-props=\"{&quot;335559731&quot;:708}\">\u00a0<\/span><\/p>\n<p><span data-contrast=\"auto\">\u201cQueremos sumar a las nuevas generaciones, pues si bien hay buena ciencia en M\u00e9xico tambi\u00e9n hay muchos problemas que debemos atacar y resolver, muchas cosas que investigar y hacen falta manos\u201d, concluy\u00f3.<\/span><span data-ccp-props=\"{&quot;335559731&quot;:708}\">\u00a0<\/span><\/p>\n<div id=\"attachment_135319\" style=\"width: 732px\" class=\"wp-caption aligncenter\"><img aria-describedby=\"caption-attachment-135319\" decoding=\"async\" loading=\"lazy\" class=\"size-full wp-image-135319\" src=\"https:\/\/www.uv.mx\/prensa\/files\/2023\/09\/280923-PAOLA-Entrevista-Efren-Mezura-3.jpg\" alt=\"\" width=\"722\" height=\"481\" srcset=\"https:\/\/www.uv.mx\/prensa\/files\/2023\/09\/280923-PAOLA-Entrevista-Efren-Mezura-3.jpg 722w, https:\/\/www.uv.mx\/prensa\/files\/2023\/09\/280923-PAOLA-Entrevista-Efren-Mezura-3-300x200.jpg 300w\" sizes=\"(max-width: 722px) 100vw, 722px\" \/><p id=\"caption-attachment-135319\" class=\"wp-caption-text\">Coveicydet reconoci\u00f3 al investigador de la UV por sus aportaciones en materia de inteligencia artificial<\/p><\/div>\n","protected":false},"excerpt":{"rendered":"<p>Efr\u00e9n Mezura Montes dijo que es necesario enfocarse en socializar y desmitificar a la IA, para convertirla en una herramienta para el humano y evitar que cause incertidumbre\u00a0<\/p>\n","protected":false},"author":2349,"featured_media":135354,"comment_status":"closed","ping_status":"closed","sticky":false,"template":"","format":"standard","meta":[],"categories":[45,47,61,51],"tags":[510,9007,9799,80,4164,13606,4882,10102,13028,269],"_links":{"self":[{"href":"https:\/\/www.uv.mx\/prensa\/wp-json\/wp\/v2\/posts\/135347"}],"collection":[{"href":"https:\/\/www.uv.mx\/prensa\/wp-json\/wp\/v2\/posts"}],"about":[{"href":"https:\/\/www.uv.mx\/prensa\/wp-json\/wp\/v2\/types\/post"}],"author":[{"embeddable":true,"href":"https:\/\/www.uv.mx\/prensa\/wp-json\/wp\/v2\/users\/2349"}],"replies":[{"embeddable":true,"href":"https:\/\/www.uv.mx\/prensa\/wp-json\/wp\/v2\/comments?post=135347"}],"version-history":[{"count":1,"href":"https:\/\/www.uv.mx\/prensa\/wp-json\/wp\/v2\/posts\/135347\/revisions"}],"predecessor-version":[{"id":135642,"href":"https:\/\/www.uv.mx\/prensa\/wp-json\/wp\/v2\/posts\/135347\/revisions\/135642"}],"wp:featuredmedia":[{"embeddable":true,"href":"https:\/\/www.uv.mx\/prensa\/wp-json\/wp\/v2\/media\/135354"}],"wp:attachment":[{"href":"https:\/\/www.uv.mx\/prensa\/wp-json\/wp\/v2\/media?parent=135347"}],"wp:term":[{"taxonomy":"category","embeddable":true,"href":"https:\/\/www.uv.mx\/prensa\/wp-json\/wp\/v2\/categories?post=135347"},{"taxonomy":"post_tag","embeddable":true,"href":"https:\/\/www.uv.mx\/prensa\/wp-json\/wp\/v2\/tags?post=135347"}],"curies":[{"name":"wp","href":"https:\/\/api.w.org\/{rel}","templated":true}]}}