{"id":135589,"date":"2023-10-05T07:55:34","date_gmt":"2023-10-05T12:55:34","guid":{"rendered":"https:\/\/www.uv.mx\/prensa\/?p=135589"},"modified":"2023-10-05T16:56:07","modified_gmt":"2023-10-05T21:56:07","slug":"osx-ofrecera-el-titan-de-mahler","status":"publish","type":"post","link":"https:\/\/www.uv.mx\/prensa\/general\/osx-ofrecera-el-titan-de-mahler\/","title":{"rendered":"OSX ofrecer\u00e1 <i>El Tit\u00e1n<\/i> de Mahler"},"content":{"rendered":"<h2 style=\"text-align: right\"><strong><span style=\"color: #3366ff\">#PorEl4porciento<\/span><\/strong><\/h2>\n<ul>\n<li data-leveltext=\"\uf0b7\" data-font=\"Symbol\" data-listid=\"1\" data-list-defn-props=\"{&quot;335551671&quot;:0,&quot;335552541&quot;:1,&quot;335559684&quot;:-2,&quot;335559685&quot;:720,&quot;335559991&quot;:360,&quot;469769226&quot;:&quot;Symbol&quot;,&quot;469769242&quot;:[8226],&quot;469777803&quot;:&quot;left&quot;,&quot;469777804&quot;:&quot;\uf0b7&quot;,&quot;469777815&quot;:&quot;hybridMultilevel&quot;}\" data-aria-posinset=\"0\" data-aria-level=\"1\"><i><span data-contrast=\"auto\">Una de las partituras m\u00e1s difundidas del maestro de Kalischt<\/span><\/i><span data-ccp-props=\"{&quot;201341983&quot;:0,&quot;335559739&quot;:0,&quot;335559740&quot;:240}\">\u00a0<\/span><\/li>\n<li data-leveltext=\"\uf0b7\" data-font=\"Symbol\" data-listid=\"1\" data-list-defn-props=\"{&quot;335551671&quot;:0,&quot;335552541&quot;:1,&quot;335559684&quot;:-2,&quot;335559685&quot;:720,&quot;335559991&quot;:360,&quot;469769226&quot;:&quot;Symbol&quot;,&quot;469769242&quot;:[8226],&quot;469777803&quot;:&quot;left&quot;,&quot;469777804&quot;:&quot;\uf0b7&quot;,&quot;469777815&quot;:&quot;hybridMultilevel&quot;}\" data-aria-posinset=\"0\" data-aria-level=\"1\"><i><span data-contrast=\"auto\">La direcci\u00f3n ser\u00e1 de Martin Lebel, titular del organismo universitario<\/span><\/i><span data-ccp-props=\"{&quot;201341983&quot;:0,&quot;335559739&quot;:0,&quot;335559740&quot;:240}\">\u00a0<\/span><\/li>\n<\/ul>\n<p><span data-ccp-props=\"{&quot;201341983&quot;:0,&quot;335559739&quot;:0,&quot;335559740&quot;:240}\">\u00a0<\/span><\/p>\n<div id=\"attachment_135554\" style=\"width: 732px\" class=\"wp-caption aligncenter\"><img aria-describedby=\"caption-attachment-135554\" decoding=\"async\" loading=\"lazy\" class=\"size-full wp-image-135554\" src=\"https:\/\/www.uv.mx\/prensa\/files\/2023\/10\/04-10-23-PACHECO-OSX-5-oct-Foto-1-100k.jpg\" alt=\"\" width=\"722\" height=\"481\" srcset=\"https:\/\/www.uv.mx\/prensa\/files\/2023\/10\/04-10-23-PACHECO-OSX-5-oct-Foto-1-100k.jpg 722w, https:\/\/www.uv.mx\/prensa\/files\/2023\/10\/04-10-23-PACHECO-OSX-5-oct-Foto-1-100k-300x200.jpg 300w\" sizes=\"(max-width: 722px) 100vw, 722px\" \/><p id=\"caption-attachment-135554\" class=\"wp-caption-text\">La Orquesta Sinf\u00f3nica de Xalapa ensaya <em>El Tit\u00e1n<\/em> de Mahler<\/p><\/div>\n<p><span data-ccp-props=\"{&quot;201341983&quot;:0,&quot;335559739&quot;:0,&quot;335559740&quot;:240}\">\u00a0<\/span><\/p>\n<p><b><i>Redacci\u00f3n Universo <\/i><\/b><\/p>\n<p><b><i>Fotos: OSX<\/i><\/b><\/p>\n<p><b><i><span data-contrast=\"auto\">05\/10\/2023, Xalapa, Ver.-<\/span><\/i><\/b><span data-contrast=\"auto\"> La <\/span><i><span data-contrast=\"auto\">Sinfon\u00eda N\u00famero 1<\/span><\/i><span data-contrast=\"auto\">, conocida como <\/span><i><span data-contrast=\"auto\">El Tit\u00e1n<\/span><\/i><span data-contrast=\"auto\">, de Gustav Mahler ser\u00e1 interpretada por la <a href=\"https:\/\/www.orquestasinfonicadexalapa.com\/\" target=\"_blank\" rel=\"noopener\">Orquesta Sinf\u00f3nica de Xalapa<\/a> (OSX) de la Universidad Veracruzana (UV) el viernes 6 de octubre en Tlaqn\u00e1, Centro Cultural. El programa se complementar\u00e1 con el intermezzo para la \u00f3pera en un acto <\/span><i><span data-contrast=\"auto\">Suor Angelica<\/span><\/i><span data-contrast=\"auto\"> de Giacomo Puccini. La direcci\u00f3n ser\u00e1 de Martin Lebel y se anuncia para iniciar en punto de las 20:00 horas.<\/span><span data-ccp-props=\"{&quot;201341983&quot;:0,&quot;335559739&quot;:0,&quot;335559740&quot;:240}\">\u00a0<\/span><\/p>\n<p><i><span data-contrast=\"auto\">Suor Angelica<\/span><\/i><span data-contrast=\"auto\"> es una \u00f3pera estrenada en 1918, cuyo libreto se ubica en la Italia del siglo XVII, donde la condena social cae sobre una mujer por tener un hijo fuera del matrimonio. El intermezzo \u201clogra trasmitir un clima emocional intenso y variado, por momentos l\u00edrico, en el que tambi\u00e9n resuena el inconfundible rumor de la muerte\u201d, escribi\u00f3 Alfonso Colorado, director general de Difusi\u00f3n Cultural de la UV.<\/span><span data-ccp-props=\"{&quot;201341983&quot;:0,&quot;335559739&quot;:0,&quot;335559740&quot;:240}\">\u00a0<\/span><\/p>\n<p><span data-contrast=\"auto\">Con respecto a <\/span><i><span data-contrast=\"auto\">El Tit\u00e1n<\/span><\/i><span data-contrast=\"auto\">, indic\u00f3 que \u201cla partitura de Mahler es rica en propuestas sonoras novedosas, busca deliberadamente provocar el asombro del auditorio. La primera parte corresponde a los d\u00edas de juventud, con su secuencia alternada de \u2018flores y espinas\u2019; la segunda mitad, ilustra una <\/span><i><span data-contrast=\"auto\">Commedia umana<\/span><\/i><span data-contrast=\"auto\"> con su correspondiente marcha f\u00fanebre \u2013motivo recurrente en la obra mahleriana\u2013 y su feroz tr\u00e1nsito <\/span><i><span data-contrast=\"auto\">Dall\u2019inferno al paradiso<\/span><\/i><span data-contrast=\"auto\">, en lejana imitaci\u00f3n de aquel otro viaje de la literatura medieval que, justo a la mitad del camino de su vida, emprendiera Dante Alighieri\u201d.<\/span><span data-ccp-props=\"{&quot;201341983&quot;:0,&quot;335559739&quot;:0,&quot;335559740&quot;:240}\">\u00a0<\/span><\/p>\n<p>&nbsp;<\/p>\n<div id=\"attachment_135555\" style=\"width: 732px\" class=\"wp-caption aligncenter\"><img aria-describedby=\"caption-attachment-135555\" decoding=\"async\" loading=\"lazy\" class=\"size-full wp-image-135555\" src=\"https:\/\/www.uv.mx\/prensa\/files\/2023\/10\/04-10-23-PACHECO-OSX-5-oct-Foto-2-100k.jpg\" alt=\"\" width=\"722\" height=\"452\" srcset=\"https:\/\/www.uv.mx\/prensa\/files\/2023\/10\/04-10-23-PACHECO-OSX-5-oct-Foto-2-100k.jpg 722w, https:\/\/www.uv.mx\/prensa\/files\/2023\/10\/04-10-23-PACHECO-OSX-5-oct-Foto-2-100k-300x188.jpg 300w, https:\/\/www.uv.mx\/prensa\/files\/2023\/10\/04-10-23-PACHECO-OSX-5-oct-Foto-2-100k-200x125.jpg 200w\" sizes=\"(max-width: 722px) 100vw, 722px\" \/><p id=\"caption-attachment-135555\" class=\"wp-caption-text\">Panor\u00e1mica de las sesiones en la sala principal de Tlaqn\u00e1, Centro Cultural<\/p><\/div>\n<p>&nbsp;<\/p>\n<p><span data-contrast=\"auto\">Por su parte, el acad\u00e9mico Guillermo Cuevas redact\u00f3 que \u201ccon el paso de los a\u00f1os, Mahler finalmente se atrever\u00e1 a ser heredero de Beethoven y Bruckner: llamar\u00e1 \u2018sinfon\u00eda\u2019 a su <\/span><i><span data-contrast=\"auto\">Tit\u00e1n<\/span><\/i><span data-contrast=\"auto\"> y la reducir\u00e1 a los cuatro movimientos tradicionales del g\u00e9nero\u201d.<\/span><span data-ccp-props=\"{&quot;201341983&quot;:0,&quot;335559739&quot;:0,&quot;335559740&quot;:240}\">\u00a0<\/span><\/p>\n<p><span data-contrast=\"auto\">A las 19:00 horas se anuncia la charla de concierto, que se realiza cada viernes en la sala did\u00e1ctica adjunta. La disertaci\u00f3n ser\u00e1 de Rub\u00e9n Flores, director de la Orquesta Universitaria de M\u00fasica Popular.<\/span><span data-ccp-props=\"{&quot;201341983&quot;:0,&quot;335559731&quot;:708,&quot;335559739&quot;:0,&quot;335559740&quot;:240}\">\u00a0<\/span><\/p>\n<p><span data-contrast=\"auto\">Los boletos en l\u00ednea est\u00e1n a disposici\u00f3n en <\/span><a href=\"http:\/\/www.orquestasinfonicadexalapa.com\/\"><span data-contrast=\"none\">www.orquestasinfonicadexalapa.com<\/span><\/a><span data-contrast=\"auto\">, en Tiendas UV y en la taquilla de Tlaqn\u00e1.<\/span><span data-ccp-props=\"{&quot;201341983&quot;:0,&quot;335559739&quot;:0,&quot;335559740&quot;:240}\">\u00a0<\/span><\/p>\n","protected":false},"excerpt":{"rendered":"<p>Combinaci\u00f3n de autores italiano y austriaco: un breve fragmento sinf\u00f3nico de Puccini y la m\u00e1s difundida partitura del post-rom\u00e1ntico y tormentoso sinfonista\u00a0<\/p>\n","protected":false},"author":2349,"featured_media":135556,"comment_status":"closed","ping_status":"closed","sticky":false,"template":"","format":"standard","meta":[],"categories":[11,1,61],"tags":[681,13747,9492,9695,1828,13748,10445,232,4735,13749,9045,96],"_links":{"self":[{"href":"https:\/\/www.uv.mx\/prensa\/wp-json\/wp\/v2\/posts\/135589"}],"collection":[{"href":"https:\/\/www.uv.mx\/prensa\/wp-json\/wp\/v2\/posts"}],"about":[{"href":"https:\/\/www.uv.mx\/prensa\/wp-json\/wp\/v2\/types\/post"}],"author":[{"embeddable":true,"href":"https:\/\/www.uv.mx\/prensa\/wp-json\/wp\/v2\/users\/2349"}],"replies":[{"embeddable":true,"href":"https:\/\/www.uv.mx\/prensa\/wp-json\/wp\/v2\/comments?post=135589"}],"version-history":[{"count":1,"href":"https:\/\/www.uv.mx\/prensa\/wp-json\/wp\/v2\/posts\/135589\/revisions"}],"predecessor-version":[{"id":135609,"href":"https:\/\/www.uv.mx\/prensa\/wp-json\/wp\/v2\/posts\/135589\/revisions\/135609"}],"wp:featuredmedia":[{"embeddable":true,"href":"https:\/\/www.uv.mx\/prensa\/wp-json\/wp\/v2\/media\/135556"}],"wp:attachment":[{"href":"https:\/\/www.uv.mx\/prensa\/wp-json\/wp\/v2\/media?parent=135589"}],"wp:term":[{"taxonomy":"category","embeddable":true,"href":"https:\/\/www.uv.mx\/prensa\/wp-json\/wp\/v2\/categories?post=135589"},{"taxonomy":"post_tag","embeddable":true,"href":"https:\/\/www.uv.mx\/prensa\/wp-json\/wp\/v2\/tags?post=135589"}],"curies":[{"name":"wp","href":"https:\/\/api.w.org\/{rel}","templated":true}]}}