{"id":135704,"date":"2023-10-06T21:42:05","date_gmt":"2023-10-07T02:42:05","guid":{"rendered":"https:\/\/www.uv.mx\/prensa\/?p=135704"},"modified":"2023-10-06T21:42:05","modified_gmt":"2023-10-07T02:42:05","slug":"coleccion-feminismos-abre-nuevos-cauces-a-la-labor-editorial-de-la-uv","status":"publish","type":"post","link":"https:\/\/www.uv.mx\/prensa\/cultura\/coleccion-feminismos-abre-nuevos-cauces-a-la-labor-editorial-de-la-uv\/","title":{"rendered":"Colecci\u00f3n Feminismos abre nuevos cauces a la labor editorial de la UV"},"content":{"rendered":"<h2 style=\"text-align: right\"><strong><span style=\"color: #3366ff\">#PorEl4porciento<\/span><\/strong><\/h2>\n<ul>\n<li data-leveltext=\"\uf0b7\" data-font=\"Symbol\" data-listid=\"1\" data-list-defn-props=\"{&quot;335551671&quot;:0,&quot;335552541&quot;:1,&quot;335559684&quot;:-2,&quot;335559685&quot;:720,&quot;335559991&quot;:360,&quot;469769226&quot;:&quot;Symbol&quot;,&quot;469769242&quot;:[8226],&quot;469777803&quot;:&quot;left&quot;,&quot;469777804&quot;:&quot;\uf0b7&quot;,&quot;469777815&quot;:&quot;hybridMultilevel&quot;}\" data-aria-posinset=\"0\" data-aria-level=\"1\"><span data-contrast=\"auto\">El poder de las mujeres. Un desaf\u00edo para la democracia<\/span><i><span data-contrast=\"auto\">, de Giulia Sissa, fue presentado en la Unidad de Humanidades<\/span><\/i><span data-ccp-props=\"{&quot;201341983&quot;:0,&quot;335559739&quot;:0,&quot;335559740&quot;:240}\">\u00a0<\/span><\/li>\n<li data-leveltext=\"\uf0b7\" data-font=\"Symbol\" data-listid=\"1\" data-list-defn-props=\"{&quot;335551671&quot;:0,&quot;335552541&quot;:1,&quot;335559684&quot;:-2,&quot;335559685&quot;:720,&quot;335559991&quot;:360,&quot;469769226&quot;:&quot;Symbol&quot;,&quot;469769242&quot;:[8226],&quot;469777803&quot;:&quot;left&quot;,&quot;469777804&quot;:&quot;\uf0b7&quot;,&quot;469777815&quot;:&quot;hybridMultilevel&quot;}\" data-aria-posinset=\"0\" data-aria-level=\"1\"><i><span data-contrast=\"auto\">La obra explica el papel hist\u00f3rico y actual de las mujeres en el \u00e1mbito democr\u00e1tico y c\u00f3mo han sido concebidas dentro de \u00e9l<\/span><\/i><span data-ccp-props=\"{&quot;201341983&quot;:0,&quot;335559739&quot;:0,&quot;335559740&quot;:240}\">\u00a0<\/span><\/li>\n<\/ul>\n<p><span data-ccp-props=\"{&quot;201341983&quot;:0,&quot;335559739&quot;:0,&quot;335559740&quot;:240}\">\u00a0<\/span><\/p>\n<div id=\"attachment_135694\" style=\"width: 732px\" class=\"wp-caption aligncenter\"><img aria-describedby=\"caption-attachment-135694\" decoding=\"async\" loading=\"lazy\" class=\"size-full wp-image-135694\" src=\"https:\/\/www.uv.mx\/prensa\/files\/2023\/10\/061023-COUTTOLENC-Presentacion-libro-de-Giulia-Sissa-2.jpg\" alt=\"\" width=\"722\" height=\"422\" srcset=\"https:\/\/www.uv.mx\/prensa\/files\/2023\/10\/061023-COUTTOLENC-Presentacion-libro-de-Giulia-Sissa-2.jpg 722w, https:\/\/www.uv.mx\/prensa\/files\/2023\/10\/061023-COUTTOLENC-Presentacion-libro-de-Giulia-Sissa-2-300x175.jpg 300w\" sizes=\"(max-width: 722px) 100vw, 722px\" \/><p id=\"caption-attachment-135694\" class=\"wp-caption-text\">Juan Ortiz Escamilla se\u00f1al\u00f3 que la colecci\u00f3n Feminismos abre nuevos cauces a la labor editorial de la UV<\/p><\/div>\n<p><span data-ccp-props=\"{&quot;201341983&quot;:0,&quot;335559739&quot;:0,&quot;335559740&quot;:240}\">\u00a0<\/span><\/p>\n<p><b><i><span data-contrast=\"auto\">Jos\u00e9 Luis Couttolenc Soto<\/span><\/i><\/b><span data-ccp-props=\"{&quot;201341983&quot;:0,&quot;335559739&quot;:0,&quot;335559740&quot;:240}\">\u00a0<\/span><\/p>\n<p><b><i><span data-contrast=\"auto\">Fotos: Luis Fernando Fern\u00e1ndez<\/span><\/i><\/b><span data-ccp-props=\"{&quot;201341983&quot;:0,&quot;335559739&quot;:0,&quot;335559740&quot;:240}\">\u00a0<\/span><\/p>\n<p><b><i><span data-contrast=\"auto\">06\/10\/2023, Xalapa, Ver.- <\/span><\/i><\/b><span data-contrast=\"auto\">Con la presentaci\u00f3n del libro <\/span><i><span data-contrast=\"auto\">El poder de las mujeres. Un desaf\u00edo para la democracia<\/span><\/i><span data-contrast=\"auto\">, de la escritora italiana Giulia Sissa, la Editorial de la Universidad Veracruzana (UV) inaugur\u00f3 la colecci\u00f3n Feminismos.<\/span><span data-ccp-props=\"{&quot;201341983&quot;:0,&quot;335559739&quot;:0,&quot;335559740&quot;:240}\">\u00a0<\/span><\/p>\n<p><span data-contrast=\"auto\">Acompa\u00f1ado de la autora y Jaqueline Jonguitud Zamora, secretaria de Desarrollo Institucional, Juan Ortiz Escamilla, secretario Acad\u00e9mico, expres\u00f3 que la UV y su Editorial siempre han estado abiertas a lo mejor del pensamiento universal y a las principales discusiones del quehacer social que se dan en el terreno internacional.<\/span><span data-ccp-props=\"{&quot;201341983&quot;:0,&quot;335559731&quot;:708,&quot;335559739&quot;:0,&quot;335559740&quot;:240}\">\u00a0<\/span><\/p>\n<p><span data-contrast=\"auto\">Destac\u00f3 que dicha condici\u00f3n se refrenda ahora por partida doble: editando un libro excepcional como <\/span><i><span data-contrast=\"auto\">El poder de las mujeres. Un desaf\u00edo para la democracia<\/span><\/i><span data-contrast=\"auto\">, e iniciando con la obra la colecci\u00f3n Feminismos, que hace eco a uno de los movimientos sociales m\u00e1s importantes de los \u00faltimos a\u00f1os en el mundo.<\/span><span data-ccp-props=\"{&quot;201341983&quot;:0,&quot;335559739&quot;:0,&quot;335559740&quot;:240}\">\u00a0<\/span><\/p>\n<p><span data-contrast=\"auto\">En su intervenci\u00f3n, Estela Casados Gonz\u00e1lez, del Observatorio Universitario de Violencia Contra las Mujeres, apunt\u00f3 que no era coincidencia que la apertura de Feminismos<\/span> <span data-contrast=\"auto\">se diera del brazo del libro de Giulia Sissa, dado que se trata de un texto indispensable para explicar el papel hist\u00f3rico y actual de la mujer en el \u00e1mbito democr\u00e1tico, as\u00ed como la manera en que han sido concebidas dentro del mismo.<\/span><\/p>\n<p>&nbsp;<\/p>\n<div id=\"attachment_135693\" style=\"width: 732px\" class=\"wp-caption aligncenter\"><img aria-describedby=\"caption-attachment-135693\" decoding=\"async\" loading=\"lazy\" class=\"size-full wp-image-135693\" src=\"https:\/\/www.uv.mx\/prensa\/files\/2023\/10\/061023-COUTTOLENC-Presentacion-libro-de-Giulia-Sissa-1.jpg\" alt=\"\" width=\"722\" height=\"459\" srcset=\"https:\/\/www.uv.mx\/prensa\/files\/2023\/10\/061023-COUTTOLENC-Presentacion-libro-de-Giulia-Sissa-1.jpg 722w, https:\/\/www.uv.mx\/prensa\/files\/2023\/10\/061023-COUTTOLENC-Presentacion-libro-de-Giulia-Sissa-1-300x191.jpg 300w\" sizes=\"(max-width: 722px) 100vw, 722px\" \/><p id=\"caption-attachment-135693\" class=\"wp-caption-text\">En el auditorio de la Unidad de Humanidades fue presentado el libro El poder de las mujeres. Un desaf\u00edo para la democracia, de Giulia Sissa<\/p><\/div>\n<p>&nbsp;<\/p>\n<p><span data-contrast=\"auto\">Record\u00f3 que en fecha pr\u00f3xima las mujeres tendr\u00e1n participaci\u00f3n activa en elecciones federales y que no ser\u00e1n las \u00fanicas que se encuentren en un momento hist\u00f3rico a la sombra de partidos pol\u00edticos, \u201clo est\u00e1n tambi\u00e9n en la cotidianidad quienes salen a protestar, a presionar a las autoridades, a demandar agua, que no nos maten ni desaparezcan\u201d.<\/span><span data-ccp-props=\"{&quot;201341983&quot;:0,&quot;335559739&quot;:0,&quot;335559740&quot;:240}\">\u00a0<\/span><\/p>\n<p><span data-contrast=\"auto\">Por su parte, la autora consider\u00f3 que la democracia es sexista y masculinista, en donde el gobierno es de muchos pero no de todos, s\u00f3lo los hombres son ciudadanos aut\u00f3nomos, en donde los esclavos, los ni\u00f1os y mujeres no pueden participar.<\/span><span data-ccp-props=\"{&quot;201341983&quot;:0,&quot;335559739&quot;:0,&quot;335559740&quot;:240}\">\u00a0<\/span><\/p>\n<p><span data-contrast=\"auto\">Dijo que en la antig\u00fcedad los hombres ten\u00edan una actitud b\u00e9lica y en el \u00e1mbito pol\u00edtico s\u00f3lo ellos se consideran capaces de gobernar, tanto por caracter\u00edsticas corporales como por capacidad de decisi\u00f3n.<\/span><span data-ccp-props=\"{&quot;201341983&quot;:0,&quot;335559739&quot;:0,&quot;335559740&quot;:240}\">\u00a0<\/span><\/p>\n<p><span data-contrast=\"auto\">Sin embargo, Giulia Sissa expres\u00f3 que hay tambi\u00e9n un modelo parad\u00f3jico respecto al gobierno democr\u00e1tico, en donde se pod\u00edan ver mujeres que lideraban y guiaban a su familia, pero tambi\u00e9n pod\u00edan guiar armadas y esto expone una caracter\u00edstica fundamental de la democracia.<\/span><span data-ccp-props=\"{&quot;201341983&quot;:0,&quot;335559739&quot;:0,&quot;335559740&quot;:240}\">\u00a0<\/span><\/p>\n<p>&nbsp;<\/p>\n<div id=\"attachment_135703\" style=\"width: 732px\" class=\"wp-caption aligncenter\"><img aria-describedby=\"caption-attachment-135703\" decoding=\"async\" loading=\"lazy\" class=\"size-full wp-image-135703\" src=\"https:\/\/www.uv.mx\/prensa\/files\/2023\/10\/061023-COUTTOLENC-Presentacion-libro-de-Giulia-Sissa-3-100k.jpg\" alt=\"\" width=\"722\" height=\"481\" srcset=\"https:\/\/www.uv.mx\/prensa\/files\/2023\/10\/061023-COUTTOLENC-Presentacion-libro-de-Giulia-Sissa-3-100k.jpg 722w, https:\/\/www.uv.mx\/prensa\/files\/2023\/10\/061023-COUTTOLENC-Presentacion-libro-de-Giulia-Sissa-3-100k-300x200.jpg 300w\" sizes=\"(max-width: 722px) 100vw, 722px\" \/><p id=\"caption-attachment-135703\" class=\"wp-caption-text\">Giulia Sissa, autora de El poder de las mujeres. Un desaf\u00edo para la democracia<\/p><\/div>\n<p>&nbsp;<\/p>\n<p><span data-contrast=\"auto\">Otra paradoja que se puede observar en el libro se refiere a las mujeres poderosas, lo cual es producto del imaginario de la Grecia antigua, en donde la mujer tiene la posibilidad de dirigir y obtener el poder con un enfoque cultural. La mitolog\u00eda y la historia griegas destacan la figura presencial y el papel de la mujer, haciendo de ella un ser poderoso, subray\u00f3.<\/span><span data-ccp-props=\"{&quot;201341983&quot;:0,&quot;335559739&quot;:0,&quot;335559740&quot;:240}\">\u00a0<\/span><\/p>\n<p><span data-contrast=\"auto\">En la presentaci\u00f3n del libro, efectuada en el Auditorio \u201cJes\u00fas Morales Fern\u00e1ndez\u201d de la Unidad de Humanidades, estuvieron: Minerva Ante Lezama, investigadora de la Universidad Nacional Aut\u00f3noma de M\u00e9xico, as\u00ed como directores generales de \u00e1rea y de facultades, y miembros de la comunidad universitaria.<\/span><span data-ccp-props=\"{&quot;201341983&quot;:0,&quot;335559739&quot;:0,&quot;335559740&quot;:240}\">\u00a0<\/span><\/p>\n","protected":false},"excerpt":{"rendered":"<p>La Universidad Veracruzana y su Editorial siempre han estado abiertas a lo mejor del pensamiento universal expres\u00f3 el Secretario Acad\u00e9mico de la instituci\u00f3n<\/p>\n","protected":false},"author":2349,"featured_media":135706,"comment_status":"closed","ping_status":"closed","sticky":false,"template":"","format":"standard","meta":[],"categories":[11,47,61],"tags":[13627,447,156,13786,13785,4162,586,6592,4572,589,9393,4827],"_links":{"self":[{"href":"https:\/\/www.uv.mx\/prensa\/wp-json\/wp\/v2\/posts\/135704"}],"collection":[{"href":"https:\/\/www.uv.mx\/prensa\/wp-json\/wp\/v2\/posts"}],"about":[{"href":"https:\/\/www.uv.mx\/prensa\/wp-json\/wp\/v2\/types\/post"}],"author":[{"embeddable":true,"href":"https:\/\/www.uv.mx\/prensa\/wp-json\/wp\/v2\/users\/2349"}],"replies":[{"embeddable":true,"href":"https:\/\/www.uv.mx\/prensa\/wp-json\/wp\/v2\/comments?post=135704"}],"version-history":[{"count":1,"href":"https:\/\/www.uv.mx\/prensa\/wp-json\/wp\/v2\/posts\/135704\/revisions"}],"predecessor-version":[{"id":135708,"href":"https:\/\/www.uv.mx\/prensa\/wp-json\/wp\/v2\/posts\/135704\/revisions\/135708"}],"wp:featuredmedia":[{"embeddable":true,"href":"https:\/\/www.uv.mx\/prensa\/wp-json\/wp\/v2\/media\/135706"}],"wp:attachment":[{"href":"https:\/\/www.uv.mx\/prensa\/wp-json\/wp\/v2\/media?parent=135704"}],"wp:term":[{"taxonomy":"category","embeddable":true,"href":"https:\/\/www.uv.mx\/prensa\/wp-json\/wp\/v2\/categories?post=135704"},{"taxonomy":"post_tag","embeddable":true,"href":"https:\/\/www.uv.mx\/prensa\/wp-json\/wp\/v2\/tags?post=135704"}],"curies":[{"name":"wp","href":"https:\/\/api.w.org\/{rel}","templated":true}]}}