{"id":136433,"date":"2023-10-23T20:55:25","date_gmt":"2023-10-24T01:55:25","guid":{"rendered":"https:\/\/www.uv.mx\/prensa\/?p=136433"},"modified":"2023-11-08T12:37:39","modified_gmt":"2023-11-08T18:37:39","slug":"facultad-de-pedagogia-inauguro-galeria-de-recursos-tecnologicos","status":"publish","type":"post","link":"https:\/\/www.uv.mx\/prensa\/eventos\/facultad-de-pedagogia-inauguro-galeria-de-recursos-tecnologicos\/","title":{"rendered":"Facultad de Pedagog\u00eda inaugur\u00f3 Galer\u00eda de Recursos Tecnol\u00f3gicos"},"content":{"rendered":"<ul class=\"ul1\">\n<li class=\"li1\"><i>Recopila proyectos de estudiantes trabajados en diversas modalidades como infograf\u00eda, <\/i>podcast<i>, videos y carteles<\/i><\/li>\n<li class=\"li1\"><i>La iniciativa ocurri\u00f3 en el marco de la Tercera Jornada de TIC y Pedagog\u00eda \u201cEntornos formativos contempor\u00e1neos\u201d<\/i><\/li>\n<\/ul>\n<p>&nbsp;<\/p>\n<div id=\"attachment_136402\" style=\"width: 732px\" class=\"wp-caption aligncenter\"><img aria-describedby=\"caption-attachment-136402\" decoding=\"async\" loading=\"lazy\" class=\"size-full wp-image-136402\" src=\"https:\/\/www.uv.mx\/prensa\/files\/2023\/10\/231023-CARLOS-Galeria-de-Recursos-Tecnologicos-1.jpg\" alt=\" La Galer\u00eda de Recursos Tecnol\u00f3gicos est\u00e1 abierta a p\u00fablico en general \" width=\"722\" height=\"482\" srcset=\"https:\/\/www.uv.mx\/prensa\/files\/2023\/10\/231023-CARLOS-Galeria-de-Recursos-Tecnologicos-1.jpg 722w, https:\/\/www.uv.mx\/prensa\/files\/2023\/10\/231023-CARLOS-Galeria-de-Recursos-Tecnologicos-1-300x200.jpg 300w\" sizes=\"(max-width: 722px) 100vw, 722px\" \/><p id=\"caption-attachment-136402\" class=\"wp-caption-text\">La Galer\u00eda de Recursos Tecnol\u00f3gicos est\u00e1 abierta a p\u00fablico en general<\/p><\/div>\n<p>&nbsp;<\/p>\n<p class=\"p1\"><b><i>Carlos Hugo Hermida Rosales<\/i><\/b><\/p>\n<p class=\"p1\"><b><i>Fotos: C\u00e9sar Pisil Ramos<\/i><\/b><\/p>\n<p class=\"p1\"><b><i>23\/10\/2023, Xalapa, Ver.-<\/i><\/b> La <a href=\"https:\/\/www.uv.mx\/pedagogia\/\" target=\"_blank\" rel=\"noopener\">Facultad de Pedagog\u00eda<\/a> de la regi\u00f3n Xalapa de la Universidad Veracruzana (UV) inaugur\u00f3 la Galer\u00eda de Recursos Tecnol\u00f3gicos en el Laboratorio de Inform\u00e1tica Aplicada a la Docencia (LIAD), que estar\u00e1 abierta a estudiantes y p\u00fablico en general en las instalaciones de la entidad acad\u00e9mica hasta el viernes 3 de noviembre, de 9:00 a 17:00 horas.<\/p>\n<p class=\"p3\">La iniciativa forma parte de la Tercera Jornada de TIC y Pedagog\u00eda \u201cEntornos formativos contempor\u00e1neos\u201d, organizada por el Cuerpo Acad\u00e9mico (CA) Tecnolog\u00edas e Innovaci\u00f3n en Educaci\u00f3n para la Sustentabilidad y la Academia TIC y Pedagog\u00eda.<\/p>\n<p class=\"p3\">Silvia Ivette Grappin Navarro, coordinadora del CA citado, coment\u00f3 que la jornada es un evento internacional, donde por medio de la galer\u00eda los alumnos dar\u00e1n a conocer los recursos digitales elaborados en el marco de las experiencias educativas (EE) adscritas a la academia mencionada.<\/p>\n<div id=\"attachment_136401\" style=\"width: 732px\" class=\"wp-caption aligncenter\"><img aria-describedby=\"caption-attachment-136401\" decoding=\"async\" loading=\"lazy\" class=\"size-full wp-image-136401\" src=\"https:\/\/www.uv.mx\/prensa\/files\/2023\/10\/231023-CARLOS-Galeria-de-Recursos-Tecnologicos-2.jpg\" alt=\"Silvia Grappin, Maribel Dom\u00ednguez y Antonio Garc\u00eda, acad\u00e9micos de Pedagog\u00eda\" width=\"722\" height=\"382\" srcset=\"https:\/\/www.uv.mx\/prensa\/files\/2023\/10\/231023-CARLOS-Galeria-de-Recursos-Tecnologicos-2.jpg 722w, https:\/\/www.uv.mx\/prensa\/files\/2023\/10\/231023-CARLOS-Galeria-de-Recursos-Tecnologicos-2-300x159.jpg 300w\" sizes=\"(max-width: 722px) 100vw, 722px\" \/><p id=\"caption-attachment-136401\" class=\"wp-caption-text\">Silvia Grappin, Maribel Dom\u00ednguez y Antonio Garc\u00eda, acad\u00e9micos de Pedagog\u00eda<\/p><\/div>\n<p>&nbsp;<\/p>\n<p class=\"p3\">Antonio Garc\u00eda Ortiz, coordinador de la academia, detall\u00f3 que la galer\u00eda recopila proyectos relacionados con la tecnolog\u00eda y la pedagog\u00eda, trabajados en diversas modalidades: infograf\u00eda, <i>podcast<\/i>, videos y carteles, entre otras.<\/p>\n<p class=\"p3\">\u201cA partir de un diagn\u00f3stico, los alumnos crearon productos que abordan un amplio abanico de temas como historia, muestreo, an\u00e1lisis estad\u00edstico, adultez tard\u00eda, tradiciones veracruzanas y violencia de g\u00e9nero\u201d, explic\u00f3.<\/p>\n<p class=\"p3\">El catedr\u00e1tico enfatiz\u00f3 que los estudiantes de Pedagog\u00eda se enfrentan a una gran cantidad de retos contempor\u00e1neos, y deben adaptarse a las tendencias en las nuevas maneras de educar y aprender.<\/p>\n<p class=\"p3\">\u201cAnte ello es fundamental que se incentiven y conozcan las formas de atender las distintas necesidades educativas\u201d, declar\u00f3.<\/p>\n<div id=\"attachment_136403\" style=\"width: 732px\" class=\"wp-caption aligncenter\"><img aria-describedby=\"caption-attachment-136403\" decoding=\"async\" loading=\"lazy\" class=\"size-full wp-image-136403\" src=\"https:\/\/www.uv.mx\/prensa\/files\/2023\/10\/231023-CARLOS-Galeria-de-Recursos-Tecnologicos-3.jpg\" alt=\"Los trabajos que se exhiben en la galer\u00eda fueron desarrollados por estudiantes \" width=\"722\" height=\"454\" \/><p id=\"caption-attachment-136403\" class=\"wp-caption-text\">Los trabajos que se exhiben en la galer\u00eda fueron desarrollados por estudiantes<\/p><\/div>\n<p>&nbsp;<\/p>\n<p class=\"p3\">Maribel Dom\u00ednguez Basurto, directora de la Facultad de Pedagog\u00eda, destac\u00f3 que al interior de la entidad se produce el conocimiento y se sistematiza el desarrollado por los alumnos, a fin de crear bases de datos \u00fatiles para todos.<\/p>\n<p class=\"p3\">\u201cEntre los planes a mediano plazo se encuentra el establecimiento de una revista digital donde acad\u00e9micos, investigadores y estudiantes promuevan la difusi\u00f3n de la informaci\u00f3n que generan\u201d, comparti\u00f3.<\/p>\n<p class=\"p3\">La Galer\u00eda de Recursos Tecnol\u00f3gicos en el Laboratorio de Inform\u00e1tica Aplicada a la Docencia estar\u00e1 disponible para su consulta de lunes a viernes hasta el 3 de noviembre, de 9:00 a 17:00 horas, en la Facultad de Pedagog\u00eda, ubicada en el campus Sur de la UV, localizado en Paseo 112, lote 12, secci\u00f3n 2\u00aa Villa Nueva, Nuevo Xalapa.<\/p>\n","protected":false},"excerpt":{"rendered":"<p>Estar\u00e1 abierta al p\u00fablico en general hasta el 3 de noviembre, en el Laboratorio de Inform\u00e1tica Aplicada a la Docencia ubicado en la entidad acad\u00e9mica<\/p>\n","protected":false},"author":1775,"featured_media":136400,"comment_status":"closed","ping_status":"closed","sticky":false,"template":"","format":"standard","meta":[],"categories":[47,61,51],"tags":[14156,14155,4161,6263,5862,14152,637,14149,2093,1738,14150,14154,14153,14151,14157,742],"_links":{"self":[{"href":"https:\/\/www.uv.mx\/prensa\/wp-json\/wp\/v2\/posts\/136433"}],"collection":[{"href":"https:\/\/www.uv.mx\/prensa\/wp-json\/wp\/v2\/posts"}],"about":[{"href":"https:\/\/www.uv.mx\/prensa\/wp-json\/wp\/v2\/types\/post"}],"author":[{"embeddable":true,"href":"https:\/\/www.uv.mx\/prensa\/wp-json\/wp\/v2\/users\/1775"}],"replies":[{"embeddable":true,"href":"https:\/\/www.uv.mx\/prensa\/wp-json\/wp\/v2\/comments?post=136433"}],"version-history":[{"count":1,"href":"https:\/\/www.uv.mx\/prensa\/wp-json\/wp\/v2\/posts\/136433\/revisions"}],"predecessor-version":[{"id":137039,"href":"https:\/\/www.uv.mx\/prensa\/wp-json\/wp\/v2\/posts\/136433\/revisions\/137039"}],"wp:featuredmedia":[{"embeddable":true,"href":"https:\/\/www.uv.mx\/prensa\/wp-json\/wp\/v2\/media\/136400"}],"wp:attachment":[{"href":"https:\/\/www.uv.mx\/prensa\/wp-json\/wp\/v2\/media?parent=136433"}],"wp:term":[{"taxonomy":"category","embeddable":true,"href":"https:\/\/www.uv.mx\/prensa\/wp-json\/wp\/v2\/categories?post=136433"},{"taxonomy":"post_tag","embeddable":true,"href":"https:\/\/www.uv.mx\/prensa\/wp-json\/wp\/v2\/tags?post=136433"}],"curies":[{"name":"wp","href":"https:\/\/api.w.org\/{rel}","templated":true}]}}