{"id":136472,"date":"2023-10-24T17:12:42","date_gmt":"2023-10-24T22:12:42","guid":{"rendered":"https:\/\/www.uv.mx\/prensa\/?p=136472"},"modified":"2023-10-24T17:12:42","modified_gmt":"2023-10-24T22:12:42","slug":"uv-realizo-2da-jornada-interdisciplinaria-del-area-academica-tecnica","status":"publish","type":"post","link":"https:\/\/www.uv.mx\/prensa\/eventos\/uv-realizo-2da-jornada-interdisciplinaria-del-area-academica-tecnica\/","title":{"rendered":"UV realiz\u00f3 2da Jornada Interdisciplinaria del \u00c1rea Acad\u00e9mica T\u00e9cnica"},"content":{"rendered":"<ul style=\"font-weight: 400\">\n<li data-leveltext=\"\uf0b7\" data-font=\"Symbol\" data-listid=\"1\" data-list-defn-props=\"{&quot;335552541&quot;:1,&quot;335559684&quot;:-2,&quot;335559685&quot;:720,&quot;335559991&quot;:360,&quot;469769226&quot;:&quot;Symbol&quot;,&quot;469769242&quot;:[8226],&quot;469777803&quot;:&quot;left&quot;,&quot;469777804&quot;:&quot;\uf0b7&quot;,&quot;469777815&quot;:&quot;hybridMultilevel&quot;}\" data-aria-posinset=\"1\" data-aria-level=\"1\"><i><span data-contrast=\"auto\">Estudiantes de nivel bachillerato acudieron al evento en el Gimnasio Universitario \u201cMiguel \u00c1ngel R\u00edos\u201d<\/span><\/i><span data-ccp-props=\"{&quot;201341983&quot;:0,&quot;335559739&quot;:0,&quot;335559740&quot;:240}\">\u00a0<\/span><\/li>\n<li data-leveltext=\"\uf0b7\" data-font=\"Symbol\" data-listid=\"1\" data-list-defn-props=\"{&quot;335552541&quot;:1,&quot;335559684&quot;:-2,&quot;335559685&quot;:720,&quot;335559991&quot;:360,&quot;469769226&quot;:&quot;Symbol&quot;,&quot;469769242&quot;:[8226],&quot;469777803&quot;:&quot;left&quot;,&quot;469777804&quot;:&quot;\uf0b7&quot;,&quot;469777815&quot;:&quot;hybridMultilevel&quot;}\" data-aria-posinset=\"2\" data-aria-level=\"1\"><i><span data-contrast=\"auto\">A trav\u00e9s de <\/span><\/i><span data-contrast=\"auto\">stands<\/span><i><span data-contrast=\"auto\">, acad\u00e9micos y estudiantes compartieron conocimientos y el quehacer profesional de cada programa<\/span><\/i><span data-ccp-props=\"{&quot;201341983&quot;:0,&quot;335559739&quot;:0,&quot;335559740&quot;:240}\">\u00a0<\/span><\/li>\n<\/ul>\n<p>&nbsp;<\/p>\n<div id=\"attachment_136449\" style=\"width: 732px\" class=\"wp-caption aligncenter\"><a href=\"https:\/\/www.uv.mx\/prensa\/files\/2023\/10\/241023-JORNADA-AREA-TECNICA-1-100k.jpg\"><img aria-describedby=\"caption-attachment-136449\" decoding=\"async\" loading=\"lazy\" class=\"size-full wp-image-136449\" src=\"https:\/\/www.uv.mx\/prensa\/files\/2023\/10\/241023-JORNADA-AREA-TECNICA-1-100k.jpg\" alt=\"\" width=\"722\" height=\"482\" srcset=\"https:\/\/www.uv.mx\/prensa\/files\/2023\/10\/241023-JORNADA-AREA-TECNICA-1-100k.jpg 722w, https:\/\/www.uv.mx\/prensa\/files\/2023\/10\/241023-JORNADA-AREA-TECNICA-1-100k-300x200.jpg 300w\" sizes=\"(max-width: 722px) 100vw, 722px\" \/><\/a><p id=\"caption-attachment-136449\" class=\"wp-caption-text\">Autoridades de la UV inauguraron la 2da Jornada Interdisciplinaria del \u00c1rea Acad\u00e9mica T\u00e9cnica<\/p><\/div>\n<p>&nbsp;<\/p>\n<p><b><i><span data-contrast=\"auto\">Claudia Peralta V\u00e1zquez<\/span><\/i><\/b><span data-ccp-props=\"{&quot;201341983&quot;:0,&quot;335559739&quot;:0,&quot;335559740&quot;:240}\">\u00a0<\/span><\/p>\n<p><b><i><span data-contrast=\"auto\">Fotos: C\u00e9sar Pisil Ramos<\/span><\/i><\/b><span data-ccp-props=\"{&quot;201341983&quot;:0,&quot;335559739&quot;:0,&quot;335559740&quot;:240}\">\u00a0<\/span><\/p>\n<p><b><i><span data-contrast=\"auto\">24\/10\/23, Xalapa, Ver.- <\/span><\/i><\/b><span data-contrast=\"auto\">Dirigida hacia alumnas y alumnos de nivel medio superior y superior, la Universidad Veracruzana (UV) organiz\u00f3 la 2da Jornada Interdisciplinaria del \u00c1rea Acad\u00e9mica T\u00e9cnica \u201cDocencia, Investigaci\u00f3n, Extensi\u00f3n, y Gesti\u00f3n\u201d, para la promoci\u00f3n y difusi\u00f3n de cada una de las entidades acad\u00e9micas y programas educativos (PE) que la integran.<\/span><span data-ccp-props=\"{&quot;201341983&quot;:0,&quot;335559739&quot;:0,&quot;335559740&quot;:240}\">\u00a0<\/span><\/p>\n<p><span data-contrast=\"auto\">El Gimnasio Universitario \u201cMiguel \u00c1ngel R\u00edos\u201d fue sede de este evento inaugurado por Juan Ortiz Escamilla, secretario Acad\u00e9mico de la UV, quien se mostr\u00f3 complacido con la asistencia de estudiantes de diferentes bachilleratos de la ciudad, interesados por conocer el quehacer profesional de cada una de las disciplinas del \u00c1rea Acad\u00e9mica T\u00e9cnica (AAT).<\/span><span data-ccp-props=\"{&quot;201341983&quot;:0,&quot;335559739&quot;:0,&quot;335559740&quot;:240}\">\u00a0<\/span><\/p>\n<p><span data-contrast=\"auto\">Record\u00f3 que en 2022 inici\u00f3 la jornada, precisamente con la finalidad de constituirse en un espacio de promoci\u00f3n de los diferentes PE del AAT; y de oportunidad, para brindarles a los j\u00f3venes de nivel medio superior diferentes opciones que puedan analizar y comparar con otras posibilidades y as\u00ed tomar decisiones respecto a su futuro profesional.<\/span><span data-ccp-props=\"{&quot;201341983&quot;:0,&quot;335559739&quot;:0,&quot;335559740&quot;:240}\">\u00a0<\/span><\/p>\n<p><span data-contrast=\"auto\">Otro de los prop\u00f3sitos de la actividad, articulada con las metas del Programa de Trabajo 2021-2025 \u201cPor una transformaci\u00f3n integral\u201d, es la organizaci\u00f3n de cuatro conversatorios para difundir los proyectos de investigaci\u00f3n, docencia y extensi\u00f3n desarrollados en cada una de las facultades.<\/span><span data-ccp-props=\"{&quot;134233117&quot;:false,&quot;134233118&quot;:false,&quot;201341983&quot;:0,&quot;335551550&quot;:1,&quot;335551620&quot;:1,&quot;335559685&quot;:0,&quot;335559731&quot;:708,&quot;335559737&quot;:0,&quot;335559738&quot;:0,&quot;335559739&quot;:0,&quot;335559740&quot;:240}\">\u00a0<\/span><\/p>\n<p>&nbsp;<\/p>\n<div id=\"attachment_136450\" style=\"width: 732px\" class=\"wp-caption aligncenter\"><a href=\"https:\/\/www.uv.mx\/prensa\/files\/2023\/10\/241023-JORNADA-AREA-TECNICA-2-100k.jpg\"><img aria-describedby=\"caption-attachment-136450\" decoding=\"async\" loading=\"lazy\" class=\"size-full wp-image-136450\" src=\"https:\/\/www.uv.mx\/prensa\/files\/2023\/10\/241023-JORNADA-AREA-TECNICA-2-100k.jpg\" alt=\"\" width=\"722\" height=\"482\" srcset=\"https:\/\/www.uv.mx\/prensa\/files\/2023\/10\/241023-JORNADA-AREA-TECNICA-2-100k.jpg 722w, https:\/\/www.uv.mx\/prensa\/files\/2023\/10\/241023-JORNADA-AREA-TECNICA-2-100k-300x200.jpg 300w\" sizes=\"(max-width: 722px) 100vw, 722px\" \/><\/a><p id=\"caption-attachment-136450\" class=\"wp-caption-text\">Estudiantes de bachillerato recorrieron los diferentes <em>stands<\/em> para conocer el quehacer profesional de cada entidad acad\u00e9mica<\/p><\/div>\n<p>&nbsp;<\/p>\n<p><span data-contrast=\"auto\">\u201cMediante dichos proyectos, cada entidad acad\u00e9mica contribuye a encontrar respuestas a diversas problem\u00e1ticas, sobre todo, nuevas interrogantes y desaf\u00edos disciplinares\u201d.<\/span><span data-ccp-props=\"{&quot;201341983&quot;:0,&quot;335559731&quot;:708,&quot;335559739&quot;:0,&quot;335559740&quot;:240}\">\u00a0<\/span><\/p>\n<p><span data-contrast=\"auto\">Ortiz Escamilla reconoci\u00f3 la participaci\u00f3n de directores, jefes de carrera, acad\u00e9micos y estudiantes de las Facultades que integran el AAT, regi\u00f3n Xalapa, entre ellas: Arquitectura, Ciencias Qu\u00edmicas, F\u00edsica, Ingenier\u00eda Civil, Ingenier\u00eda Mec\u00e1nica y El\u00e9ctrica, Instrumentaci\u00f3n Electr\u00f3nica, Matem\u00e1ticas, y Qu\u00edmica Farmac\u00e9utica Biol\u00f3gica.<\/span><span data-ccp-props=\"{&quot;201341983&quot;:0,&quot;335559731&quot;:708,&quot;335559739&quot;:0,&quot;335559740&quot;:240}\">\u00a0<\/span><\/p>\n<p><span data-contrast=\"auto\">Por su parte, Luis Arturo V\u00e1zquez Honorato, director del AAT, dijo que este evento representa un espacio de transmisi\u00f3n de conocimientos y oportunidad de difusi\u00f3n de las entidades acad\u00e9micas y de los 12 PE que conforman el \u00e1rea a su cargo.<\/span><span data-ccp-props=\"{&quot;201341983&quot;:0,&quot;335559731&quot;:708,&quot;335559739&quot;:0,&quot;335559740&quot;:240}\">\u00a0<\/span><\/p>\n<p><span data-contrast=\"auto\">\u201cNos permitir\u00e1 demostrar lo que la UV puede realizar a partir de los 12 PE con los que contamos en el AAT, y difundir hacia estudiantes de bachillerato toda la informaci\u00f3n requerida para formar su vocaci\u00f3n de cara a su futuro ingreso a la Universidad\u201d.<\/span><span data-ccp-props=\"{&quot;201341983&quot;:0,&quot;335559731&quot;:708,&quot;335559739&quot;:0,&quot;335559740&quot;:240}\">\u00a0<\/span><\/p>\n<p>&nbsp;<\/p>\n<div id=\"attachment_136451\" style=\"width: 732px\" class=\"wp-caption aligncenter\"><a href=\"https:\/\/www.uv.mx\/prensa\/files\/2023\/10\/241023-JORNADA-AREA-TECNICA-3-100k.jpg\"><img aria-describedby=\"caption-attachment-136451\" decoding=\"async\" loading=\"lazy\" class=\"size-full wp-image-136451\" src=\"https:\/\/www.uv.mx\/prensa\/files\/2023\/10\/241023-JORNADA-AREA-TECNICA-3-100k.jpg\" alt=\"\" width=\"722\" height=\"482\" srcset=\"https:\/\/www.uv.mx\/prensa\/files\/2023\/10\/241023-JORNADA-AREA-TECNICA-3-100k.jpg 722w, https:\/\/www.uv.mx\/prensa\/files\/2023\/10\/241023-JORNADA-AREA-TECNICA-3-100k-300x200.jpg 300w\" sizes=\"(max-width: 722px) 100vw, 722px\" \/><\/a><p id=\"caption-attachment-136451\" class=\"wp-caption-text\">En el evento estuvieron directores de facultades, alumnas, alumnos y acad\u00e9micos del AAT<\/p><\/div>\n<p>&nbsp;<\/p>\n<p><span data-contrast=\"auto\">Agreg\u00f3 que esta segunda jornada, adem\u00e1s de difundir las profesiones, busca establecer un punto de colaboraci\u00f3n entre estudiantes, acad\u00e9micos, y autoridades en el que todos representen eficientemente el quehacer del AAT.<\/span><span data-ccp-props=\"{&quot;201341983&quot;:0,&quot;335559731&quot;:708,&quot;335559739&quot;:0,&quot;335559740&quot;:240}\">\u00a0<\/span><\/p>\n<p><span data-contrast=\"auto\">Luego de la inauguraci\u00f3n, las autoridades emprendieron un recorrido por cada uno de los stands instalados, en los que tanto estudiantes como acad\u00e9micos, brindaron una breve explicaci\u00f3n de los PE, experiencias educativas, proyectos de investigaci\u00f3n, campo laboral, etc.<\/span><span data-ccp-props=\"{&quot;201341983&quot;:0,&quot;335559731&quot;:708,&quot;335559739&quot;:0,&quot;335559740&quot;:240}\">\u00a0<\/span><\/p>\n<p><span data-contrast=\"auto\">A esta 2da Jornada Interdisciplinaria del \u00c1rea Acad\u00e9mica T\u00e9cnica, asistieron educandos de diferentes instituciones, entre ellas: \u201cMiguel de Cervantes Saavedra\u201d, Colegio de Estudios Cient\u00edficos y Tecnol\u00f3gicos del Estado de Veracruz (CECyTEV), planteles Coatepec y Naolinco; \u201cVilla de Cort\u00e9s Siglo XXI\u201d, y del Telebachillerato San Marcos de Le\u00f3n.<\/span><span data-ccp-props=\"{&quot;201341983&quot;:0,&quot;335559731&quot;:708,&quot;335559739&quot;:0,&quot;335559740&quot;:240}\">\u00a0<\/span><\/p>\n<p>&nbsp;<\/p>\n<div id=\"attachment_136452\" style=\"width: 732px\" class=\"wp-caption aligncenter\"><a href=\"https:\/\/www.uv.mx\/prensa\/files\/2023\/10\/241023-JORNADA-AREA-TECNICA-4-100k.jpg\"><img aria-describedby=\"caption-attachment-136452\" decoding=\"async\" loading=\"lazy\" class=\"size-full wp-image-136452\" src=\"https:\/\/www.uv.mx\/prensa\/files\/2023\/10\/241023-JORNADA-AREA-TECNICA-4-100k.jpg\" alt=\"\" width=\"722\" height=\"482\" srcset=\"https:\/\/www.uv.mx\/prensa\/files\/2023\/10\/241023-JORNADA-AREA-TECNICA-4-100k.jpg 722w, https:\/\/www.uv.mx\/prensa\/files\/2023\/10\/241023-JORNADA-AREA-TECNICA-4-100k-300x200.jpg 300w\" sizes=\"(max-width: 722px) 100vw, 722px\" \/><\/a><p id=\"caption-attachment-136452\" class=\"wp-caption-text\">La 2da Jornada Interdisciplinaria del \u00c1rea Acad\u00e9mica tuvo como sede el Gimnasio Universitario \u201cMiguel \u00c1ngel R\u00edos\u201d<\/p><\/div>\n<p>&nbsp;<\/p>\n<p><span data-contrast=\"auto\">Adem\u00e1s, Instituto \u201cFrancisco de Vitoria\u201d, los bachilleratos \u201cConstituci\u00f3n de 1917\u201d, \u201cAntonio Mar\u00eda de Rivera\u201d, Telebachillerato Comunitario Veracruz (TEBACOM), sedes Mafafas, y Las Haldas, San Marcos Atexquilapan; Telebachillerato Emiliano Zapata, y el bachillerato \u201cRicardo Flores Mag\u00f3n\u201d, conocido como Oficial B.<\/span><span data-ccp-props=\"{&quot;201341983&quot;:0,&quot;335559731&quot;:708,&quot;335559739&quot;:0,&quot;335559740&quot;:240}\">\u00a0<\/span><\/p>\n<p><span data-contrast=\"auto\">De los cuatro conversatorios desarrollados a lo largo del d\u00eda, sobresalieron algunos temas relacionados con el impacto de la integraci\u00f3n multidisciplinar del farmac\u00e9utico en la soluci\u00f3n de problemas asociados con los medicamentos;<\/span> <span data-contrast=\"auto\">desarrollo de cementos para construcci\u00f3n a base de activaci\u00f3n qu\u00edmica de cenizas naturales e industriales; La Facultad de F\u00edsica, sus cuerpos acad\u00e9micos y vinculaci\u00f3n;<\/span> <span data-contrast=\"auto\">Cuerpos Acad\u00e9micos 497 y 541 de la Facultad de Matem\u00e1ticas, entre otros.<\/span><span data-ccp-props=\"{&quot;201341983&quot;:0,&quot;335559731&quot;:708,&quot;335559739&quot;:0,&quot;335559740&quot;:240}\">\u00a0<\/span><\/p>\n<p>&nbsp;<\/p>\n<div id=\"attachment_136453\" style=\"width: 732px\" class=\"wp-caption aligncenter\"><a href=\"https:\/\/www.uv.mx\/prensa\/files\/2023\/10\/241023-JORNADA-AREA-TECNICA-5-100k.jpg\"><img aria-describedby=\"caption-attachment-136453\" decoding=\"async\" loading=\"lazy\" class=\"size-full wp-image-136453\" src=\"https:\/\/www.uv.mx\/prensa\/files\/2023\/10\/241023-JORNADA-AREA-TECNICA-5-100k.jpg\" alt=\"\" width=\"722\" height=\"482\" srcset=\"https:\/\/www.uv.mx\/prensa\/files\/2023\/10\/241023-JORNADA-AREA-TECNICA-5-100k.jpg 722w, https:\/\/www.uv.mx\/prensa\/files\/2023\/10\/241023-JORNADA-AREA-TECNICA-5-100k-300x200.jpg 300w\" sizes=\"(max-width: 722px) 100vw, 722px\" \/><\/a><p id=\"caption-attachment-136453\" class=\"wp-caption-text\">El foro incluy\u00f3 cuatro conversatorios en los que participaron acad\u00e9micos y directores de entidades acad\u00e9micas<\/p><\/div>\n<p>&nbsp;<\/p>\n<p><span data-contrast=\"auto\">Destac\u00f3 la presencia de los directores de las \u00c1reas Acad\u00e9micas de Artes, Ciencias de la Salud, y Ciencias Biol\u00f3gicas y Agropecuarias, Beatriz S\u00e1nchez Zurita, Arturo Aguilar Ye y Arturo Serrano Sol\u00eds, respectivamente.<\/span><span data-ccp-props=\"{&quot;201341983&quot;:0,&quot;335559731&quot;:708,&quot;335559739&quot;:0,&quot;335559740&quot;:240}\">\u00a0<\/span><\/p>\n<p><span data-contrast=\"auto\">Tambi\u00e9n, de las titulares de Actividades Deportivas (DADUV); Maribel Barradas Landa; del Sistema de Ense\u00f1anza Abierta (SEA), M\u00f3nica Victoria Ruiz Balc\u00e1zar; y de la representante de la Subsecretar\u00eda de Educaci\u00f3n Media Superior y Superior, Sara\u00ed Romero Fern\u00e1ndez.<\/span><span data-ccp-props=\"{&quot;201341983&quot;:0,&quot;335559731&quot;:708,&quot;335559739&quot;:0,&quot;335559740&quot;:240}\">\u00a0<\/span><\/p>\n","protected":false},"excerpt":{"rendered":"<p>El prop\u00f3sito del evento fue la promoci\u00f3n y difusi\u00f3n de las entidades acad\u00e9micas y 12 programas educativos que la conforman <\/p>\n","protected":false},"author":1809,"featured_media":136454,"comment_status":"closed","ping_status":"closed","sticky":false,"template":"","format":"standard","meta":[],"categories":[47,61,5174],"tags":[14177,1006,11934,713,4163,813,1941,178,14178,5622,14180,1282,1281,14179,686,506,14182,14181],"_links":{"self":[{"href":"https:\/\/www.uv.mx\/prensa\/wp-json\/wp\/v2\/posts\/136472"}],"collection":[{"href":"https:\/\/www.uv.mx\/prensa\/wp-json\/wp\/v2\/posts"}],"about":[{"href":"https:\/\/www.uv.mx\/prensa\/wp-json\/wp\/v2\/types\/post"}],"author":[{"embeddable":true,"href":"https:\/\/www.uv.mx\/prensa\/wp-json\/wp\/v2\/users\/1809"}],"replies":[{"embeddable":true,"href":"https:\/\/www.uv.mx\/prensa\/wp-json\/wp\/v2\/comments?post=136472"}],"version-history":[{"count":1,"href":"https:\/\/www.uv.mx\/prensa\/wp-json\/wp\/v2\/posts\/136472\/revisions"}],"predecessor-version":[{"id":136473,"href":"https:\/\/www.uv.mx\/prensa\/wp-json\/wp\/v2\/posts\/136472\/revisions\/136473"}],"wp:featuredmedia":[{"embeddable":true,"href":"https:\/\/www.uv.mx\/prensa\/wp-json\/wp\/v2\/media\/136454"}],"wp:attachment":[{"href":"https:\/\/www.uv.mx\/prensa\/wp-json\/wp\/v2\/media?parent=136472"}],"wp:term":[{"taxonomy":"category","embeddable":true,"href":"https:\/\/www.uv.mx\/prensa\/wp-json\/wp\/v2\/categories?post=136472"},{"taxonomy":"post_tag","embeddable":true,"href":"https:\/\/www.uv.mx\/prensa\/wp-json\/wp\/v2\/tags?post=136472"}],"curies":[{"name":"wp","href":"https:\/\/api.w.org\/{rel}","templated":true}]}}