{"id":136485,"date":"2023-10-24T17:12:30","date_gmt":"2023-10-24T22:12:30","guid":{"rendered":"https:\/\/www.uv.mx\/prensa\/?p=136485"},"modified":"2023-10-24T17:12:30","modified_gmt":"2023-10-24T22:12:30","slug":"en-la-uv-se-desarrolla-la-ciencia-con-sentido-social-ibiza-martinez","status":"publish","type":"post","link":"https:\/\/www.uv.mx\/prensa\/ciencia\/en-la-uv-se-desarrolla-la-ciencia-con-sentido-social-ibiza-martinez\/","title":{"rendered":"En la UV se desarrolla la ciencia con sentido social: Ibiza Mart\u00ednez"},"content":{"rendered":"<ul>\n<li data-leveltext=\"\uf0b7\" data-font=\"Symbol\" data-listid=\"1\" data-list-defn-props=\"{&quot;335551671&quot;:0,&quot;335552541&quot;:1,&quot;335559684&quot;:-2,&quot;335559685&quot;:720,&quot;335559991&quot;:360,&quot;469769226&quot;:&quot;Symbol&quot;,&quot;469769242&quot;:[8226],&quot;469777803&quot;:&quot;left&quot;,&quot;469777804&quot;:&quot;\uf0b7&quot;,&quot;469777815&quot;:&quot;hybridMultilevel&quot;}\" data-aria-posinset=\"0\" data-aria-level=\"1\"><i><span data-contrast=\"auto\">Prepara profesionales con conocimientos que les permitan enfrentar los nuevos retos, afirm\u00f3 la directora de la Facultad de Biolog\u00eda<\/span><\/i><span data-ccp-props=\"{&quot;201341983&quot;:0,&quot;335559739&quot;:160,&quot;335559740&quot;:259}\">\u00a0<\/span><\/li>\n<li data-leveltext=\"\uf0b7\" data-font=\"Symbol\" data-listid=\"1\" data-list-defn-props=\"{&quot;335551671&quot;:0,&quot;335552541&quot;:1,&quot;335559684&quot;:-2,&quot;335559685&quot;:720,&quot;335559991&quot;:360,&quot;469769226&quot;:&quot;Symbol&quot;,&quot;469769242&quot;:[8226],&quot;469777803&quot;:&quot;left&quot;,&quot;469777804&quot;:&quot;\uf0b7&quot;,&quot;469777815&quot;:&quot;hybridMultilevel&quot;}\" data-aria-posinset=\"0\" data-aria-level=\"1\"><i><span data-contrast=\"auto\">Inaugur\u00f3 el Segundo Encuentro Interinstitucional para el Intercambio Cient\u00edfico \u201cDivulguemos ciencia\u201d, y el Sexto Simposio Interinstitucional Conservaci\u00f3n y Manejo Sustentable de Flora y Fauna<\/span><\/i><span data-ccp-props=\"{&quot;201341983&quot;:0,&quot;335559739&quot;:160,&quot;335559740&quot;:259}\">\u00a0<\/span><\/li>\n<\/ul>\n<p>&nbsp;<\/p>\n<div id=\"attachment_136464\" style=\"width: 732px\" class=\"wp-caption aligncenter\"><img aria-describedby=\"caption-attachment-136464\" decoding=\"async\" loading=\"lazy\" class=\"size-full wp-image-136464\" src=\"https:\/\/www.uv.mx\/prensa\/files\/2023\/10\/241023-COUTTOLENC-Simposio-Divulguemos-ciencia-1.jpg\" alt=\"\" width=\"722\" height=\"481\" srcset=\"https:\/\/www.uv.mx\/prensa\/files\/2023\/10\/241023-COUTTOLENC-Simposio-Divulguemos-ciencia-1.jpg 722w, https:\/\/www.uv.mx\/prensa\/files\/2023\/10\/241023-COUTTOLENC-Simposio-Divulguemos-ciencia-1-300x200.jpg 300w\" sizes=\"(max-width: 722px) 100vw, 722px\" \/><p id=\"caption-attachment-136464\" class=\"wp-caption-text\">Ibiza Mart\u00ednez Serrano inaugur\u00f3 el Segundo encuentro interinstitucional para el intercambio cient\u00edfico \u201cDivulguemos la ciencia\u201d<\/p><\/div>\n<p>&nbsp;<\/p>\n<p><b><i><span data-contrast=\"auto\">Jos\u00e9 Luis Couttolenc Soto<\/span><\/i><\/b><span data-ccp-props=\"{&quot;201341983&quot;:0,&quot;335559739&quot;:160,&quot;335559740&quot;:259}\">\u00a0<\/span><\/p>\n<p><b><i><span data-contrast=\"auto\">Fotos: Luis Fernando Fern\u00e1ndez<\/span><\/i><\/b><span data-ccp-props=\"{&quot;201341983&quot;:0,&quot;335559739&quot;:160,&quot;335559740&quot;:259}\">\u00a0<\/span><\/p>\n<p><b><i><span data-contrast=\"auto\">24\/10\/23 Xalapa, Ver.-<\/span><\/i><\/b> <span data-contrast=\"auto\">Ibiza Mart\u00ednez Serrano, directora de la Facultad de Biolog\u00eda de la Universidad Veracruzana (UV), afirm\u00f3 que en la casa de estudios se desarrolla la ciencia con alto sentido social y prepara a los nuevos profesionistas con conocimientos que les permitan enfrentar los retos presentes y futuros.<\/span><span data-ccp-props=\"{&quot;201341983&quot;:0,&quot;335559739&quot;:0,&quot;335559740&quot;:240}\">\u00a0<\/span><\/p>\n<p><span data-contrast=\"auto\">As\u00ed lo expres\u00f3 al inaugurar el Segundo Encuentro Interinstitucional para el Intercambio Cient\u00edfico \u201cDivulguemos la ciencia\u201d, y el Sexto Simposio Interinstitucional \u201cConservaci\u00f3n y Manejo Sustentable de Flora y Fauna\u201d, en el que acad\u00e9micos y estudiantes de las facultades de Biolog\u00eda y Ciencias Agr\u00edcolas de la UV, y del Instituto Tecnol\u00f3gico de \u00darsulo Galv\u00e1n (ITUG), expusieron trabajos de investigaci\u00f3n en modalidades de charla y cartel.<\/span><\/p>\n<p>&nbsp;<\/p>\n<div id=\"attachment_136463\" style=\"width: 732px\" class=\"wp-caption aligncenter\"><img aria-describedby=\"caption-attachment-136463\" decoding=\"async\" loading=\"lazy\" class=\"size-full wp-image-136463\" src=\"https:\/\/www.uv.mx\/prensa\/files\/2023\/10\/241023-COUTTOLENC-Simposio-Divulguemos-ciencia-2.jpg\" alt=\"\" width=\"722\" height=\"520\" srcset=\"https:\/\/www.uv.mx\/prensa\/files\/2023\/10\/241023-COUTTOLENC-Simposio-Divulguemos-ciencia-2.jpg 722w, https:\/\/www.uv.mx\/prensa\/files\/2023\/10\/241023-COUTTOLENC-Simposio-Divulguemos-ciencia-2-300x216.jpg 300w\" sizes=\"(max-width: 722px) 100vw, 722px\" \/><p id=\"caption-attachment-136463\" class=\"wp-caption-text\">Carlos Roberto Cerd\u00e1n Cabrera, director de la Facultad de Ciencias Agr\u00edcolas<\/p><\/div>\n<p>&nbsp;<\/p>\n<p><span data-contrast=\"auto\">Mart\u00ednez Serrano indic\u00f3 que en la Facultad de Biolog\u00eda se trabaja en la revisi\u00f3n de planes y programas de estudio con la finalidad de adecuarlos a las demandas actuales porque, destac\u00f3, \u201cestamos convencidos de que la ciencia resuelve los problemas de la sociedad, y \u00e9sta retroalimenta a la ciencia misma; por ello la Universidad est\u00e1 siempre abierta para resolver y abordar las necesidades sociales desde la biolog\u00eda y la agronom\u00eda\u201d.\u00a0\u00a0<\/span><span data-ccp-props=\"{&quot;201341983&quot;:0,&quot;335559739&quot;:0,&quot;335559740&quot;:240}\">\u00a0<\/span><\/p>\n<p><span data-contrast=\"auto\">Por parte Carlos Roberto Cerd\u00e1n Cabrera, director de la Facultad de Ciencias Agr\u00edcolas, mencion\u00f3 que el simposio representa un foro en el que la UV y el Sistema Nacional de Tecnol\u00f3gicos, en este caso particular el ITUG, fortalecen su vinculaci\u00f3n institucional y en donde ambas instituciones p\u00fablicas trabajan en la formaci\u00f3n de profesionales que en los pr\u00f3ximos a\u00f1os tendr\u00e1n en sus manos la responsabilidad del manejo de los recursos naturales, y de los sectores agr\u00edcola, pecuario, forestal y biol\u00f3gico de la entidad y otros puntos del pa\u00eds.<\/span><span data-ccp-props=\"{&quot;201341983&quot;:0,&quot;335559739&quot;:0,&quot;335559740&quot;:240}\">\u00a0<\/span><\/p>\n<p>&nbsp;<\/p>\n<div id=\"attachment_136462\" style=\"width: 732px\" class=\"wp-caption aligncenter\"><img aria-describedby=\"caption-attachment-136462\" decoding=\"async\" loading=\"lazy\" class=\"size-full wp-image-136462\" src=\"https:\/\/www.uv.mx\/prensa\/files\/2023\/10\/241023-COUTTOLENC-Simposio-Divulguemos-ciencia-3.jpg\" alt=\"\" width=\"722\" height=\"481\" srcset=\"https:\/\/www.uv.mx\/prensa\/files\/2023\/10\/241023-COUTTOLENC-Simposio-Divulguemos-ciencia-3.jpg 722w, https:\/\/www.uv.mx\/prensa\/files\/2023\/10\/241023-COUTTOLENC-Simposio-Divulguemos-ciencia-3-300x200.jpg 300w\" sizes=\"(max-width: 722px) 100vw, 722px\" \/><p id=\"caption-attachment-136462\" class=\"wp-caption-text\">Br\u00edgido Castrej\u00f3n S\u00e1nchez, director del Instituto Tecnol\u00f3gico de \u00darsulo Galv\u00e1n<\/p><\/div>\n<p>&nbsp;<\/p>\n<p><span data-contrast=\"auto\">En su oportunidad, Br\u00edgido Castrej\u00f3n S\u00e1nchez, director del ITUG, consider\u00f3 que el evento acad\u00e9mico es propicio y oportuno para generar nuevas inquietudes entre los estudiantes con relaci\u00f3n al manejo sustentable tanto de la fauna, flora y la nueva agronom\u00eda; apunt\u00f3 que hoy en d\u00eda la agricultura de precisi\u00f3n y la controlada, el manejo gen\u00e9tico de semillas y el control biol\u00f3gico de plagas y enfermedades difieren de un enfoque orientado s\u00f3lo en producir alimentos.<\/span><span data-ccp-props=\"{&quot;201341983&quot;:0,&quot;335559739&quot;:0,&quot;335559740&quot;:240}\">\u00a0<\/span><\/p>\n<p><span data-contrast=\"auto\">En el transcurso del encuentro, docentes y estudiantes de Biolog\u00eda, Ciencias Agr\u00edcolas y del ITUG, expusieron sus respectivos trabajos de investigaci\u00f3n.<\/span><\/p>\n<div id=\"attachment_136465\" style=\"width: 732px\" class=\"wp-caption aligncenter\"><img aria-describedby=\"caption-attachment-136465\" decoding=\"async\" loading=\"lazy\" class=\"size-full wp-image-136465\" src=\"https:\/\/www.uv.mx\/prensa\/files\/2023\/10\/241023-COUTTOLENC-Simposio-Divulguemos-ciencia-4.jpg\" alt=\"\" width=\"722\" height=\"481\" srcset=\"https:\/\/www.uv.mx\/prensa\/files\/2023\/10\/241023-COUTTOLENC-Simposio-Divulguemos-ciencia-4.jpg 722w, https:\/\/www.uv.mx\/prensa\/files\/2023\/10\/241023-COUTTOLENC-Simposio-Divulguemos-ciencia-4-300x200.jpg 300w\" sizes=\"(max-width: 722px) 100vw, 722px\" \/><p id=\"caption-attachment-136465\" class=\"wp-caption-text\">Docentes y alumnos de la UV y del ITUV participaron en el evento \u201cDivulguemos Ciencia\u201d<\/p><\/div>\n","protected":false},"excerpt":{"rendered":"<p>La visi\u00f3n del agr\u00f3nomo est\u00e1 en alcanzar una producci\u00f3n de alimentos m\u00e1s inocuos y en mayor cantidad\u00a0<\/p>\n","protected":false},"author":2349,"featured_media":136461,"comment_status":"closed","ping_status":"closed","sticky":false,"template":"","format":"standard","meta":[],"categories":[45,47,6299],"tags":[14193,147,645,14192,14190,4162,6592,11167,6134,14189,10733,14191],"_links":{"self":[{"href":"https:\/\/www.uv.mx\/prensa\/wp-json\/wp\/v2\/posts\/136485"}],"collection":[{"href":"https:\/\/www.uv.mx\/prensa\/wp-json\/wp\/v2\/posts"}],"about":[{"href":"https:\/\/www.uv.mx\/prensa\/wp-json\/wp\/v2\/types\/post"}],"author":[{"embeddable":true,"href":"https:\/\/www.uv.mx\/prensa\/wp-json\/wp\/v2\/users\/2349"}],"replies":[{"embeddable":true,"href":"https:\/\/www.uv.mx\/prensa\/wp-json\/wp\/v2\/comments?post=136485"}],"version-history":[{"count":1,"href":"https:\/\/www.uv.mx\/prensa\/wp-json\/wp\/v2\/posts\/136485\/revisions"}],"predecessor-version":[{"id":136487,"href":"https:\/\/www.uv.mx\/prensa\/wp-json\/wp\/v2\/posts\/136485\/revisions\/136487"}],"wp:featuredmedia":[{"embeddable":true,"href":"https:\/\/www.uv.mx\/prensa\/wp-json\/wp\/v2\/media\/136461"}],"wp:attachment":[{"href":"https:\/\/www.uv.mx\/prensa\/wp-json\/wp\/v2\/media?parent=136485"}],"wp:term":[{"taxonomy":"category","embeddable":true,"href":"https:\/\/www.uv.mx\/prensa\/wp-json\/wp\/v2\/categories?post=136485"},{"taxonomy":"post_tag","embeddable":true,"href":"https:\/\/www.uv.mx\/prensa\/wp-json\/wp\/v2\/tags?post=136485"}],"curies":[{"name":"wp","href":"https:\/\/api.w.org\/{rel}","templated":true}]}}