{"id":136486,"date":"2023-10-24T20:24:55","date_gmt":"2023-10-25T01:24:55","guid":{"rendered":"https:\/\/www.uv.mx\/prensa\/?p=136486"},"modified":"2023-10-24T20:24:55","modified_gmt":"2023-10-25T01:24:55","slug":"residuos-quimicos-vitales-para-desentranar-conocimiento-arqueologico","status":"publish","type":"post","link":"https:\/\/www.uv.mx\/prensa\/ciencia\/residuos-quimicos-vitales-para-desentranar-conocimiento-arqueologico\/","title":{"rendered":"Residuos qu\u00edmicos, vitales para desentra\u00f1ar conocimiento arqueol\u00f3gico"},"content":{"rendered":"<h2 style=\"text-align: right\"><\/h2>\n<ul>\n<li data-leveltext=\"\uf0b7\" data-font=\"Symbol\" data-listid=\"6\" data-list-defn-props=\"{&quot;335552541&quot;:1,&quot;335559684&quot;:-2,&quot;335559685&quot;:720,&quot;335559991&quot;:360,&quot;469769226&quot;:&quot;Symbol&quot;,&quot;469769242&quot;:[8226],&quot;469777803&quot;:&quot;left&quot;,&quot;469777804&quot;:&quot;\uf0b7&quot;,&quot;469777815&quot;:&quot;hybridMultilevel&quot;}\" data-aria-posinset=\"1\" data-aria-level=\"1\"><i><span data-contrast=\"auto\">Agust\u00edn Ortiz Butr\u00f3n, de la Universidad Nacional Aut\u00f3noma de M\u00e9xico, afirm\u00f3 que permiten encontrar evidencia de cuestiones intangibles como actividades dom\u00e9sticas y rituales<\/span><\/i><span data-ccp-props=\"{}\">\u00a0<\/span><\/li>\n<li data-leveltext=\"\uf0b7\" data-font=\"Symbol\" data-listid=\"6\" data-list-defn-props=\"{&quot;335552541&quot;:1,&quot;335559684&quot;:-2,&quot;335559685&quot;:720,&quot;335559991&quot;:360,&quot;469769226&quot;:&quot;Symbol&quot;,&quot;469769242&quot;:[8226],&quot;469777803&quot;:&quot;left&quot;,&quot;469777804&quot;:&quot;\uf0b7&quot;,&quot;469777815&quot;:&quot;hybridMultilevel&quot;}\" data-aria-posinset=\"2\" data-aria-level=\"1\"><i><span data-contrast=\"auto\">El experto particip\u00f3 en el XXIX Foro Anual de Docencia, Investigaci\u00f3n, Difusi\u00f3n, Extensi\u00f3n y Vinculaci\u00f3n de la Facultad de Antropolog\u00eda de la Universidad Veracruzana\u00a0<\/span><\/i><span data-ccp-props=\"{}\">\u00a0<\/span><\/li>\n<\/ul>\n<p><span data-ccp-props=\"{}\">\u00a0<\/span><\/p>\n<div id=\"attachment_136482\" style=\"width: 732px\" class=\"wp-caption aligncenter\"><img aria-describedby=\"caption-attachment-136482\" decoding=\"async\" loading=\"lazy\" class=\"size-full wp-image-136482\" src=\"https:\/\/www.uv.mx\/prensa\/files\/2023\/10\/241028-CARLOS-Foro-anual-de-docencia-1.jpg\" alt=\"\" width=\"722\" height=\"359\" srcset=\"https:\/\/www.uv.mx\/prensa\/files\/2023\/10\/241028-CARLOS-Foro-anual-de-docencia-1.jpg 722w, https:\/\/www.uv.mx\/prensa\/files\/2023\/10\/241028-CARLOS-Foro-anual-de-docencia-1-300x149.jpg 300w\" sizes=\"(max-width: 722px) 100vw, 722px\" \/><p id=\"caption-attachment-136482\" class=\"wp-caption-text\">La inauguraci\u00f3n del foro congreg\u00f3 a estudiantes e investigadores<\/p><\/div>\n<p>&nbsp;<\/p>\n<p><b><i><span data-contrast=\"auto\">Carlos Hugo Hermida Rosales<\/span><\/i><\/b><span data-ccp-props=\"{}\">\u00a0<\/span><\/p>\n<p><b><i><span data-contrast=\"auto\">Fotos: Omar Portilla Palacios<\/span><\/i><\/b><span data-ccp-props=\"{}\">\u00a0<\/span><\/p>\n<p><b><i><span data-contrast=\"auto\">24\/10\/2023. Xalapa, Ver<\/span><\/i><\/b><span data-contrast=\"auto\">. \u201cLos residuos qu\u00edmicos son vitales para desentra\u00f1ar el conocimiento arqueol\u00f3gico, pues ayudan a encontrar evidencia de cuestiones intangibles que no se hallaron en el registro con m\u00e9todos tradicionales\u201d, mencion\u00f3 Agust\u00edn Ortiz Butr\u00f3n, de la Universidad Nacional Aut\u00f3noma de M\u00e9xico, al participar en el XXIX Foro Anual de Docencia, Investigaci\u00f3n, Difusi\u00f3n, Extensi\u00f3n y Vinculaci\u00f3n de la Facultad de Antropolog\u00eda de la Universidad Veracruzana (UV).<\/span><span data-ccp-props=\"{}\">\u00a0<\/span><\/p>\n<p><span data-contrast=\"auto\">La inauguraci\u00f3n de este evento, que se desarrollar\u00e1 hasta el 27 de octubre, se llev\u00f3 a cabo en el Auditorio \u201cJes\u00fas Morales Fern\u00e1ndez\u201d; estuvieron presentes Yolanda Gonz\u00e1lez Molohua, titular de la Direcci\u00f3n General del \u00c1rea Acad\u00e9mica de Humanidades; Mar\u00eda Antonia Aguilar P\u00e9rez, directora de la Facultad de Antropolog\u00eda, catedr\u00e1ticos y estudiantes.\u00a0<\/span><span data-ccp-props=\"{&quot;335559731&quot;:708}\">\u00a0<\/span><\/p>\n<p><span data-contrast=\"auto\">Gonz\u00e1lez Molohua asegur\u00f3 que el foro evidencia el trabajo del cuerpo docente, investigadores y directivos de la entidad acad\u00e9mica, quienes se esmeran en involucrar a alumnos y egresados en los quehaceres propios de la antropolog\u00eda ling\u00fc\u00edstica, hist\u00f3rica y social, as\u00ed como de la arqueolog\u00eda.<\/span><\/p>\n<p>&nbsp;<\/p>\n<div id=\"attachment_136483\" style=\"width: 732px\" class=\"wp-caption aligncenter\"><img aria-describedby=\"caption-attachment-136483\" decoding=\"async\" loading=\"lazy\" class=\"size-full wp-image-136483\" src=\"https:\/\/www.uv.mx\/prensa\/files\/2023\/10\/241028-CARLOS-Foro-anual-de-docencia-2.jpg\" alt=\"\" width=\"722\" height=\"371\" srcset=\"https:\/\/www.uv.mx\/prensa\/files\/2023\/10\/241028-CARLOS-Foro-anual-de-docencia-2.jpg 722w, https:\/\/www.uv.mx\/prensa\/files\/2023\/10\/241028-CARLOS-Foro-anual-de-docencia-2-300x154.jpg 300w\" sizes=\"(max-width: 722px) 100vw, 722px\" \/><p id=\"caption-attachment-136483\" class=\"wp-caption-text\">Yolanda Gonz\u00e1lez Molohua, titular de la Direcci\u00f3n General del \u00c1rea Acad\u00e9mica de Humanidades<\/p><\/div>\n<p><span data-ccp-props=\"{&quot;335559731&quot;:708}\">\u00a0<\/span><\/p>\n<p><span data-contrast=\"auto\">\u201cEn los tiempos actuales es urgente poner en la agenda de los estudios antropol\u00f3gicos nuevas metodolog\u00edas, t\u00e9cnicas y estrategias para analizar las actividades tangibles e intangibles de los pueblos que habitaron el pasado, a fin de reforzar la identidad y revitalizar nuestros or\u00edgenes\u201d, manifest\u00f3.<\/span><span data-ccp-props=\"{&quot;335559731&quot;:708}\">\u00a0<\/span><\/p>\n<p><span data-contrast=\"auto\">En su intervenci\u00f3n Agust\u00edn Ortiz coment\u00f3 que el proceso de interpretaci\u00f3n a partir de los an\u00e1lisis de residuos qu\u00edmicos brinda la posibilidad de descifrar distintos temas como el uso del espacio, y las acciones dom\u00e9sticas, rituales y productivas.\u00a0<\/span><span data-ccp-props=\"{&quot;335559731&quot;:708}\">\u00a0<\/span><\/p>\n<p><span data-contrast=\"auto\">\u201cPara estudiar qu\u00edmicamente una actividad, es necesaria la existencia de l\u00edquidos que se derramen sobre una superficie y la enriquezcan\u201d, puntualiz\u00f3.\u00a0<\/span><\/p>\n<p>&nbsp;<\/p>\n<div id=\"attachment_136484\" style=\"width: 732px\" class=\"wp-caption aligncenter\"><img aria-describedby=\"caption-attachment-136484\" decoding=\"async\" loading=\"lazy\" class=\"size-full wp-image-136484\" src=\"https:\/\/www.uv.mx\/prensa\/files\/2023\/10\/241028-CARLOS-Foro-anual-de-docencia-3.jpg\" alt=\"\" width=\"722\" height=\"445\" srcset=\"https:\/\/www.uv.mx\/prensa\/files\/2023\/10\/241028-CARLOS-Foro-anual-de-docencia-3.jpg 722w, https:\/\/www.uv.mx\/prensa\/files\/2023\/10\/241028-CARLOS-Foro-anual-de-docencia-3-300x185.jpg 300w\" sizes=\"(max-width: 722px) 100vw, 722px\" \/><p id=\"caption-attachment-136484\" class=\"wp-caption-text\">Agust\u00edn Ortiz, investigador de la UNAM, particip\u00f3 con el tema \u201cLos residuos qu\u00edmicos como medio para estudiar las actividades intangibles del pasado\u201d<\/p><\/div>\n<p>&nbsp;<\/p>\n<p><span data-contrast=\"auto\">Al caer en el piso los l\u00edquidos quedaron impregnados en sus poros, y en algunos casos se preservaron de manera natural, lo cual permite que hoy en d\u00eda puedan ser analizados.\u00a0<\/span><span data-ccp-props=\"{&quot;335559731&quot;:708}\">\u00a0<\/span><\/p>\n<p><span data-contrast=\"auto\">Las sustancias se mantienen en el sitio donde las acciones humanas se llevaban a cabo, lo que los vuelve un par\u00e1metro confiable para el estudio de la distribuci\u00f3n espacial de distintas actividades, no solo dom\u00e9sticas y rituales, sino tambi\u00e9n productivas, como la elaboraci\u00f3n de bebidas o comercio de alimentos.\u00a0<\/span><span data-ccp-props=\"{&quot;335559731&quot;:708}\">\u00a0<\/span><\/p>\n<p><span data-contrast=\"auto\">El investigador mencion\u00f3 que el material para realizar an\u00e1lisis semicuantitativos o de <\/span><i><span data-contrast=\"auto\">spot tests <\/span><\/i><span data-contrast=\"auto\">\u2013pruebas r\u00e1pidas de determinaci\u00f3n de analitos, es decir, componentes con mol\u00e9culas de carbono-, es barato, y eso permite est\u00e9n al alcance de todos los interesados en usarlos.\u00a0<\/span><span data-ccp-props=\"{&quot;335559731&quot;:708}\">\u00a0<\/span><\/p>\n<p><span data-contrast=\"auto\">Agradeci\u00f3 a la Facultad de Antropolog\u00eda de la UV por invitarlo a participar en su foro anual, casa de estudios que asegur\u00f3 posee un excelente nivel educativo y en donde cuenta con numerosos colegas y amistades apasionados por la investigaci\u00f3n antropol\u00f3gica.<\/span><\/p>\n","protected":false},"excerpt":{"rendered":"<p>Su an\u00e1lisis brinda la posibilidad de descifrar distintos t\u00f3picos como el uso del espacio, las actividades dom\u00e9sticas, rituales y productivas<\/p>\n","protected":false},"author":1869,"featured_media":136481,"comment_status":"closed","ping_status":"closed","sticky":false,"template":"","format":"standard","meta":[],"categories":[45,47,61],"tags":[14198,1135,1241,4898,14201,11942,4161,7030,999,14200,6599,14195,3128,80,14196,6462,14199,10401,14197,14194],"_links":{"self":[{"href":"https:\/\/www.uv.mx\/prensa\/wp-json\/wp\/v2\/posts\/136486"}],"collection":[{"href":"https:\/\/www.uv.mx\/prensa\/wp-json\/wp\/v2\/posts"}],"about":[{"href":"https:\/\/www.uv.mx\/prensa\/wp-json\/wp\/v2\/types\/post"}],"author":[{"embeddable":true,"href":"https:\/\/www.uv.mx\/prensa\/wp-json\/wp\/v2\/users\/1869"}],"replies":[{"embeddable":true,"href":"https:\/\/www.uv.mx\/prensa\/wp-json\/wp\/v2\/comments?post=136486"}],"version-history":[{"count":1,"href":"https:\/\/www.uv.mx\/prensa\/wp-json\/wp\/v2\/posts\/136486\/revisions"}],"predecessor-version":[{"id":136498,"href":"https:\/\/www.uv.mx\/prensa\/wp-json\/wp\/v2\/posts\/136486\/revisions\/136498"}],"wp:featuredmedia":[{"embeddable":true,"href":"https:\/\/www.uv.mx\/prensa\/wp-json\/wp\/v2\/media\/136481"}],"wp:attachment":[{"href":"https:\/\/www.uv.mx\/prensa\/wp-json\/wp\/v2\/media?parent=136486"}],"wp:term":[{"taxonomy":"category","embeddable":true,"href":"https:\/\/www.uv.mx\/prensa\/wp-json\/wp\/v2\/categories?post=136486"},{"taxonomy":"post_tag","embeddable":true,"href":"https:\/\/www.uv.mx\/prensa\/wp-json\/wp\/v2\/tags?post=136486"}],"curies":[{"name":"wp","href":"https:\/\/api.w.org\/{rel}","templated":true}]}}