{"id":136499,"date":"2023-10-24T20:30:59","date_gmt":"2023-10-25T01:30:59","guid":{"rendered":"https:\/\/www.uv.mx\/prensa\/?p=136499"},"modified":"2023-10-24T21:01:59","modified_gmt":"2023-10-25T02:01:59","slug":"uv-y-el-itug-realizaron-jornada-de-intercambio-cientifico","status":"publish","type":"post","link":"https:\/\/www.uv.mx\/prensa\/ciencia\/uv-y-el-itug-realizaron-jornada-de-intercambio-cientifico\/","title":{"rendered":"UV y el ITUG realizaron jornada de intercambio cient\u00edfico"},"content":{"rendered":"<ul class=\"ul1\">\n<li class=\"li1\"><i>Docentes y estudiantes de las Facultades de Biolog\u00eda y Ciencias Agr\u00edcolas, y del Instituto Tecnol\u00f3gico de \u00darsulo Galv\u00e1n (ITUG) expusieron investigaciones<\/i><\/li>\n<li class=\"li1\"><i>Dieron a conocer que el hombre est\u00e1 utilizando la naturaleza como recurso, transform\u00e1ndola en bienes y convirti\u00e9ndola en insumos, llevando al planeta a agotar sus reservas <\/i><\/li>\n<\/ul>\n<p>&nbsp;<\/p>\n<div id=\"attachment_136479\" style=\"width: 732px\" class=\"wp-caption aligncenter\"><img aria-describedby=\"caption-attachment-136479\" decoding=\"async\" loading=\"lazy\" class=\"size-full wp-image-136479\" src=\"https:\/\/www.uv.mx\/prensa\/files\/2023\/10\/241023-COUTTOLENC-Intercambio-cientifico-1.jpg\" alt=\"Manuel Villarruel Fuentes, docente del ITUG, habl\u00f3 de Las perspectivas ambientales bajo modelos agroecol\u00f3gicos\" width=\"722\" height=\"481\" srcset=\"https:\/\/www.uv.mx\/prensa\/files\/2023\/10\/241023-COUTTOLENC-Intercambio-cientifico-1.jpg 722w, https:\/\/www.uv.mx\/prensa\/files\/2023\/10\/241023-COUTTOLENC-Intercambio-cientifico-1-300x200.jpg 300w\" sizes=\"(max-width: 722px) 100vw, 722px\" \/><p id=\"caption-attachment-136479\" class=\"wp-caption-text\">Manuel Villarruel Fuentes, docente del ITUG, habl\u00f3 de Las perspectivas ambientales bajo modelos agroecol\u00f3gicos<\/p><\/div>\n<p>&nbsp;<\/p>\n<p class=\"p1\"><b><i>Jos\u00e9 Luis Couttolenc Soto<\/i><\/b><\/p>\n<p class=\"p1\"><b><i>Fotos: Luis Fernando Fern\u00e1ndez<\/i><\/b><\/p>\n<p class=\"p1\"><b><i>24\/10\/23 Xalapa, Ver.-<\/i> <\/b>Docentes y estudiantes de las facultades de Biolog\u00eda y Ciencias Agr\u00edcolas<b> <\/b>de la Universidad<b> <\/b>Veracruzana (UV), y del Instituto Tecnol\u00f3gico de \u00darsulo Galv\u00e1n (ITUG), expusieron trabajos de investigaci\u00f3n durante el Segundo Encuentro Interinstitucional para el Intercambio Cient\u00edfico \u201cDivulguemos Ciencia\u201d, y el Sexto Simposio Interinstitucional \u201cConservaci\u00f3n y manejo sustentable de flora y fauna: Una visi\u00f3n multidisciplinaria\u201d.<\/p>\n<p class=\"p3\">En el Auditorio \u201cMario V\u00e1zquez Torres\u201d de las dos entidades universitarias, Manuel Villarruel Fuentes, docente del ITUG, habl\u00f3 de \u201cLas perspectivas ambientales bajo modelos agroecol\u00f3gicos: un acercamiento epist\u00e9mico desde el ideario de la sustentabilidad\u201d.<\/p>\n<p class=\"p1\">Plante\u00f3 que desde una visi\u00f3n pragm\u00e1tica, funcional y utilitarista, el hombre est\u00e1 empleando la naturaleza como recurso, transform\u00e1ndola en bienes y convirti\u00e9ndola en insumo, lo que ha provocado un agotamiento de las reservas hasta llegar al l\u00edmite de lo que el planeta puede proporcionar, \u201cestamos entrando en la etapa conocida como antropoceno, en donde el ser humano cambia la din\u00e1mica del planeta modificando sus formas y sistemas\u201d, explic\u00f3.<\/p>\n<p class=\"p1\">Posteriormente el acad\u00e9mico de la Facultad de Biolog\u00eda, Salvador Guzm\u00e1n Guzm\u00e1n, abord\u00f3 el tema \u201cColisi\u00f3n de aves en ventanas de casas y edificios\u201d; dijo que es este un problema que no ha sido visualizado en M\u00e9xico y es reducido el porcentaje de aves que logran sobrevivir a este tipo de impactos.<\/p>\n<div id=\"attachment_136478\" style=\"width: 732px\" class=\"wp-caption aligncenter\"><img aria-describedby=\"caption-attachment-136478\" decoding=\"async\" loading=\"lazy\" class=\"size-full wp-image-136478\" src=\"https:\/\/www.uv.mx\/prensa\/files\/2023\/10\/241023-COUTTOLENC-Intercambio-cientifico-2.jpg\" alt=\"Salvador Guzm\u00e1n Guzm\u00e1n, abord\u00f3 el tema \u201cColisi\u00f3n de aves en ventanas de casas y edificios\u201d\" width=\"722\" height=\"481\" srcset=\"https:\/\/www.uv.mx\/prensa\/files\/2023\/10\/241023-COUTTOLENC-Intercambio-cientifico-2.jpg 722w, https:\/\/www.uv.mx\/prensa\/files\/2023\/10\/241023-COUTTOLENC-Intercambio-cientifico-2-300x200.jpg 300w\" sizes=\"(max-width: 722px) 100vw, 722px\" \/><p id=\"caption-attachment-136478\" class=\"wp-caption-text\">Salvador Guzm\u00e1n Guzm\u00e1n, abord\u00f3 el tema \u201cColisi\u00f3n de aves en ventanas de casas y edificios\u201d<\/p><\/div>\n<p>&nbsp;<\/p>\n<p class=\"p1\">Tan s\u00f3lo en los Estados Unidos se estima que mueren al a\u00f1o alrededor de mil millones de aves por colisi\u00f3n con ventanas de casas habitaci\u00f3n o edificios, en cuyos cristales se releja el contorno exterior provocando el choque de aves peque\u00f1as y otras rapaces, lo que se puede evitar colocando calcoman\u00edas o cintas en un patr\u00f3n de 10 por 5, es decir: Si son ventanas verticales, separadas por 10 cent\u00edmetros, o separaci\u00f3n de cinco cent\u00edmetros sin son de forma horizontal.<\/p>\n<p class=\"p1\">El tercer trabajo presentado, \u201cUna perspectiva de la fauna de mariposas del subdosel arb\u00f3reo\u201d, estuvo a cargo del docente Fernando Hern\u00e1ndez-Baz y el alumno Aldo Nataniel Villegas Carrasco; refirieron que el estudio lo desarrollaron en el Campus para la Cultura, las Artes y el Deporte (CAD) de la UV, que cuenta con elementos representativos de la vegetaci\u00f3n original.<\/p>\n<p class=\"p1\">Mencionaron que durante su investigaci\u00f3n, a finales de febrero e inicio de marzo encontraron gran cantidad de espec\u00edmenes que habitan en el dosel arb\u00f3reo, lo que indica la importancia de preservar la zona, ya que de perderla se estar\u00eda en riesgo de perder tambi\u00e9n las especies de mariposas que all\u00ed habitan.<\/p>\n<p>&nbsp;<\/p>\n<div id=\"attachment_136480\" style=\"width: 732px\" class=\"wp-caption aligncenter\"><img aria-describedby=\"caption-attachment-136480\" decoding=\"async\" loading=\"lazy\" class=\"size-full wp-image-136480\" src=\"https:\/\/www.uv.mx\/prensa\/files\/2023\/10\/241023-COUTTOLENC-Intercambio-cientifico-4.jpg\" alt=\"Muestra de carteles sobre temas de Quelicerados, Miri\u00e1podos, Crust\u00e1ceos y Hex\u00e1podos\" width=\"722\" height=\"481\" srcset=\"https:\/\/www.uv.mx\/prensa\/files\/2023\/10\/241023-COUTTOLENC-Intercambio-cientifico-4.jpg 722w, https:\/\/www.uv.mx\/prensa\/files\/2023\/10\/241023-COUTTOLENC-Intercambio-cientifico-4-300x200.jpg 300w\" sizes=\"(max-width: 722px) 100vw, 722px\" \/><p id=\"caption-attachment-136480\" class=\"wp-caption-text\">Muestra de carteles sobre temas de Quelicerados, Miri\u00e1podos, Crust\u00e1ceos y Hex\u00e1podos<\/p><\/div>\n<p>&nbsp;<\/p>\n<p class=\"p1\">Precisaron que en el Campus CAD se tienen registradas aproximadamente 600 especies de mariposas; particularmente en la \u00e9poca invernal se ha observado que viven en la copa de los \u00e1rboles 41 especies de la familia <i>Nymphalidae, <\/i>que se caracteriza por alimentarse de frutos fermentados.<\/p>\n<p class=\"p1\">Ante la p\u00e9rdida de cobertura forestal en zonas anteriormente arboladas de Xalapa, consideran necesario que en las islas de vegetaci\u00f3n originaria en \u00e1reas protegidas de la capital del estado, se genere una conectividad con corredores biol\u00f3gicos en las avenidas y el cerro Macuilt\u00e9petl \u201cque es una isla en el centro de Xalapa y se encuentra rodeado de vegetaci\u00f3n\u201d.<\/p>\n<p class=\"p1\">Puntualizaron que si se replantan los camellones con la vegetaci\u00f3n original que es alimento de las mariposas, se beneficiar\u00eda no solamente a \u00e9stas, sino tambi\u00e9n a otros grupos de insectos y mam\u00edferos.<\/p>\n<p class=\"p1\">Adem\u00e1s de otros trabajos de investigaci\u00f3n, los alumnos presentaron tambi\u00e9n una exposici\u00f3n de carteles sobre temas de Quelicerados, Miri\u00e1podos, Crust\u00e1ceos y Hex\u00e1podos.<\/p>\n","protected":false},"excerpt":{"rendered":"<p>Mostraron resultados de diversas investigaciones que analizan especies y su relaci\u00f3n con la actividad humana<\/p>\n","protected":false},"author":1775,"featured_media":136476,"comment_status":"closed","ping_status":"closed","sticky":false,"template":"","format":"standard","meta":[],"categories":[45,61,6299],"tags":[8131,6150,5152,14215,14212,14210,147,645,14213,14207,14208,4162,6592,14214,14211,14209],"_links":{"self":[{"href":"https:\/\/www.uv.mx\/prensa\/wp-json\/wp\/v2\/posts\/136499"}],"collection":[{"href":"https:\/\/www.uv.mx\/prensa\/wp-json\/wp\/v2\/posts"}],"about":[{"href":"https:\/\/www.uv.mx\/prensa\/wp-json\/wp\/v2\/types\/post"}],"author":[{"embeddable":true,"href":"https:\/\/www.uv.mx\/prensa\/wp-json\/wp\/v2\/users\/1775"}],"replies":[{"embeddable":true,"href":"https:\/\/www.uv.mx\/prensa\/wp-json\/wp\/v2\/comments?post=136499"}],"version-history":[{"count":1,"href":"https:\/\/www.uv.mx\/prensa\/wp-json\/wp\/v2\/posts\/136499\/revisions"}],"predecessor-version":[{"id":136503,"href":"https:\/\/www.uv.mx\/prensa\/wp-json\/wp\/v2\/posts\/136499\/revisions\/136503"}],"wp:featuredmedia":[{"embeddable":true,"href":"https:\/\/www.uv.mx\/prensa\/wp-json\/wp\/v2\/media\/136476"}],"wp:attachment":[{"href":"https:\/\/www.uv.mx\/prensa\/wp-json\/wp\/v2\/media?parent=136499"}],"wp:term":[{"taxonomy":"category","embeddable":true,"href":"https:\/\/www.uv.mx\/prensa\/wp-json\/wp\/v2\/categories?post=136499"},{"taxonomy":"post_tag","embeddable":true,"href":"https:\/\/www.uv.mx\/prensa\/wp-json\/wp\/v2\/tags?post=136499"}],"curies":[{"name":"wp","href":"https:\/\/api.w.org\/{rel}","templated":true}]}}