{"id":136501,"date":"2023-10-24T20:39:14","date_gmt":"2023-10-25T01:39:14","guid":{"rendered":"https:\/\/www.uv.mx\/prensa\/?p=136501"},"modified":"2023-10-24T20:39:14","modified_gmt":"2023-10-25T01:39:14","slug":"importante-desarrollar-investigacion-sobre-cardiopatias-congenitas","status":"publish","type":"post","link":"https:\/\/www.uv.mx\/prensa\/ciencia\/importante-desarrollar-investigacion-sobre-cardiopatias-congenitas\/","title":{"rendered":"Importante desarrollar investigaci\u00f3n sobre cardiopat\u00edas cong\u00e9nitas"},"content":{"rendered":"<ul>\n<li data-leveltext=\"\uf0b7\" data-font=\"Symbol\" data-listid=\"1\" data-list-defn-props=\"{&quot;335552541&quot;:1,&quot;335559684&quot;:-2,&quot;335559685&quot;:720,&quot;335559991&quot;:360,&quot;469769226&quot;:&quot;Symbol&quot;,&quot;469769242&quot;:[8226],&quot;469777803&quot;:&quot;left&quot;,&quot;469777804&quot;:&quot;\uf0b7&quot;,&quot;469777815&quot;:&quot;hybridMultilevel&quot;}\" data-aria-posinset=\"1\" data-aria-level=\"1\"><i><span data-contrast=\"auto\">Nonanzit Iracema P\u00e9rez, del Instituto Nacional de Cardiolog\u00eda, dijo que en M\u00e9xico hay de 18 a 21 mil ni\u00f1os al a\u00f1o con esta enfermedad, pero la mayor\u00eda no son diagnosticados a tiempo<\/span><\/i><span data-ccp-props=\"{}\">\u00a0<\/span><\/li>\n<li data-leveltext=\"\uf0b7\" data-font=\"Symbol\" data-listid=\"1\" data-list-defn-props=\"{&quot;335552541&quot;:1,&quot;335559684&quot;:-2,&quot;335559685&quot;:720,&quot;335559991&quot;:360,&quot;469769226&quot;:&quot;Symbol&quot;,&quot;469769242&quot;:[8226],&quot;469777803&quot;:&quot;left&quot;,&quot;469777804&quot;:&quot;\uf0b7&quot;,&quot;469777815&quot;:&quot;hybridMultilevel&quot;}\" data-aria-posinset=\"2\" data-aria-level=\"1\"><i><span data-contrast=\"auto\">Jos\u00e9 Manuel Rodr\u00edguez habl\u00f3 sobre el estudio que desarrollan en un grupo de pacientes menores de 18 a\u00f1os, con malformaciones cong\u00e9nitas cardiacas<\/span><\/i><span data-ccp-props=\"{}\">\u00a0<\/span><\/li>\n<\/ul>\n<p><span data-ccp-props=\"{}\">\u00a0<\/span><\/p>\n<div id=\"attachment_136493\" style=\"width: 732px\" class=\"wp-caption aligncenter\"><img aria-describedby=\"caption-attachment-136493\" decoding=\"async\" loading=\"lazy\" class=\"size-full wp-image-136493\" src=\"https:\/\/www.uv.mx\/prensa\/files\/2023\/10\/241023-PAOLA-Epigenetica-1-100k.jpg\" alt=\"\" width=\"722\" height=\"481\" srcset=\"https:\/\/www.uv.mx\/prensa\/files\/2023\/10\/241023-PAOLA-Epigenetica-1-100k.jpg 722w, https:\/\/www.uv.mx\/prensa\/files\/2023\/10\/241023-PAOLA-Epigenetica-1-100k-300x200.jpg 300w\" sizes=\"(max-width: 722px) 100vw, 722px\" \/><p id=\"caption-attachment-136493\" class=\"wp-caption-text\">Nonanzit Iracema P\u00e9rez y Jos\u00e9 Manuel Rodr\u00edguez, egresados de la Facultad de Bioan\u00e1lisis de la UV<\/p><\/div>\n<p><span data-ccp-props=\"{}\">\u00a0<\/span><\/p>\n<p><b><i><span data-contrast=\"auto\">Paola Cort\u00e9s P\u00e9rez<\/span><\/i><\/b><span data-ccp-props=\"{}\">\u00a0<\/span><\/p>\n<p><b><i><span data-contrast=\"auto\">Fotos: Jos\u00e9 Miguel Hern\u00e1ndez Platas<\/span><\/i><\/b><span data-ccp-props=\"{}\">\u00a0<\/span><\/p>\n<p><b><i><span data-contrast=\"auto\">24\/10\/2023, Xalapa, Ver.-<\/span><\/i><\/b><span data-contrast=\"auto\"> En el mundo existe una gran prevalencia de cardiopat\u00edas cong\u00e9nitas, 8.2 por cada mil ni\u00f1os nacidos la padecen; es una enfermedad multifactorial y se desconoce su origen, de ah\u00ed la importancia de desarrollar investigaci\u00f3n, expuso Nonanzit Iracema P\u00e9rez Hern\u00e1ndez, del Laboratorio de Gen\u00f3mica del Departamento de Biolog\u00eda Molecular del Instituto Nacional de Cardiolog\u00eda \u201cIgnacio Ch\u00e1vez\u201d.<\/span><span data-ccp-props=\"{}\">\u00a0<\/span><\/p>\n<p><span data-contrast=\"auto\">As\u00ed lo expuso al impartir la conferencia \u201cLa Epigen\u00e9tica y el impacto en las cardiopat\u00edas cong\u00e9nitas\u201d, en el marco del Congreso Nacional de Qu\u00edmica Cl\u00ednica, que tuvo como sede el Museo de Antropolog\u00eda de Xalapa y fue parte del 45 Aniversario de la Facultad de Bioan\u00e1lisis de la Universidad Veracruzana (UV).<\/span><span data-ccp-props=\"{&quot;335559731&quot;:708}\">\u00a0<\/span><\/p>\n<p><span data-contrast=\"auto\">\u00a0Nonanzit Iracema P\u00e9rez dijo que, en M\u00e9xico, de seis a ocho mil nacidos vivos padecen una cardiopat\u00eda cong\u00e9nita, lo que se traduce de 18 a 21 mil ni\u00f1os al a\u00f1o con este padecimiento, sin embargo, no todos son diagnosticados a tiempo.<\/span><\/p>\n<p>&nbsp;<\/p>\n<div id=\"attachment_136494\" style=\"width: 732px\" class=\"wp-caption aligncenter\"><img aria-describedby=\"caption-attachment-136494\" decoding=\"async\" loading=\"lazy\" class=\"size-full wp-image-136494\" src=\"https:\/\/www.uv.mx\/prensa\/files\/2023\/10\/241023-PAOLA-Epigenetica-2-100k.jpg\" alt=\"\" width=\"722\" height=\"481\" srcset=\"https:\/\/www.uv.mx\/prensa\/files\/2023\/10\/241023-PAOLA-Epigenetica-2-100k.jpg 722w, https:\/\/www.uv.mx\/prensa\/files\/2023\/10\/241023-PAOLA-Epigenetica-2-100k-300x200.jpg 300w\" sizes=\"(max-width: 722px) 100vw, 722px\" \/><p id=\"caption-attachment-136494\" class=\"wp-caption-text\">Dieron a conocer la investigaci\u00f3n que desarrollan en el Instituto Nacional de Cardiolog\u00eda \u201cIgnacio Ch\u00e1vez\u201d<\/p><\/div>\n<p>&nbsp;<\/p>\n<p><span data-contrast=\"auto\">Las cardiopat\u00edas m\u00e1s frecuentes son la comunicaci\u00f3n interventricular, la comunicaci\u00f3n interauricular, la persistencia de conducto arterioso y la estenosis pulmonar.<\/span><span data-ccp-props=\"{&quot;335559731&quot;:708}\">\u00a0<\/span><\/p>\n<p><span data-contrast=\"auto\">\u201cEs una enfermedad multifactorial y se desconoce su origen, aunque puede ser por gen\u00e9tica o epigen\u00e9tica, por lo que el 80% de las causas son desconocidas.\u201d<\/span><span data-ccp-props=\"{&quot;335559731&quot;:708}\">\u00a0<\/span><\/p>\n<p><span data-contrast=\"auto\">La epigen\u00e9tica es el estudio de los cambios que activan o inactivan los genes sin cambiar la secuencia del ADN, esto a causa de la edad y la exposici\u00f3n a factores ambientales como alimentaci\u00f3n, ejercicio, medicamentos y sustancias qu\u00edmicas. Estos cambios modifican el riesgo de enfermedades y a veces se transmiten de padres a hijos.<\/span><span data-ccp-props=\"{&quot;335559731&quot;:708}\">\u00a0<\/span><\/p>\n<p><span data-contrast=\"auto\">Mencion\u00f3 que en el Laboratorio de Gen\u00f3mica han desarrollado una l\u00ednea de investigaci\u00f3n sobre epigen\u00e9tica, as\u00ed que han conformado un grupo de estudio sobre cardiopat\u00edas cong\u00e9nitas que no tienen s\u00edndrome en menores de edad, espec\u00edficamente tres tipos: la comunicaci\u00f3n interventricular, comunicaci\u00f3n interauricular y la persistencia del conducto arterioso, las cuales son comparadas.<\/span><span data-ccp-props=\"{&quot;335559731&quot;:708}\">\u00a0<\/span><\/p>\n<p><span data-contrast=\"auto\">Enfatiz\u00f3 que ese padecimiento, aunque se supere o trate, \u201cjam\u00e1s se quita, vivir\u00e1n con \u00e9l toda la vida\u201d, pero depender\u00e1 de los m\u00e9dicos e investigadores el que tengan una mejor calidad de vida.<\/span><span data-ccp-props=\"{&quot;335559731&quot;:708}\">\u00a0<\/span><\/p>\n<p><span data-contrast=\"auto\">\u201cEs dif\u00edcil explicar que todo lo que est\u00e1 en el ambiente puede hacerle algo a tus genes, hay que saber interpretar y tener la informaci\u00f3n para darle un sentido a este tema\u201d, afirm\u00f3.<\/span><span data-ccp-props=\"{&quot;335559731&quot;:708}\">\u00a0<\/span><\/p>\n<p>&nbsp;<\/p>\n<div id=\"attachment_136495\" style=\"width: 732px\" class=\"wp-caption aligncenter\"><img aria-describedby=\"caption-attachment-136495\" decoding=\"async\" loading=\"lazy\" class=\"size-full wp-image-136495\" src=\"https:\/\/www.uv.mx\/prensa\/files\/2023\/10\/241023-PAOLA-Epigenetica-3-100k.jpg\" alt=\"\" width=\"722\" height=\"481\" srcset=\"https:\/\/www.uv.mx\/prensa\/files\/2023\/10\/241023-PAOLA-Epigenetica-3-100k.jpg 722w, https:\/\/www.uv.mx\/prensa\/files\/2023\/10\/241023-PAOLA-Epigenetica-3-100k-300x200.jpg 300w\" sizes=\"(max-width: 722px) 100vw, 722px\" \/><p id=\"caption-attachment-136495\" class=\"wp-caption-text\">Jos\u00e9 Manuel Rodr\u00edguez comparti\u00f3 algunos de los resultados obtenidos sobre el estudio malformaciones cong\u00e9nitas cardiacas<\/p><\/div>\n<p>&nbsp;<\/p>\n<p><span data-contrast=\"auto\">Jos\u00e9 Manuel Rodr\u00edguez P\u00e9rez, tambi\u00e9n integrante del Laboratorio de Gen\u00f3mica, y ambos, egresados de la Facultad de Bioan\u00e1lisis, habl\u00f3 sobre la investigaci\u00f3n que desarrollan intitulada \u201cAn\u00e1lisis de metilaci\u00f3n del DNA en la regi\u00f3n promotora del gen Tbx20 en pacientes pedi\u00e1tricos con malformaciones cong\u00e9nitas cardiacas\u201d.<\/span><span data-ccp-props=\"{&quot;335559731&quot;:708}\">\u00a0<\/span><\/p>\n<p><span data-contrast=\"auto\">El tipo de estudio, detall\u00f3, es observacional transversal y comparativo en poblaci\u00f3n pedi\u00e1trica no sindr\u00f3mica donde se incluyeron participantes de ambos sexos con una edad l\u00edmite de 18 a\u00f1os.<\/span><span data-ccp-props=\"{&quot;335559731&quot;:708}\">\u00a0<\/span><\/p>\n<p><span data-contrast=\"auto\">Se pensaba que la Tbx20 se limitaba al per\u00edodo embrionario, cuando regulaba la formaci\u00f3n del coraz\u00f3n; sin embargo, un estudio reciente de la Universidad Complutense de Madrid ha descubierto que tambi\u00e9n regula la actividad el\u00e9ctrica de las c\u00e9lulas card\u00edacas en el coraz\u00f3n adulto; tal resultado se puede consultar en <\/span><i><span data-contrast=\"auto\">Sur<\/span><\/i><span data-contrast=\"auto\">, <\/span><a href=\"https:\/\/www.diariosur.es\/sociedad\/salud\/investigacion\/201702\/02\/tbx20-proteina-regula-actividad-20170202103542-rc.html?ref=https%3A%2F%2Fwww.google.com%2F\"><span data-contrast=\"none\">Tbx20, la prote\u00edna que regula la actividad el\u00e9ctrica de las c\u00e9lulas card\u00edacas<\/span><\/a><span data-contrast=\"auto\">.<\/span><span data-ccp-props=\"{&quot;335559731&quot;:708}\">\u00a0<\/span><\/p>\n","protected":false},"excerpt":{"rendered":"<p>Constituyen una enfermedad multifactorial y se desconoce su origen, aunque puede ser por gen\u00e9tica o epigen\u00e9tica, el 80% de las causas son desconocidas\u00a0<\/p>\n","protected":false},"author":2349,"featured_media":136496,"comment_status":"closed","ping_status":"closed","sticky":false,"template":"","format":"standard","meta":[],"categories":[45,61,51],"tags":[14221,14217,14050,11444,14220,14222,3325,14216,8190,14219,14218,4164],"_links":{"self":[{"href":"https:\/\/www.uv.mx\/prensa\/wp-json\/wp\/v2\/posts\/136501"}],"collection":[{"href":"https:\/\/www.uv.mx\/prensa\/wp-json\/wp\/v2\/posts"}],"about":[{"href":"https:\/\/www.uv.mx\/prensa\/wp-json\/wp\/v2\/types\/post"}],"author":[{"embeddable":true,"href":"https:\/\/www.uv.mx\/prensa\/wp-json\/wp\/v2\/users\/2349"}],"replies":[{"embeddable":true,"href":"https:\/\/www.uv.mx\/prensa\/wp-json\/wp\/v2\/comments?post=136501"}],"version-history":[{"count":1,"href":"https:\/\/www.uv.mx\/prensa\/wp-json\/wp\/v2\/posts\/136501\/revisions"}],"predecessor-version":[{"id":136502,"href":"https:\/\/www.uv.mx\/prensa\/wp-json\/wp\/v2\/posts\/136501\/revisions\/136502"}],"wp:featuredmedia":[{"embeddable":true,"href":"https:\/\/www.uv.mx\/prensa\/wp-json\/wp\/v2\/media\/136496"}],"wp:attachment":[{"href":"https:\/\/www.uv.mx\/prensa\/wp-json\/wp\/v2\/media?parent=136501"}],"wp:term":[{"taxonomy":"category","embeddable":true,"href":"https:\/\/www.uv.mx\/prensa\/wp-json\/wp\/v2\/categories?post=136501"},{"taxonomy":"post_tag","embeddable":true,"href":"https:\/\/www.uv.mx\/prensa\/wp-json\/wp\/v2\/tags?post=136501"}],"curies":[{"name":"wp","href":"https:\/\/api.w.org\/{rel}","templated":true}]}}