{"id":136544,"date":"2023-10-25T17:13:26","date_gmt":"2023-10-25T22:13:26","guid":{"rendered":"https:\/\/www.uv.mx\/prensa\/?p=136544"},"modified":"2023-10-25T17:13:26","modified_gmt":"2023-10-25T22:13:26","slug":"con-performance-estudiante-uv-promovio-conservacion-de-los-bosques","status":"publish","type":"post","link":"https:\/\/www.uv.mx\/prensa\/cultura\/con-performance-estudiante-uv-promovio-conservacion-de-los-bosques\/","title":{"rendered":"Con <i>performance<\/i>, estudiante UV promovi\u00f3 conservaci\u00f3n de los bosques"},"content":{"rendered":"<ul style=\"font-weight: 400\">\n<li data-leveltext=\"\uf0b7\" data-font=\"Symbol\" data-listid=\"6\" data-list-defn-props=\"{&quot;335552541&quot;:1,&quot;335559684&quot;:-2,&quot;335559685&quot;:720,&quot;335559991&quot;:360,&quot;469769226&quot;:&quot;Symbol&quot;,&quot;469769242&quot;:[8226],&quot;469777803&quot;:&quot;left&quot;,&quot;469777804&quot;:&quot;\uf0b7&quot;,&quot;469777815&quot;:&quot;hybridMultilevel&quot;}\" data-aria-posinset=\"1\" data-aria-level=\"1\"><i><span data-contrast=\"auto\">Dirigi\u00f3 el montaje esc\u00e9nico <\/span><\/i><span data-contrast=\"auto\">Bosque vivo<\/span><i><span data-contrast=\"auto\">, en el que participaron alrededor de 15 personas, entre actores, muralistas, m\u00fasicos y maquillistas<\/span><\/i><span data-ccp-props=\"{}\">\u00a0<\/span><\/li>\n<li data-leveltext=\"\uf0b7\" data-font=\"Symbol\" data-listid=\"6\" data-list-defn-props=\"{&quot;335552541&quot;:1,&quot;335559684&quot;:-2,&quot;335559685&quot;:720,&quot;335559991&quot;:360,&quot;469769226&quot;:&quot;Symbol&quot;,&quot;469769242&quot;:[8226],&quot;469777803&quot;:&quot;left&quot;,&quot;469777804&quot;:&quot;\uf0b7&quot;,&quot;469777815&quot;:&quot;hybridMultilevel&quot;}\" data-aria-posinset=\"2\" data-aria-level=\"1\"><i><span data-contrast=\"auto\">Mostr\u00f3 al espectador la importancia de evitar la tala de \u00e1rboles y fomentar la reforestaci\u00f3n<\/span><\/i><span data-ccp-props=\"{}\">\u00a0<\/span><\/li>\n<\/ul>\n<p>&nbsp;<\/p>\n<div id=\"attachment_136505\" style=\"width: 732px\" class=\"wp-caption aligncenter\"><a href=\"https:\/\/www.uv.mx\/prensa\/files\/2023\/10\/241023-CARLOS-Performance-1-100k.jpg\"><img aria-describedby=\"caption-attachment-136505\" decoding=\"async\" loading=\"lazy\" class=\"size-full wp-image-136505\" src=\"https:\/\/www.uv.mx\/prensa\/files\/2023\/10\/241023-CARLOS-Performance-1-100k.jpg\" alt=\"\" width=\"722\" height=\"482\" srcset=\"https:\/\/www.uv.mx\/prensa\/files\/2023\/10\/241023-CARLOS-Performance-1-100k.jpg 722w, https:\/\/www.uv.mx\/prensa\/files\/2023\/10\/241023-CARLOS-Performance-1-100k-300x200.jpg 300w\" sizes=\"(max-width: 722px) 100vw, 722px\" \/><\/a><p id=\"caption-attachment-136505\" class=\"wp-caption-text\">Los artistas representaron a esp\u00edritus de la naturaleza<\/p><\/div>\n<p>&nbsp;<\/p>\n<p><b><i><span data-contrast=\"auto\">Carlos Hugo Hermida Rosales<\/span><\/i><\/b><span data-ccp-props=\"{}\">\u00a0<\/span><\/p>\n<p><b><i><span data-contrast=\"auto\">Fotos: Cortes\u00eda Diego Acosta (1 y 3) y Carlos Hermida (2)<\/span><\/i><\/b><span data-ccp-props=\"{}\">\u00a0<\/span><\/p>\n<p><b><i><span data-contrast=\"auto\">25\/10\/2023, Xalapa, Ver.-<\/span><\/i><\/b><span data-contrast=\"auto\"> \u201cEl martes iniciamos la elaboraci\u00f3n de un mural de m\u00e1s de 20 metros cuadrados que representa un bosque, lo dejamos secar un par de d\u00edas y lo exhibimos el fin de semana; pero al llegar el domingo, frente a un p\u00fablico de todas las edades, un artista con una lata de pintura en la mano lo parti\u00f3 en dos con una raya roja y eso fue un acto disruptivo para todos los espectadores\u201d, relat\u00f3 Estefan\u00eda Arabel\u202fGallegos Garc\u00eda, estudiante de la Licenciatura en Lengua Inglesa de la Universidad Veracruzana (UV).\u00a0<\/span><span data-ccp-props=\"{}\">\u00a0<\/span><\/p>\n<p><span data-contrast=\"auto\">La joven, quien tambi\u00e9n se form\u00f3 en la Facultad de Teatro, comparti\u00f3 el desarrollo del <\/span><i><span data-contrast=\"auto\">performance<\/span><\/i> <i><span data-contrast=\"auto\">Bosque vivo<\/span><\/i><span data-contrast=\"auto\">, que clausur\u00f3 el evento \u201cPicnic creativo. Encuentro multicultural sin instructivo\u201d, llevado a cabo del 20 al 22 de octubre en el Centro Cultural Orgullo Veracruzano, localizado en el Barrio M\u00e1gico Xallitic.<\/span><span data-ccp-props=\"{&quot;335559731&quot;:708}\">\u00a0<\/span><\/p>\n<p><span data-contrast=\"auto\">En este <\/span><i><span data-contrast=\"auto\">performance<\/span><\/i><span data-contrast=\"auto\"> dirigido por la estudiante, participaron alrededor de 15 personas, entre actores, muralistas, m\u00fasicos y maquillistas.\u00a0<\/span><span data-ccp-props=\"{&quot;335559731&quot;:708}\">\u00a0<\/span><\/p>\n<p>&nbsp;<\/p>\n<div id=\"attachment_136506\" style=\"width: 732px\" class=\"wp-caption aligncenter\"><a href=\"https:\/\/www.uv.mx\/prensa\/files\/2023\/10\/241023-CARLOS-Performance-2-100k.jpg\"><img aria-describedby=\"caption-attachment-136506\" decoding=\"async\" loading=\"lazy\" class=\"size-full wp-image-136506\" src=\"https:\/\/www.uv.mx\/prensa\/files\/2023\/10\/241023-CARLOS-Performance-2-100k.jpg\" alt=\"\" width=\"722\" height=\"482\" srcset=\"https:\/\/www.uv.mx\/prensa\/files\/2023\/10\/241023-CARLOS-Performance-2-100k.jpg 722w, https:\/\/www.uv.mx\/prensa\/files\/2023\/10\/241023-CARLOS-Performance-2-100k-300x200.jpg 300w\" sizes=\"(max-width: 722px) 100vw, 722px\" \/><\/a><p id=\"caption-attachment-136506\" class=\"wp-caption-text\">Estefan\u00eda Arabel\u202fGallegos Garc\u00eda<\/p><\/div>\n<p>&nbsp;<\/p>\n<p><span data-contrast=\"auto\">Por medio de la manifestaci\u00f3n esc\u00e9nica, los involucrados en su montaje mostraron al espectador la importancia de proteger los bosques, evitar la tala de \u00e1rboles y promover la reforestaci\u00f3n.\u00a0<\/span><span data-ccp-props=\"{&quot;335559731&quot;:708}\">\u00a0<\/span><\/p>\n<p><span data-contrast=\"auto\">Estefan\u00eda Gallegos mencion\u00f3 que la idea de <\/span><i><span data-contrast=\"auto\">Bosque vivo <\/span><\/i><span data-contrast=\"auto\">fue desarrollada en conjunto con Andr\u00e9s Lino, alumno de la Facultad de Artes Pl\u00e1sticas; al llevarla a cabo el apoyo de Darcy Santos fue fundamental, pues fue quien se hizo cargo de aplicar el <\/span><i><span data-contrast=\"auto\">body paint<\/span><\/i><span data-contrast=\"auto\">.\u00a0<\/span><span data-ccp-props=\"{&quot;335559731&quot;:708}\">\u00a0<\/span><\/p>\n<p><span data-contrast=\"auto\">\u201cLa raya roja s\u00f3lo fue el inicio de la destrucci\u00f3n parcial del mural y fue all\u00ed cuando los actores maquillados, caracterizados de esp\u00edritus de la naturaleza, comenzaron con su restauraci\u00f3n e invitaron al p\u00fablico a participar en ella\u201d, prosigui\u00f3 la joven.\u00a0<\/span><span data-ccp-props=\"{&quot;335559731&quot;:708}\">\u00a0<\/span><\/p>\n<p>&nbsp;<\/p>\n<div id=\"attachment_136507\" style=\"width: 732px\" class=\"wp-caption aligncenter\"><a href=\"https:\/\/www.uv.mx\/prensa\/files\/2023\/10\/241023-CARLOS-Performance-3-100k.jpg\"><img aria-describedby=\"caption-attachment-136507\" decoding=\"async\" loading=\"lazy\" class=\"size-full wp-image-136507\" src=\"https:\/\/www.uv.mx\/prensa\/files\/2023\/10\/241023-CARLOS-Performance-3-100k.jpg\" alt=\"\" width=\"722\" height=\"482\" srcset=\"https:\/\/www.uv.mx\/prensa\/files\/2023\/10\/241023-CARLOS-Performance-3-100k.jpg 722w, https:\/\/www.uv.mx\/prensa\/files\/2023\/10\/241023-CARLOS-Performance-3-100k-300x200.jpg 300w\" sizes=\"(max-width: 722px) 100vw, 722px\" \/><\/a><p id=\"caption-attachment-136507\" class=\"wp-caption-text\">Da\u00f1ar el mural fue un acto disruptivo para los espectadores<\/p><\/div>\n<p>&nbsp;<\/p>\n<p><span data-contrast=\"auto\">Todo se desarroll\u00f3 con m\u00fasica de fondo, donde el sonido del tambor y el teclado dirigieron los movimientos de los artistas.\u00a0<\/span><span data-ccp-props=\"{&quot;335559731&quot;:708}\">\u00a0<\/span><\/p>\n<p><span data-contrast=\"auto\">La estudiante mencion\u00f3 que en el entorno actual los seres humanos nos hemos vuelto distantes hacia la destrucci\u00f3n medioambiental, y ante ello el arte es una herramienta fundamental para concientizar sobre el da\u00f1o ocasionado.<\/span><span data-ccp-props=\"{&quot;335559731&quot;:708}\">\u00a0<\/span><\/p>\n<p><span data-contrast=\"auto\">Puntualiz\u00f3 que el trabajo multidisciplinario result\u00f3 indispensable, as\u00ed como las alianzas con instancias del gobierno municipal, a las que agradeci\u00f3 el apoyo en la log\u00edstica y construcci\u00f3n del escenario.\u00a0<\/span><span data-ccp-props=\"{&quot;335559731&quot;:708}\">\u00a0<\/span><\/p>\n<p><span data-contrast=\"auto\">\u201cAmo el arte y me gusta compartirlo con las dem\u00e1s personas, pues considero que es una excelente forma de generar conciencia y liberarnos de cosas malas que pasan en el mundo\u201d, concluy\u00f3.\u00a0<\/span><span data-ccp-props=\"{&quot;335559731&quot;:708}\">\u00a0<\/span><\/p>\n","protected":false},"excerpt":{"rendered":"<p>La puesta en escena se present\u00f3 en el Centro Cultural Orgullo Veracruzano<\/p>\n","protected":false},"author":1809,"featured_media":136508,"comment_status":"closed","ping_status":"closed","sticky":false,"template":"","format":"standard","meta":[],"categories":[11,47,61,6299],"tags":[14229,4161,14228,1476,9282,3737,9658,14231,14230,14232],"_links":{"self":[{"href":"https:\/\/www.uv.mx\/prensa\/wp-json\/wp\/v2\/posts\/136544"}],"collection":[{"href":"https:\/\/www.uv.mx\/prensa\/wp-json\/wp\/v2\/posts"}],"about":[{"href":"https:\/\/www.uv.mx\/prensa\/wp-json\/wp\/v2\/types\/post"}],"author":[{"embeddable":true,"href":"https:\/\/www.uv.mx\/prensa\/wp-json\/wp\/v2\/users\/1809"}],"replies":[{"embeddable":true,"href":"https:\/\/www.uv.mx\/prensa\/wp-json\/wp\/v2\/comments?post=136544"}],"version-history":[{"count":1,"href":"https:\/\/www.uv.mx\/prensa\/wp-json\/wp\/v2\/posts\/136544\/revisions"}],"predecessor-version":[{"id":136548,"href":"https:\/\/www.uv.mx\/prensa\/wp-json\/wp\/v2\/posts\/136544\/revisions\/136548"}],"wp:featuredmedia":[{"embeddable":true,"href":"https:\/\/www.uv.mx\/prensa\/wp-json\/wp\/v2\/media\/136508"}],"wp:attachment":[{"href":"https:\/\/www.uv.mx\/prensa\/wp-json\/wp\/v2\/media?parent=136544"}],"wp:term":[{"taxonomy":"category","embeddable":true,"href":"https:\/\/www.uv.mx\/prensa\/wp-json\/wp\/v2\/categories?post=136544"},{"taxonomy":"post_tag","embeddable":true,"href":"https:\/\/www.uv.mx\/prensa\/wp-json\/wp\/v2\/tags?post=136544"}],"curies":[{"name":"wp","href":"https:\/\/api.w.org\/{rel}","templated":true}]}}