{"id":136549,"date":"2023-10-25T17:02:01","date_gmt":"2023-10-25T22:02:01","guid":{"rendered":"https:\/\/www.uv.mx\/prensa\/?p=136549"},"modified":"2023-10-25T17:02:22","modified_gmt":"2023-10-25T22:02:22","slug":"presentan-baile-en-braille-innovador-proyecto-de-inclusion","status":"publish","type":"post","link":"https:\/\/www.uv.mx\/prensa\/regiones\/presentan-baile-en-braille-innovador-proyecto-de-inclusion\/","title":{"rendered":"Presentan \u201cBaile en Braille\u201d, innovador proyecto de inclusi\u00f3n"},"content":{"rendered":"<ul>\n<li data-leveltext=\"\uf0b7\" data-font=\"Symbol\" data-listid=\"2\" data-list-defn-props=\"{&quot;335552541&quot;:1,&quot;335559684&quot;:-2,&quot;335559685&quot;:720,&quot;335559991&quot;:360,&quot;469769226&quot;:&quot;Symbol&quot;,&quot;469769242&quot;:[8226],&quot;469777803&quot;:&quot;left&quot;,&quot;469777804&quot;:&quot;\uf0b7&quot;,&quot;469777815&quot;:&quot;hybridMultilevel&quot;}\" data-aria-posinset=\"1\" data-aria-level=\"1\"><i><span data-contrast=\"auto\">Estudiante de Sociolog\u00eda lo present\u00f3 en el Foro Internacional de Inclusi\u00f3n en Educaci\u00f3n Superior 2023<\/span><\/i><span data-ccp-props=\"{&quot;201341983&quot;:0,&quot;335559739&quot;:0,&quot;335559740&quot;:240}\">\u00a0<\/span><\/li>\n<li data-leveltext=\"\uf0b7\" data-font=\"Symbol\" data-listid=\"2\" data-list-defn-props=\"{&quot;335552541&quot;:1,&quot;335559684&quot;:-2,&quot;335559685&quot;:720,&quot;335559991&quot;:360,&quot;469769226&quot;:&quot;Symbol&quot;,&quot;469769242&quot;:[8226],&quot;469777803&quot;:&quot;left&quot;,&quot;469777804&quot;:&quot;\uf0b7&quot;,&quot;469777815&quot;:&quot;hybridMultilevel&quot;}\" data-aria-posinset=\"2\" data-aria-level=\"1\"><i><span data-contrast=\"auto\">El m\u00e9todo busca ense\u00f1ar pasos de baile a personas con discapacidad visual, por medio de las figuras del alfabeto Braille.<\/span><\/i><\/li>\n<li data-leveltext=\"\uf0b7\" data-font=\"Symbol\" data-listid=\"2\" data-list-defn-props=\"{&quot;335552541&quot;:1,&quot;335559684&quot;:-2,&quot;335559685&quot;:720,&quot;335559991&quot;:360,&quot;469769226&quot;:&quot;Symbol&quot;,&quot;469769242&quot;:[8226],&quot;469777803&quot;:&quot;left&quot;,&quot;469777804&quot;:&quot;\uf0b7&quot;,&quot;469777815&quot;:&quot;hybridMultilevel&quot;}\" data-aria-posinset=\"2\" data-aria-level=\"1\"><i><span data-contrast=\"auto\">El proyecto tiene como objetivo generar nuevas formas de convivencia y recreaci\u00f3n para las personas con este tipo de discapacidad<\/span><\/i><span data-ccp-props=\"{&quot;201341983&quot;:0,&quot;335559739&quot;:0,&quot;335559740&quot;:240}\">\u00a0<\/span><\/li>\n<\/ul>\n<p><span data-ccp-props=\"{&quot;134233279&quot;:true,&quot;201341983&quot;:0,&quot;335559739&quot;:0,&quot;335559740&quot;:240}\">\u00a0<\/span><\/p>\n<div id=\"attachment_136437\" style=\"width: 732px\" class=\"wp-caption aligncenter\"><img aria-describedby=\"caption-attachment-136437\" decoding=\"async\" loading=\"lazy\" class=\"size-full wp-image-136437\" src=\"https:\/\/www.uv.mx\/prensa\/files\/2023\/10\/241023_Eduardo-Orizaba_baile-braille-1-100k.jpg\" alt=\"\" width=\"722\" height=\"482\" srcset=\"https:\/\/www.uv.mx\/prensa\/files\/2023\/10\/241023_Eduardo-Orizaba_baile-braille-1-100k.jpg 722w, https:\/\/www.uv.mx\/prensa\/files\/2023\/10\/241023_Eduardo-Orizaba_baile-braille-1-100k-300x200.jpg 300w\" sizes=\"(max-width: 722px) 100vw, 722px\" \/><p id=\"caption-attachment-136437\" class=\"wp-caption-text\">Ana Paola Morgado Luna es estudiante con discapacidad visual de la Licenciatura en Sociolog\u00eda en Xalapa<\/p><\/div>\n<p><span data-ccp-props=\"{&quot;134233279&quot;:true,&quot;201341983&quot;:0,&quot;335559739&quot;:0,&quot;335559740&quot;:240}\">\u00a0<\/span><\/p>\n<p><b><i><span data-contrast=\"auto\">Eduardo Ca\u00f1edo Lom\u00e1n<\/span><\/i><\/b><span data-ccp-props=\"{&quot;134233279&quot;:true,&quot;201341983&quot;:0,&quot;335559739&quot;:0,&quot;335559740&quot;:240}\">\u00a0<\/span><\/p>\n<p><b><i><span data-contrast=\"auto\">25\/10\/2023, Ixtaczoquitl\u00e1n, Ver.-<\/span><\/i><\/b><span data-contrast=\"auto\"> En el marco del Foro Internacional de Inclusi\u00f3n en Educaci\u00f3n Superior (FIIES) 2023, organizado por la Universidad Veracruzana (UV), Ana Paola Morgado Luna, estudiante en condici\u00f3n de discapacidad visual de la Licenciatura en Sociolog\u00eda en la regi\u00f3n Xalapa, ofreci\u00f3 el taller \u201cBaile en Braille, la inclusi\u00f3n tambi\u00e9n baila\u201d.<\/span><span data-ccp-props=\"{&quot;134233279&quot;:true,&quot;201341983&quot;:0,&quot;335559739&quot;:0,&quot;335559740&quot;:240}\">\u00a0<\/span><\/p>\n<p><span data-contrast=\"auto\">El taller, programado entre las actividades de la regi\u00f3n Orizaba-C\u00f3rdoba del Foro, tuvo como sede la Unidad de Servicios Bibliotecarios y de Informaci\u00f3n (USBI) del Campus Ixtaczoquitl\u00e1n.<\/span><span data-ccp-props=\"{&quot;134233279&quot;:true,&quot;201341983&quot;:0,&quot;335559739&quot;:0,&quot;335559740&quot;:240}\">\u00a0<\/span><\/p>\n<p><span data-contrast=\"auto\">Durante su presentaci\u00f3n, la ponente destac\u00f3 la importancia de reflexionar sobre el papel que cada quien tiene para crear un mundo m\u00e1s incluyente, m\u00e1s consciente y m\u00e1s sensible, siendo la inclusi\u00f3n un tema que nos hace part\u00edcipes a todos para generar nuevas formas de convivencia.<\/span><\/p>\n<p>&nbsp;<\/p>\n<div id=\"attachment_136438\" style=\"width: 732px\" class=\"wp-caption aligncenter\"><img aria-describedby=\"caption-attachment-136438\" decoding=\"async\" loading=\"lazy\" class=\"size-full wp-image-136438\" src=\"https:\/\/www.uv.mx\/prensa\/files\/2023\/10\/241023_Eduardo-Orizaba_baile-braille-2-100k.jpg\" alt=\"\" width=\"722\" height=\"482\" srcset=\"https:\/\/www.uv.mx\/prensa\/files\/2023\/10\/241023_Eduardo-Orizaba_baile-braille-2-100k.jpg 722w, https:\/\/www.uv.mx\/prensa\/files\/2023\/10\/241023_Eduardo-Orizaba_baile-braille-2-100k-300x200.jpg 300w\" sizes=\"(max-width: 722px) 100vw, 722px\" \/><p id=\"caption-attachment-136438\" class=\"wp-caption-text\">Las personas asistentes practicaron junto con la ponente algunos de los pasos de baile<\/p><\/div>\n<p>&nbsp;<\/p>\n<p><span data-contrast=\"auto\">El proyecto \u201cBaile en Braille\u201d, retoma como punto central ense\u00f1ar pasos, ritmos y rutinas de baile a personas en condici\u00f3n de discapacidad visual por medio de las figuras del alfabeto Braille, un sistema que ellos y ellas reconocen, y en la mayor\u00eda de los casos dominan, marcando los mismos puntos de las letras en Braille con el movimiento de los pies.<\/span><span data-ccp-props=\"{&quot;201341983&quot;:0,&quot;335559731&quot;:708,&quot;335559739&quot;:0,&quot;335559740&quot;:240}\">\u00a0<\/span><\/p>\n<p><span data-contrast=\"auto\">A decir de Morgado Luna, el proyecto que inici\u00f3 en el 2020 busca que las personas que viven en situaci\u00f3n de discapacidad generen seguridad corporal, confianza y sobre todo puedan participar en eventos sociales, otorg\u00e1ndoles las herramientas para guiar y orientar los pasos de baile.<\/span><span data-ccp-props=\"{&quot;134233279&quot;:true,&quot;201341983&quot;:0,&quot;335559731&quot;:708,&quot;335559739&quot;:0,&quot;335559740&quot;:240}\">\u00a0<\/span><\/p>\n<p><span data-contrast=\"auto\">\u201cMe gusta concentrarme en la recreaci\u00f3n y en el arte; a veces hablamos de educaci\u00f3n inclusiva, un tema urgente, pero dejamos a un lado la convivencia; el baile es algo muy cotidiano en donde nos comunicamos y expresamos a trav\u00e9s de nuestro cuerpo y debemos reconocer la importancia del acceso a la recreaci\u00f3n\u201d, enfatiz\u00f3.<\/span><span data-ccp-props=\"{&quot;134233279&quot;:true,&quot;201341983&quot;:0,&quot;335559731&quot;:708,&quot;335559739&quot;:0,&quot;335559740&quot;:240}\">\u00a0<\/span><\/p>\n<p>&nbsp;<\/p>\n<div id=\"attachment_136439\" style=\"width: 732px\" class=\"wp-caption aligncenter\"><img aria-describedby=\"caption-attachment-136439\" decoding=\"async\" loading=\"lazy\" class=\"size-full wp-image-136439\" src=\"https:\/\/www.uv.mx\/prensa\/files\/2023\/10\/241023_Eduardo-Orizaba_baile-braille-3-100k.jpg\" alt=\"\" width=\"722\" height=\"482\" srcset=\"https:\/\/www.uv.mx\/prensa\/files\/2023\/10\/241023_Eduardo-Orizaba_baile-braille-3-100k.jpg 722w, https:\/\/www.uv.mx\/prensa\/files\/2023\/10\/241023_Eduardo-Orizaba_baile-braille-3-100k-300x200.jpg 300w\" sizes=\"(max-width: 722px) 100vw, 722px\" \/><p id=\"caption-attachment-136439\" class=\"wp-caption-text\">Asistentes y ponente al finalizar el taller en la USBI, Campus Ixtaczoquitl\u00e1n<\/p><\/div>\n<p>&nbsp;<\/p>\n<p><span data-contrast=\"auto\">\u00a0\u201cTrabajo en una din\u00e1mica diferente, en vez de sentarnos a escribir, nos apropiamos del Braille con nuestro cuerpo, generando una metodolog\u00eda did\u00e1ctica a trav\u00e9s de la m\u00fasica y el cuerpo, mi forma de aprender es muy kinest\u00e9sica y busco trasmitir eso\u201d.<\/span><span data-ccp-props=\"{&quot;134233279&quot;:true,&quot;201341983&quot;:0,&quot;335559731&quot;:708,&quot;335559739&quot;:0,&quot;335559740&quot;:240}\">\u00a0<\/span><\/p>\n<p><span data-contrast=\"auto\">Cabe mencionar que la estudiante se destaca por sumar dentro de su proyecto de inclusi\u00f3n la adaptaci\u00f3n de diversos juegos de mesa como loter\u00eda, <\/span><i><span data-contrast=\"auto\">rummy<\/span><\/i><span data-contrast=\"auto\">, cartas y <\/span><i><span data-contrast=\"auto\">Twister<\/span><\/i><span data-contrast=\"auto\"> para personas que viven en discapacidad, buscando coadyuvar con su inclusi\u00f3n en ambientes no s\u00f3lo acad\u00e9micos sino de esparcimiento y diversi\u00f3n.<\/span><\/p>\n","protected":false},"excerpt":{"rendered":"<p>Ana Paola Morgado Luna, estudiante UV, busca generar nuevas formas de convivencia entre las personas en situaci\u00f3n de discapacidad visual a trav\u00e9s de una metodolog\u00eda novedosa de baile utilizando el sistema Braille<\/p>\n","protected":false},"author":2349,"featured_media":136440,"comment_status":"closed","ping_status":"closed","sticky":false,"template":"","format":"standard","meta":[],"categories":[47,8445,53,61,32],"tags":[14234,722,12986,12392,14235,4877,4172,14233,8823,6771,12761],"_links":{"self":[{"href":"https:\/\/www.uv.mx\/prensa\/wp-json\/wp\/v2\/posts\/136549"}],"collection":[{"href":"https:\/\/www.uv.mx\/prensa\/wp-json\/wp\/v2\/posts"}],"about":[{"href":"https:\/\/www.uv.mx\/prensa\/wp-json\/wp\/v2\/types\/post"}],"author":[{"embeddable":true,"href":"https:\/\/www.uv.mx\/prensa\/wp-json\/wp\/v2\/users\/2349"}],"replies":[{"embeddable":true,"href":"https:\/\/www.uv.mx\/prensa\/wp-json\/wp\/v2\/comments?post=136549"}],"version-history":[{"count":1,"href":"https:\/\/www.uv.mx\/prensa\/wp-json\/wp\/v2\/posts\/136549\/revisions"}],"predecessor-version":[{"id":136551,"href":"https:\/\/www.uv.mx\/prensa\/wp-json\/wp\/v2\/posts\/136549\/revisions\/136551"}],"wp:featuredmedia":[{"embeddable":true,"href":"https:\/\/www.uv.mx\/prensa\/wp-json\/wp\/v2\/media\/136440"}],"wp:attachment":[{"href":"https:\/\/www.uv.mx\/prensa\/wp-json\/wp\/v2\/media?parent=136549"}],"wp:term":[{"taxonomy":"category","embeddable":true,"href":"https:\/\/www.uv.mx\/prensa\/wp-json\/wp\/v2\/categories?post=136549"},{"taxonomy":"post_tag","embeddable":true,"href":"https:\/\/www.uv.mx\/prensa\/wp-json\/wp\/v2\/tags?post=136549"}],"curies":[{"name":"wp","href":"https:\/\/api.w.org\/{rel}","templated":true}]}}