{"id":136933,"date":"2023-11-03T12:39:35","date_gmt":"2023-11-03T18:39:35","guid":{"rendered":"https:\/\/www.uv.mx\/prensa\/?p=136933"},"modified":"2023-11-06T13:30:56","modified_gmt":"2023-11-06T19:30:56","slug":"estudiantes-y-profesores-uv-realizaron-la-actividad-catrina-ambulante","status":"publish","type":"post","link":"https:\/\/www.uv.mx\/prensa\/cultura\/estudiantes-y-profesores-uv-realizaron-la-actividad-catrina-ambulante\/","title":{"rendered":"Estudiantes y profesores UV realizaron la actividad <i>Catrina ambulante<\/i>"},"content":{"rendered":"<ul>\n<li data-leveltext=\"\uf0b7\" data-font=\"Symbol\" data-listid=\"1\" data-list-defn-props=\"{&quot;335552541&quot;:1,&quot;335559684&quot;:-2,&quot;335559685&quot;:720,&quot;335559991&quot;:360,&quot;469769226&quot;:&quot;Symbol&quot;,&quot;469769242&quot;:[8226],&quot;469777803&quot;:&quot;left&quot;,&quot;469777804&quot;:&quot;\uf0b7&quot;,&quot;469777815&quot;:&quot;hybridMultilevel&quot;}\" data-aria-posinset=\"1\" data-aria-level=\"1\"><i><span data-contrast=\"auto\">Desde hace nueve a\u00f1os, ha tenido por objetivo impulsar y reforzar la formaci\u00f3n profesional transdisciplinar<\/span><\/i><span data-ccp-props=\"{}\">\u00a0<\/span><\/li>\n<li data-leveltext=\"\uf0b7\" data-font=\"Symbol\" data-listid=\"1\" data-list-defn-props=\"{&quot;335552541&quot;:1,&quot;335559684&quot;:-2,&quot;335559685&quot;:720,&quot;335559991&quot;:360,&quot;469769226&quot;:&quot;Symbol&quot;,&quot;469769242&quot;:[8226],&quot;469777803&quot;:&quot;left&quot;,&quot;469777804&quot;:&quot;\uf0b7&quot;,&quot;469777815&quot;:&quot;hybridMultilevel&quot;}\" data-aria-posinset=\"2\" data-aria-level=\"1\"><i><span data-contrast=\"auto\">Participaron las cuatro facultades que integran la Unidad Acad\u00e9mica de Artes de esta casa de estudios<\/span><\/i><span data-ccp-props=\"{}\">\u00a0<\/span><\/li>\n<\/ul>\n<p><span data-ccp-props=\"{}\">\u00a0<\/span><\/p>\n<div id=\"attachment_136911\" style=\"width: 732px\" class=\"wp-caption aligncenter\"><img aria-describedby=\"caption-attachment-136911\" decoding=\"async\" loading=\"lazy\" class=\"size-full wp-image-136911\" src=\"https:\/\/www.uv.mx\/prensa\/files\/2023\/11\/031123-PAOLA-Catrina-ambulante-1-100k.jpg\" alt=\"\" width=\"722\" height=\"482\" srcset=\"https:\/\/www.uv.mx\/prensa\/files\/2023\/11\/031123-PAOLA-Catrina-ambulante-1-100k.jpg 722w, https:\/\/www.uv.mx\/prensa\/files\/2023\/11\/031123-PAOLA-Catrina-ambulante-1-100k-300x200.jpg 300w\" sizes=\"(max-width: 722px) 100vw, 722px\" \/><p id=\"caption-attachment-136911\" class=\"wp-caption-text\">Estudiantes y profesores de la Unidad Acad\u00e9mica de Artes participaron en Catrina ambulante<\/p><\/div>\n<p>&nbsp;<\/p>\n<p><b><i><span data-contrast=\"auto\">Paola Cort\u00e9s P\u00e9rez<\/span><\/i><\/b><span data-ccp-props=\"{}\">\u00a0<\/span><\/p>\n<p><b><i><span data-contrast=\"auto\">Fotos: C\u00e9sar Pisil Ramos<\/span><\/i><\/b><span data-ccp-props=\"{}\">\u00a0<\/span><\/p>\n<p><b><i><span data-contrast=\"auto\">03\/11\/2023, Xalapa, Ver.-<\/span><\/i><\/b><span data-contrast=\"auto\"> Estudiantes y profesores de la <a href=\"https:\/\/www.uv.mx\/artes\/\" target=\"_blank\" rel=\"noopener\">Unidad Acad\u00e9mica de Artes<\/a> de la Universidad Veracruzana (UV) llevaron a cabo la novena edici\u00f3n de la intervenci\u00f3n art\u00edstica <\/span><i><span data-contrast=\"auto\">Catrina ambulante<\/span><\/i><span data-contrast=\"auto\">, dedicada a los grupos de b\u00fasqueda de personas desaparecidas y a los defensores del ambiente, la tierra y el territorio.<\/span><span data-ccp-props=\"{}\">\u00a0<\/span><\/p>\n<p><span data-contrast=\"auto\">Claudia Leticia Velasco Garc\u00eda, docente de la Facultad de Danza, dijo que se busca impulsar el trabajo transdisciplinario entre la comunidad universitaria y a la vez sensibilizarla sobre la violencia, las v\u00edctimas de desaparici\u00f3n forzada y la defensa de la tierra.<\/span><span data-ccp-props=\"{&quot;335559731&quot;:708}\">\u00a0<\/span><\/p>\n<p><span data-contrast=\"auto\">\u201cEsperamos que cada a\u00f1o mejore; empezamos con 25 estudiantes y ahora somos un mundo de personas, as\u00ed que los esperamos para el pr\u00f3ximo y celebrar el d\u00e9cimo aniversario.\u201d<\/span><\/p>\n<p>&nbsp;<\/p>\n<div id=\"attachment_136912\" style=\"width: 732px\" class=\"wp-caption aligncenter\"><img aria-describedby=\"caption-attachment-136912\" decoding=\"async\" loading=\"lazy\" class=\"size-full wp-image-136912\" src=\"https:\/\/www.uv.mx\/prensa\/files\/2023\/11\/031123-PAOLA-Catrina-ambulante-2-100k.jpg\" alt=\"\" width=\"722\" height=\"482\" srcset=\"https:\/\/www.uv.mx\/prensa\/files\/2023\/11\/031123-PAOLA-Catrina-ambulante-2-100k.jpg 722w, https:\/\/www.uv.mx\/prensa\/files\/2023\/11\/031123-PAOLA-Catrina-ambulante-2-100k-300x200.jpg 300w\" sizes=\"(max-width: 722px) 100vw, 722px\" \/><p id=\"caption-attachment-136912\" class=\"wp-caption-text\">Este a\u00f1o, la actividad fue dedicada a los grupos de b\u00fasqueda de desaparecidos y a los defensores del ambiente<\/p><\/div>\n<p><span data-ccp-props=\"{&quot;335559731&quot;:708}\">\u00a0<\/span><\/p>\n<p><span data-contrast=\"auto\">Detall\u00f3 que la preparaci\u00f3n del <\/span><i><span data-contrast=\"auto\">performance<\/span><\/i><span data-contrast=\"auto\"> inicia en agosto, con el ingreso de un nuevo grupo (de iniciaci\u00f3n, t\u00e9cnico superior universitario y de licenciatura), adem\u00e1s participan estudiantes de las Facultades de Teatro, M\u00fasica y Artes Pl\u00e1sticas, algunos de ellos ya lo han hecho en a\u00f1os anteriores.<\/span><span data-ccp-props=\"{&quot;335559731&quot;:708}\">\u00a0<\/span><\/p>\n<p><span data-contrast=\"auto\">Esta actividad no s\u00f3lo refuerza su formaci\u00f3n profesional transdisciplinar, sino tambi\u00e9n muestra a los j\u00f3venes que el arte sirve para tomar una postura pol\u00edtica y social.<\/span><span data-ccp-props=\"{&quot;335559731&quot;:708}\">\u00a0<\/span><\/p>\n<p><span data-contrast=\"auto\">\u201cAgradecemos a los estudiantes por la disposici\u00f3n de su tiempo ya que se requiere de horas extras a sus clases habituales; de igual manera, a sus profesores por permitirles salir de las aulas para participar en la intervenci\u00f3n art\u00edstica.\u201d<\/span><\/p>\n<p>&nbsp;<\/p>\n<div id=\"attachment_136913\" style=\"width: 732px\" class=\"wp-caption aligncenter\"><img aria-describedby=\"caption-attachment-136913\" decoding=\"async\" loading=\"lazy\" class=\"size-full wp-image-136913\" src=\"https:\/\/www.uv.mx\/prensa\/files\/2023\/11\/031123-PAOLA-Catrina-ambulante-3-100k.jpg\" alt=\"\" width=\"722\" height=\"482\" srcset=\"https:\/\/www.uv.mx\/prensa\/files\/2023\/11\/031123-PAOLA-Catrina-ambulante-3-100k.jpg 722w, https:\/\/www.uv.mx\/prensa\/files\/2023\/11\/031123-PAOLA-Catrina-ambulante-3-100k-300x200.jpg 300w\" sizes=\"(max-width: 722px) 100vw, 722px\" \/><p id=\"caption-attachment-136913\" class=\"wp-caption-text\">Claudia Leticia Velasco, docente de la Facultad de Danza y coordinadora de la intervenci\u00f3n art\u00edstica<\/p><\/div>\n<p><span data-ccp-props=\"{&quot;335559731&quot;:708}\">\u00a0<\/span><\/p>\n<p><span data-contrast=\"auto\">Austin Morgan Montes, profesor de la Facultad de Teatro, dijo que participan alumnos de iniciaci\u00f3n al teatro, quienes son muy j\u00f3venes pero entregados a las actividades art\u00edsticas.<\/span><span data-ccp-props=\"{&quot;335559731&quot;:708}\">\u00a0<\/span><\/p>\n<p><span data-contrast=\"auto\">La propuesta que prepararon para esta ocasi\u00f3n se bas\u00f3 en los textos del libro <\/span><i><span data-contrast=\"auto\">Ant\u00edgona Gonz\u00e1lez<\/span><\/i><span data-contrast=\"auto\">, en el cual Sara Uribe, su autora, aborda la problem\u00e1tica de las desapariciones forzadas en M\u00e9xico; es un planteamiento en torno a la antigua tierra de S\u00f3focles, pero intervenida con diferentes Ant\u00edgonas a prop\u00f3sito del contexto nacional actual.<\/span><span data-ccp-props=\"{&quot;335559731&quot;:708}\">\u00a0<\/span><\/p>\n<p><span data-contrast=\"auto\">De la Facultad de M\u00fasica participaron alumnos de la clase de M\u00e9todos de Educaci\u00f3n Musical, de la Licenciatura en Educaci\u00f3n Musical. La docente Arisbe Mart\u00ednez Cabrera coment\u00f3 que este evento art\u00edstico represent\u00f3 un gran reto porque no es com\u00fan para ellos el trabajo transdisciplinar, y especialmente ser part\u00edcipes de un <\/span><i><span data-contrast=\"auto\">performance<\/span><\/i><span data-contrast=\"auto\">.<\/span><\/p>\n<p>&nbsp;<\/p>\n<div id=\"attachment_136914\" style=\"width: 732px\" class=\"wp-caption aligncenter\"><img aria-describedby=\"caption-attachment-136914\" decoding=\"async\" loading=\"lazy\" class=\"size-full wp-image-136914\" src=\"https:\/\/www.uv.mx\/prensa\/files\/2023\/11\/031123-PAOLA-Catrina-ambulante-4-100k.jpg\" alt=\"\" width=\"722\" height=\"482\" srcset=\"https:\/\/www.uv.mx\/prensa\/files\/2023\/11\/031123-PAOLA-Catrina-ambulante-4-100k.jpg 722w, https:\/\/www.uv.mx\/prensa\/files\/2023\/11\/031123-PAOLA-Catrina-ambulante-4-100k-300x200.jpg 300w\" sizes=\"(max-width: 722px) 100vw, 722px\" \/><p id=\"caption-attachment-136914\" class=\"wp-caption-text\">Austin Morgan Montes, Claudia Leticia Velasco y Arisbe Mart\u00ednez Cabrera<\/p><\/div>\n<p><span data-ccp-props=\"{&quot;335559731&quot;:708}\">\u00a0<\/span><\/p>\n<p><span data-contrast=\"auto\">\u201cNo es el cl\u00e1sico concierto al que est\u00e1n acostumbrados, en el que cantan en un escenario, por ello aprovechamos algunos t\u00f3picos que trabajamos en clase como el paisaje sonoro, que consiste en crear ambientes sonoros m\u00e1s que una musicalizaci\u00f3n de los espacios.<\/span><span data-ccp-props=\"{&quot;335559731&quot;:708}\">\u00a0<\/span><\/p>\n<p><span data-contrast=\"auto\">\u201dFue un poco de experimentaci\u00f3n para ellos, les permiti\u00f3 hacer una propuesta musical de D\u00eda de Muertos, redactaron sus propias d\u00e9cimas sobre el territorio y el medio ambiente teniendo como base musical sones cl\u00e1sicos como <\/span><i><span data-contrast=\"auto\">La bruja<\/span><\/i><span data-contrast=\"auto\">, <\/span><i><span data-contrast=\"auto\">La llorona<\/span><\/i><span data-contrast=\"auto\"> y <\/span><i><span data-contrast=\"auto\">La martiniana<\/span><\/i><span data-contrast=\"auto\">.\u201d<\/span><\/p>\n","protected":false},"excerpt":{"rendered":"<p>La novena edici\u00f3n estuvo dedicada a los grupos de b\u00fasqueda de personas desaparecidas y a los defensores del ambiente, la tierra y el territorio\u00a0<\/p>\n","protected":false},"author":1869,"featured_media":136915,"comment_status":"closed","ping_status":"closed","sticky":false,"template":"","format":"standard","meta":[],"categories":[11,47,8445],"tags":[3109,14410,6263,14412,3173,1476,138,730,184,14416,14411,14413,9231,14417,4164,9658,14414,13519,2279,14415,5134],"_links":{"self":[{"href":"https:\/\/www.uv.mx\/prensa\/wp-json\/wp\/v2\/posts\/136933"}],"collection":[{"href":"https:\/\/www.uv.mx\/prensa\/wp-json\/wp\/v2\/posts"}],"about":[{"href":"https:\/\/www.uv.mx\/prensa\/wp-json\/wp\/v2\/types\/post"}],"author":[{"embeddable":true,"href":"https:\/\/www.uv.mx\/prensa\/wp-json\/wp\/v2\/users\/1869"}],"replies":[{"embeddable":true,"href":"https:\/\/www.uv.mx\/prensa\/wp-json\/wp\/v2\/comments?post=136933"}],"version-history":[{"count":1,"href":"https:\/\/www.uv.mx\/prensa\/wp-json\/wp\/v2\/posts\/136933\/revisions"}],"predecessor-version":[{"id":136964,"href":"https:\/\/www.uv.mx\/prensa\/wp-json\/wp\/v2\/posts\/136933\/revisions\/136964"}],"wp:featuredmedia":[{"embeddable":true,"href":"https:\/\/www.uv.mx\/prensa\/wp-json\/wp\/v2\/media\/136915"}],"wp:attachment":[{"href":"https:\/\/www.uv.mx\/prensa\/wp-json\/wp\/v2\/media?parent=136933"}],"wp:term":[{"taxonomy":"category","embeddable":true,"href":"https:\/\/www.uv.mx\/prensa\/wp-json\/wp\/v2\/categories?post=136933"},{"taxonomy":"post_tag","embeddable":true,"href":"https:\/\/www.uv.mx\/prensa\/wp-json\/wp\/v2\/tags?post=136933"}],"curies":[{"name":"wp","href":"https:\/\/api.w.org\/{rel}","templated":true}]}}