{"id":136941,"date":"2023-11-03T16:09:36","date_gmt":"2023-11-03T22:09:36","guid":{"rendered":"https:\/\/www.uv.mx\/prensa\/?p=136941"},"modified":"2023-11-06T13:01:32","modified_gmt":"2023-11-06T19:01:32","slug":"estudiantes-y-academicos-uv-destacaron-en-competencia-internacional","status":"publish","type":"post","link":"https:\/\/www.uv.mx\/prensa\/regiones\/estudiantes-y-academicos-uv-destacaron-en-competencia-internacional\/","title":{"rendered":"Estudiantes y acad\u00e9micos UV destacaron en competencia internacional"},"content":{"rendered":"<ul>\n<li data-leveltext=\"\uf0b7\" data-font=\"Symbol\" data-listid=\"2\" data-list-defn-props=\"{&quot;335552541&quot;:1,&quot;335559684&quot;:-2,&quot;335559685&quot;:720,&quot;335559991&quot;:360,&quot;469769226&quot;:&quot;Symbol&quot;,&quot;469769242&quot;:[8226],&quot;469777803&quot;:&quot;left&quot;,&quot;469777804&quot;:&quot;\uf0b7&quot;,&quot;469777815&quot;:&quot;hybridMultilevel&quot;}\" data-aria-posinset=\"1\" data-aria-level=\"1\"><i><span data-contrast=\"auto\">Recibieron primero y s\u00e9ptimo lugar en el torneo internacional del <\/span><\/i><span data-contrast=\"auto\">Social Business Creation<\/span><span data-ccp-props=\"{}\">\u00a0<\/span><\/li>\n<li data-leveltext=\"\uf0b7\" data-font=\"Symbol\" data-listid=\"2\" data-list-defn-props=\"{&quot;335552541&quot;:1,&quot;335559684&quot;:-2,&quot;335559685&quot;:720,&quot;335559991&quot;:360,&quot;469769226&quot;:&quot;Symbol&quot;,&quot;469769242&quot;:[8226],&quot;469777803&quot;:&quot;left&quot;,&quot;469777804&quot;:&quot;\uf0b7&quot;,&quot;469777815&quot;:&quot;hybridMultilevel&quot;}\" data-aria-posinset=\"2\" data-aria-level=\"1\"><i><span data-contrast=\"auto\">Compitieron contra m\u00e1s de 400 equipos e igual n\u00famero de proyectos de emprendimiento social<\/span><\/i><span data-ccp-props=\"{}\">\u00a0<\/span><\/li>\n<\/ul>\n<p><span data-ccp-props=\"{}\">\u00a0<\/span><\/p>\n<div id=\"attachment_136935\" style=\"width: 732px\" class=\"wp-caption aligncenter\"><img aria-describedby=\"caption-attachment-136935\" decoding=\"async\" loading=\"lazy\" class=\"size-full wp-image-136935\" src=\"https:\/\/www.uv.mx\/prensa\/files\/2023\/11\/271023-Blanca-Estudiantes-y-academicos-UV-destacaron-1-100k.jpg\" alt=\"\" width=\"722\" height=\"481\" srcset=\"https:\/\/www.uv.mx\/prensa\/files\/2023\/11\/271023-Blanca-Estudiantes-y-academicos-UV-destacaron-1-100k.jpg 722w, https:\/\/www.uv.mx\/prensa\/files\/2023\/11\/271023-Blanca-Estudiantes-y-academicos-UV-destacaron-1-100k-300x200.jpg 300w\" sizes=\"(max-width: 722px) 100vw, 722px\" \/><p id=\"caption-attachment-136935\" class=\"wp-caption-text\">Funcionarios de la UV entregaron reconocimientos a los equipos participantes de la octava edici\u00f3n del Social Business Creation 2023<\/p><\/div>\n<p><span data-ccp-props=\"{}\">\u00a0<\/span><\/p>\n<p><b><i><span data-contrast=\"auto\">Blanca M. Gonz\u00e1lez Morales<\/span><\/i><\/b><span data-ccp-props=\"{}\">\u00a0<\/span><\/p>\n<p><b><i><span data-contrast=\"auto\">03\/11\/2023 Boca del R\u00edo, Ver.-<\/span><\/i><\/b><span data-contrast=\"auto\"> Estudiantes y docentes de la <a href=\"https:\/\/www.uv.mx\/\" target=\"_blank\" rel=\"noopener\">Universidad Veracruzana<\/a> (UV) fueron reconocidos por su destacada participaci\u00f3n en la octava edici\u00f3n de la competencia <\/span><i><span data-contrast=\"auto\">Social Business Creation<\/span><\/i><span data-contrast=\"auto\"> (SBC) 2023, encuentro internacional organizado por la Universidad Hec Montreal de Canad\u00e1.<\/span><\/p>\n<p><span data-contrast=\"auto\">Este evento de alcance global reuni\u00f3 a m\u00e1s de 400 equipos con igual cantidad de proyectos de emprendimiento social, provenientes de 154 instituciones educativas de diversos pa\u00edses como M\u00e9xico, Per\u00fa, Colombia, Vietnam, Argentina, Canad\u00e1, Estados Unidos, Filipinas, Brasil y Bolivia.<\/span><span data-ccp-props=\"{}\">\u00a0<\/span><\/p>\n<p><span data-contrast=\"auto\">Las y los estudiantes de la UV, pertenecientes a las Facultades de Enfermer\u00eda y Administraci\u00f3n, destacaron al obtener el primero y s\u00e9ptimo lugar de la competencia. En una ceremonia protocolaria que tuvo lugar en el Reflexionario Mocambo y que fue presidida por el vicerrector Rub\u00e9n Edel Navarro, se reconoci\u00f3 su talento y creatividad.<\/span><span data-ccp-props=\"{}\">\u00a0<\/span><\/p>\n<p><span data-contrast=\"auto\">En su mensaje, el funcionario expres\u00f3 su deseo de que estos logros inspiren a m\u00e1s estudiantes a trabajar arduamente y aportar soluciones innovadoras a los desaf\u00edos sociales.<\/span><span data-ccp-props=\"{}\">\u00a0<\/span><\/p>\n<p><span data-contrast=\"auto\">En tanto, Claudia Beatriz Enr\u00edquez Hern\u00e1ndez, secretaria Acad\u00e9mica regional, enfatiz\u00f3 el esfuerzo y liderazgo de los estudiantes, adem\u00e1s del trabajo en conjunto con acad\u00e9micos. \u201cEsta sinergia es una pieza clave para el avance y consolidaci\u00f3n de nuestros planes de estudio\u201d.<\/span><span data-ccp-props=\"{}\">\u00a0<\/span><\/p>\n<p>&nbsp;<\/p>\n<div id=\"attachment_136936\" style=\"width: 732px\" class=\"wp-caption aligncenter\"><img aria-describedby=\"caption-attachment-136936\" decoding=\"async\" loading=\"lazy\" class=\"size-full wp-image-136936\" src=\"https:\/\/www.uv.mx\/prensa\/files\/2023\/11\/271023-Blanca-Estudiantes-y-academicos-UV-destacaron-2-100k.jpg\" alt=\"\" width=\"722\" height=\"542\" srcset=\"https:\/\/www.uv.mx\/prensa\/files\/2023\/11\/271023-Blanca-Estudiantes-y-academicos-UV-destacaron-2-100k.jpg 722w, https:\/\/www.uv.mx\/prensa\/files\/2023\/11\/271023-Blanca-Estudiantes-y-academicos-UV-destacaron-2-100k-300x225.jpg 300w\" sizes=\"(max-width: 722px) 100vw, 722px\" \/><p id=\"caption-attachment-136936\" class=\"wp-caption-text\">El equipo CECAUV destac\u00f3 por el impacto social de su dispositivo Aire<\/p><\/div>\n<p>&nbsp;<\/p>\n<p><span data-contrast=\"auto\">Los equipos galardonados en esta edici\u00f3n son: CECAUV-Aire, de la Facultad de Enfermer\u00eda, primer lugar en las categor\u00edas de \u201c<\/span><i><span data-contrast=\"auto\">Best Social Business Development<\/span><\/i><span data-contrast=\"auto\">\u201d y \u201c<\/span><i><span data-contrast=\"auto\">Audience Choice Award<\/span><\/i><span data-contrast=\"auto\">\u201d; FiberGood, compuesto por alumnos y docentes de la Facultad de Administraci\u00f3n, destac\u00f3 al obtener el s\u00e9ptimo puesto en la categor\u00eda de \u201c<\/span><i><span data-contrast=\"auto\">Startups<\/span><\/i><span data-contrast=\"auto\">\u201d.<\/span><span data-ccp-props=\"{&quot;335559731&quot;:708}\">\u00a0<\/span><\/p>\n<p><span data-contrast=\"auto\">Cabe resaltar las contribuciones individuales de: Mar\u00eda Itzel Mart\u00ednez Dozal, estudiante de Administraci\u00f3n, galardonada con el premio <\/span><i><span data-contrast=\"auto\">Most Transformative Entrepreneurial Journey<\/span><\/i><span data-contrast=\"auto\">; Arturo Rivera L\u00f3pez, acad\u00e9mico de la misma entidad, recibi\u00f3 el <\/span><i><span data-contrast=\"auto\">Most Impactful Educator Award<\/span><\/i><span data-contrast=\"auto\">. Ambos lograron distinciones sobresalientes en sus respectivas categor\u00edas.<\/span><span data-ccp-props=\"{}\">\u00a0<\/span><\/p>\n<p><span data-contrast=\"auto\">Alejandro Salvador Lara Utrera, l\u00edder del equipo CECAUV-Aire, comparti\u00f3 que <\/span><span data-contrast=\"auto\">\u201ceste logro no es s\u00f3lo nuestro, sino de toda la comunidad universitaria. Es un reconocimiento del esp\u00edritu inquebrantable de todos los estudiantes de la UV\u201d, puntualiz\u00f3<\/span><span data-contrast=\"auto\">.<\/span><span data-ccp-props=\"{}\">\u00a0<\/span><\/p>\n<p><span data-contrast=\"auto\">El torneo SBC es una plataforma global y una oportunidad de capacitaci\u00f3n innovadora que permite a los participantes aprender a utilizar estrategias de mercado para abordar problemas sociales y contribuir al mejoramiento de la sociedad.<\/span><span data-ccp-props=\"{}\">\u00a0<\/span><\/p>\n<p><span data-contrast=\"auto\">El concurso se divide en cuatro fases: Innovaci\u00f3n Social, Innovaci\u00f3n de Negocios, Ejecuci\u00f3n y Escalabilidad, culminando en la Gran Final Global sobre el Impacto Social. Adem\u00e1s de la distinci\u00f3n, los ganadores pueden acceder a premios en efectivo, becas y otros beneficios.<\/span><span data-ccp-props=\"{&quot;335559731&quot;:708}\">\u00a0<\/span><\/p>\n<p>&nbsp;<\/p>\n<div id=\"attachment_136937\" style=\"width: 732px\" class=\"wp-caption aligncenter\"><img aria-describedby=\"caption-attachment-136937\" decoding=\"async\" loading=\"lazy\" class=\"size-full wp-image-136937\" src=\"https:\/\/www.uv.mx\/prensa\/files\/2023\/11\/271023-Blanca-Estudiantes-y-academicos-UV-destacaron-3-100k.jpg\" alt=\"\" width=\"722\" height=\"481\" srcset=\"https:\/\/www.uv.mx\/prensa\/files\/2023\/11\/271023-Blanca-Estudiantes-y-academicos-UV-destacaron-3-100k.jpg 722w, https:\/\/www.uv.mx\/prensa\/files\/2023\/11\/271023-Blanca-Estudiantes-y-academicos-UV-destacaron-3-100k-300x200.jpg 300w\" sizes=\"(max-width: 722px) 100vw, 722px\" \/><p id=\"caption-attachment-136937\" class=\"wp-caption-text\">FiberGood, equipo que obtuvo del s\u00e9ptimo lugar<\/p><\/div>\n<p>&nbsp;<\/p>\n<p><span data-contrast=\"auto\">El concurso internacional SBC est\u00e1 abierto a estudiantes de licenciatura y posgrado que cuenten con ideas de negocios con un enfoque social. Este logro refleja el compromiso de la UV con la innovaci\u00f3n, el emprendimiento social y el desarrollo de soluciones creativas para abordar los desaf\u00edos de la sociedad.<\/span><span data-ccp-props=\"{}\">\u00a0<\/span><\/p>\n","protected":false},"excerpt":{"rendered":"<p>Los universitarios fueron reconocidos por la Vicerrector\u00eda por su destacada participaci\u00f3n en la competencia internacional de Social Business Creation 2023\u00a0<\/p>\n","protected":false},"author":2349,"featured_media":136938,"comment_status":"closed","ping_status":"closed","sticky":false,"template":"","format":"standard","meta":[],"categories":[61,32,51,55],"tags":[1631,5057,9612,2344,2733,14429,14428,384,11221,1235,2731,114,14427,2299,648,5627,1407,14424,14425,14426],"_links":{"self":[{"href":"https:\/\/www.uv.mx\/prensa\/wp-json\/wp\/v2\/posts\/136941"}],"collection":[{"href":"https:\/\/www.uv.mx\/prensa\/wp-json\/wp\/v2\/posts"}],"about":[{"href":"https:\/\/www.uv.mx\/prensa\/wp-json\/wp\/v2\/types\/post"}],"author":[{"embeddable":true,"href":"https:\/\/www.uv.mx\/prensa\/wp-json\/wp\/v2\/users\/2349"}],"replies":[{"embeddable":true,"href":"https:\/\/www.uv.mx\/prensa\/wp-json\/wp\/v2\/comments?post=136941"}],"version-history":[{"count":1,"href":"https:\/\/www.uv.mx\/prensa\/wp-json\/wp\/v2\/posts\/136941\/revisions"}],"predecessor-version":[{"id":136962,"href":"https:\/\/www.uv.mx\/prensa\/wp-json\/wp\/v2\/posts\/136941\/revisions\/136962"}],"wp:featuredmedia":[{"embeddable":true,"href":"https:\/\/www.uv.mx\/prensa\/wp-json\/wp\/v2\/media\/136938"}],"wp:attachment":[{"href":"https:\/\/www.uv.mx\/prensa\/wp-json\/wp\/v2\/media?parent=136941"}],"wp:term":[{"taxonomy":"category","embeddable":true,"href":"https:\/\/www.uv.mx\/prensa\/wp-json\/wp\/v2\/categories?post=136941"},{"taxonomy":"post_tag","embeddable":true,"href":"https:\/\/www.uv.mx\/prensa\/wp-json\/wp\/v2\/tags?post=136941"}],"curies":[{"name":"wp","href":"https:\/\/api.w.org\/{rel}","templated":true}]}}