{"id":136965,"date":"2023-11-06T14:17:15","date_gmt":"2023-11-06T20:17:15","guid":{"rendered":"https:\/\/www.uv.mx\/prensa\/?p=136965"},"modified":"2023-11-07T18:17:36","modified_gmt":"2023-11-08T00:17:36","slug":"iih-s-e-historiadora-de-brasil-estudian-fiestas-de-veracruz-y-teocelo","status":"publish","type":"post","link":"https:\/\/www.uv.mx\/prensa\/cultura\/iih-s-e-historiadora-de-brasil-estudian-fiestas-de-veracruz-y-teocelo\/","title":{"rendered":"IIH-S e historiadora de Brasil estudian fiestas de Veracruz y Teocelo"},"content":{"rendered":"<ul>\n<li><em><span class=\"TextRun SCXW145106827 BCX8\" lang=\"ES-MX\" xml:lang=\"ES-MX\" data-contrast=\"none\"><span class=\"NormalTextRun SCXW145106827 BCX8\" data-ccp-parastyle=\"heading 1\">Pedro Jim\u00e9ne<\/span><span class=\"NormalTextRun SCXW145106827 BCX8\" data-ccp-parastyle=\"heading 1\">z Lara y Rita de <\/span><span class=\"NormalTextRun SpellingErrorV2Themed SCXW145106827 BCX8\" data-ccp-parastyle=\"heading 1\">C\u00e1ssia<\/span><span class=\"NormalTextRun SCXW145106827 BCX8\" data-ccp-parastyle=\"heading 1\"> Barbosa<\/span><span class=\"NormalTextRun SCXW145106827 BCX8\" data-ccp-parastyle=\"heading 1\"> desarrollan trabajo de investigaci\u00f3n sobre el carnaval del puerto de Veracruz, la fiesta religiosa de la Asunci\u00f3n en <\/span><span class=\"NormalTextRun SCXW145106827 BCX8\" data-ccp-parastyle=\"heading 1\">Teocelo y la fiesta del carnaval en Xico<\/span><\/span><\/em><\/li>\n<\/ul>\n<p>&nbsp;<\/p>\n<div id=\"attachment_136714\" style=\"width: 732px\" class=\"wp-caption aligncenter\"><a href=\"https:\/\/www.uv.mx\/prensa\/files\/2023\/10\/301023-COUTTOLENC-Estudio-carnavales-1.jpg\"><img aria-describedby=\"caption-attachment-136714\" decoding=\"async\" loading=\"lazy\" class=\"size-full wp-image-136714\" src=\"https:\/\/www.uv.mx\/prensa\/files\/2023\/10\/301023-COUTTOLENC-Estudio-carnavales-1.jpg\" alt=\"\" width=\"722\" height=\"473\" srcset=\"https:\/\/www.uv.mx\/prensa\/files\/2023\/10\/301023-COUTTOLENC-Estudio-carnavales-1.jpg 722w, https:\/\/www.uv.mx\/prensa\/files\/2023\/10\/301023-COUTTOLENC-Estudio-carnavales-1-300x197.jpg 300w\" sizes=\"(max-width: 722px) 100vw, 722px\" \/><\/a><p id=\"caption-attachment-136714\" class=\"wp-caption-text\">Rita de C\u00e1ssia Barbosa de Araujo, investigadora principal del Centro de Documentaci\u00f3n y Estudios de Historia de Brasil<\/p><\/div>\n<p>&nbsp;<\/p>\n<p><b><i><span data-contrast=\"none\">Jos\u00e9 Luis Couttolenc Soto<\/span><\/i><\/b><span data-ccp-props=\"{&quot;134233117&quot;:false,&quot;134233118&quot;:false,&quot;201341983&quot;:0,&quot;335559738&quot;:0,&quot;335559739&quot;:0,&quot;335559740&quot;:240}\">\u00a0<\/span><\/p>\n<p><b><i><span data-contrast=\"none\">Fotos: Omar Portilla Palacios y cortes\u00edas Rita de C\u00e1ssia y Pedro Jim\u00e9nez Lara<\/span><\/i><\/b><span data-ccp-props=\"{&quot;134233117&quot;:false,&quot;134233118&quot;:false,&quot;201341983&quot;:0,&quot;335551550&quot;:1,&quot;335551620&quot;:1,&quot;335559685&quot;:0,&quot;335559737&quot;:0,&quot;335559738&quot;:0,&quot;335559739&quot;:0,&quot;335559740&quot;:240}\">\u00a0<\/span><\/p>\n<p><b><i><span data-contrast=\"none\">04\/11\/2023, Xalapa, Ver.- <\/span><\/i><\/b><span data-contrast=\"none\">El Instituto de Investigaciones Hist\u00f3rico-Sociales (IIH-S) de la Universidad Veracruzana (UV) y la Fundaci\u00f3n \u201cJoaquim Nabuco\u201d, de Brasil, desarrollan un proyecto de investigaci\u00f3n sobre la fiesta de carnaval del puerto de Veracruz y la tradicional religiosa de la Asunci\u00f3n, de Teocelo as\u00ed como las similitudes con la fiesta del carnaval en Xico.<\/span><\/p>\n<p><span data-contrast=\"none\">Rita de C\u00e1ssia Barbosa de Araujo, investigadora principal del Centro de Documentaci\u00f3n y Estudios de Historia de Brasil y directora de la Fundaci\u00f3n \u201cJoaquim Nabuco\u201d, explic\u00f3 que esta instituci\u00f3n tiene como prop\u00f3sito preservar el legado hist\u00f3rico y cultural del pa\u00eds sudamericano.<\/span><span data-ccp-props=\"{&quot;134233117&quot;:false,&quot;134233118&quot;:false,&quot;201341983&quot;:0,&quot;335559738&quot;:0,&quot;335559739&quot;:0,&quot;335559740&quot;:240}\">\u00a0<\/span><\/p>\n<div id=\"attachment_136715\" style=\"width: 732px\" class=\"wp-caption aligncenter\"><a href=\"https:\/\/www.uv.mx\/prensa\/files\/2023\/10\/301023-COUTTOLENC-Estudio-carnavales-2.jpg\"><img aria-describedby=\"caption-attachment-136715\" decoding=\"async\" loading=\"lazy\" class=\"size-full wp-image-136715\" src=\"https:\/\/www.uv.mx\/prensa\/files\/2023\/10\/301023-COUTTOLENC-Estudio-carnavales-2.jpg\" alt=\"\" width=\"722\" height=\"457\" srcset=\"https:\/\/www.uv.mx\/prensa\/files\/2023\/10\/301023-COUTTOLENC-Estudio-carnavales-2.jpg 722w, https:\/\/www.uv.mx\/prensa\/files\/2023\/10\/301023-COUTTOLENC-Estudio-carnavales-2-300x190.jpg 300w\" sizes=\"(max-width: 722px) 100vw, 722px\" \/><\/a><p id=\"caption-attachment-136715\" class=\"wp-caption-text\">Pedro Jim\u00e9nez Lara y la historiadora brasile\u00f1a desarrollan el proyecto \u201cEtnograf\u00eda de pueblos aleda\u00f1os a Xalapa\u201d<\/p><\/div>\n<p>&nbsp;<\/p>\n<p><span data-contrast=\"none\">La tambi\u00e9n integrante activa del Instituto Arqueol\u00f3gico, Hist\u00f3rico y Geogr\u00e1fico Pernambucano, explic\u00f3<\/span> <span data-contrast=\"none\">que su tesis de maestr\u00eda vers\u00f3 sobre la historia de los carnavales, espec\u00edficamente se centr\u00f3 en el de Recife, Brasil; en tanto, su trabajo de doctorado fue en historia de playas, particularmente las brasile\u00f1as de Recife y Olinda.<\/span><span data-ccp-props=\"{&quot;134233117&quot;:false,&quot;134233118&quot;:false,&quot;201341983&quot;:0,&quot;335559731&quot;:708,&quot;335559738&quot;:0,&quot;335559739&quot;:0,&quot;335559740&quot;:240}\">\u00a0<\/span><\/p>\n<div id=\"attachment_136716\" style=\"width: 490px\" class=\"wp-caption aligncenter\"><a href=\"https:\/\/www.uv.mx\/prensa\/files\/2023\/10\/301023-COUTTOLENC-Estudio-carnavales-3.jpg\"><img aria-describedby=\"caption-attachment-136716\" decoding=\"async\" loading=\"lazy\" class=\"size-full wp-image-136716\" src=\"https:\/\/www.uv.mx\/prensa\/files\/2023\/10\/301023-COUTTOLENC-Estudio-carnavales-3.jpg\" alt=\"\" width=\"480\" height=\"720\" srcset=\"https:\/\/www.uv.mx\/prensa\/files\/2023\/10\/301023-COUTTOLENC-Estudio-carnavales-3.jpg 480w, https:\/\/www.uv.mx\/prensa\/files\/2023\/10\/301023-COUTTOLENC-Estudio-carnavales-3-200x300.jpg 200w\" sizes=\"(max-width: 480px) 100vw, 480px\" \/><\/a><p id=\"caption-attachment-136716\" class=\"wp-caption-text\">El IIH-S y la Fundaci\u00f3n \u201cJoaquim Nabuco\u201d desarrollan proyecto de investigaci\u00f3n sobre historia del carnaval en Veracruz y la fiesta religiosa de la Asunci\u00f3n de Teocelo<\/p><\/div>\n<p>&nbsp;<\/p>\n<p><span data-contrast=\"none\">En su trayecto hacia el estado de Oaxaca, Rita de C\u00e1ssia hizo una escala en el IIH-S, en donde asisti\u00f3 a las actividades del 1 y 2 de noviembre, que de acuerdo al calendario cat\u00f3lico est\u00e1n destinados al D\u00eda de Todos los Santos (ni\u00f1os o muertos chiquitos) y D\u00eda de los Muertos (adultos), respectivamente.<\/span><span data-ccp-props=\"{&quot;134233117&quot;:false,&quot;134233118&quot;:false,&quot;201341983&quot;:0,&quot;335559731&quot;:708,&quot;335559738&quot;:0,&quot;335559739&quot;:0,&quot;335559740&quot;:240}\">\u00a0<\/span><\/p>\n<div id=\"attachment_136923\" style=\"width: 732px\" class=\"wp-caption aligncenter\"><a href=\"https:\/\/www.uv.mx\/prensa\/files\/2023\/11\/301023-COUTTOLENC-Estudio-carnavales-4.jpg\"><img aria-describedby=\"caption-attachment-136923\" decoding=\"async\" loading=\"lazy\" class=\"size-full wp-image-136923\" src=\"https:\/\/www.uv.mx\/prensa\/files\/2023\/11\/301023-COUTTOLENC-Estudio-carnavales-4.jpg\" alt=\"\" width=\"722\" height=\"483\" srcset=\"https:\/\/www.uv.mx\/prensa\/files\/2023\/11\/301023-COUTTOLENC-Estudio-carnavales-4.jpg 722w, https:\/\/www.uv.mx\/prensa\/files\/2023\/11\/301023-COUTTOLENC-Estudio-carnavales-4-300x201.jpg 300w\" sizes=\"(max-width: 722px) 100vw, 722px\" \/><\/a><p id=\"caption-attachment-136923\" class=\"wp-caption-text\">Los investigadores han encontrado elementos importantes que comparten las fiestas de carnaval<\/p><\/div>\n<p>&nbsp;<\/p>\n<p><span data-contrast=\"none\">La historiadora brasile\u00f1a dio a conocer que en 2024 estar\u00e1 en el IIH-S para continuar con el desarrollo del proyecto conjunto denominado \u201cEtnograf\u00eda de pueblos aleda\u00f1os a Xalapa\u201d, que comprende la historia del carnaval de Veracruz y la fiesta religiosa de la Asunci\u00f3n en Teocelo.<\/span><span data-ccp-props=\"{&quot;134233117&quot;:false,&quot;134233118&quot;:false,&quot;201341983&quot;:0,&quot;335559731&quot;:708,&quot;335559738&quot;:0,&quot;335559739&quot;:0,&quot;335559740&quot;:240}\">\u00a0<\/span><\/p>\n<div id=\"attachment_136922\" style=\"width: 732px\" class=\"wp-caption aligncenter\"><a href=\"https:\/\/www.uv.mx\/prensa\/files\/2023\/11\/301023-COUTTOLENC-Estudio-carnavales-5.jpg\"><img aria-describedby=\"caption-attachment-136922\" decoding=\"async\" loading=\"lazy\" class=\"size-full wp-image-136922\" src=\"https:\/\/www.uv.mx\/prensa\/files\/2023\/11\/301023-COUTTOLENC-Estudio-carnavales-5.jpg\" alt=\"\" width=\"722\" height=\"481\" srcset=\"https:\/\/www.uv.mx\/prensa\/files\/2023\/11\/301023-COUTTOLENC-Estudio-carnavales-5.jpg 722w, https:\/\/www.uv.mx\/prensa\/files\/2023\/11\/301023-COUTTOLENC-Estudio-carnavales-5-300x200.jpg 300w\" sizes=\"(max-width: 722px) 100vw, 722px\" \/><\/a><p id=\"caption-attachment-136922\" class=\"wp-caption-text\">En Xico, los participantes del carnaval se caracterizan con m\u00e1scaras y como payasos<\/p><\/div>\n<p>&nbsp;<\/p>\n<p><span data-contrast=\"none\">\u201cQuiero hacer un estudio comparativo entre las fiestas carnestolendas de R\u00edo de Janeiro y Veracruz, porque en mi pa\u00eds est\u00e1 muy comercializado, mientras que el de ac\u00e1 y en los dem\u00e1s carnavales de M\u00e9xico conservan una mezcla de cultura y tradici\u00f3n, en donde tiene un renacimiento la cultura ind\u00edgena que est\u00e1 cobrando una fuerza nueva.\u201d<\/span><span data-ccp-props=\"{&quot;134233117&quot;:false,&quot;134233118&quot;:false,&quot;201341983&quot;:0,&quot;335559731&quot;:708,&quot;335559738&quot;:0,&quot;335559739&quot;:0,&quot;335559740&quot;:240}\">\u00a0<\/span><\/p>\n<p><span data-contrast=\"none\">Reiter\u00f3 que la investigaci\u00f3n la lleva a cabo junto con el acad\u00e9mico del IIH-S Pedro Jim\u00e9nez Lara.<\/span><span data-ccp-props=\"{&quot;134233117&quot;:false,&quot;134233118&quot;:false,&quot;201341983&quot;:0,&quot;335559731&quot;:708,&quot;335559738&quot;:0,&quot;335559739&quot;:0,&quot;335559740&quot;:240}\">\u00a0<\/span><\/p>\n","protected":false},"excerpt":{"rendered":"<p>La Directora de la Fundaci\u00f3n \u201cJoaquim Nabuco\u201d es especialista en historia de carnavales y playas de Recife y Olinda, en Brasil <\/p>\n","protected":false},"author":1809,"featured_media":136925,"comment_status":"closed","ping_status":"closed","sticky":false,"template":"","format":"standard","meta":[],"categories":[11,47,8455,61],"tags":[878,2344,14440,14444,3173,6835,14447,14443,14446,14445,7190,4162,14441,14442],"_links":{"self":[{"href":"https:\/\/www.uv.mx\/prensa\/wp-json\/wp\/v2\/posts\/136965"}],"collection":[{"href":"https:\/\/www.uv.mx\/prensa\/wp-json\/wp\/v2\/posts"}],"about":[{"href":"https:\/\/www.uv.mx\/prensa\/wp-json\/wp\/v2\/types\/post"}],"author":[{"embeddable":true,"href":"https:\/\/www.uv.mx\/prensa\/wp-json\/wp\/v2\/users\/1809"}],"replies":[{"embeddable":true,"href":"https:\/\/www.uv.mx\/prensa\/wp-json\/wp\/v2\/comments?post=136965"}],"version-history":[{"count":1,"href":"https:\/\/www.uv.mx\/prensa\/wp-json\/wp\/v2\/posts\/136965\/revisions"}],"predecessor-version":[{"id":137003,"href":"https:\/\/www.uv.mx\/prensa\/wp-json\/wp\/v2\/posts\/136965\/revisions\/137003"}],"wp:featuredmedia":[{"embeddable":true,"href":"https:\/\/www.uv.mx\/prensa\/wp-json\/wp\/v2\/media\/136925"}],"wp:attachment":[{"href":"https:\/\/www.uv.mx\/prensa\/wp-json\/wp\/v2\/media?parent=136965"}],"wp:term":[{"taxonomy":"category","embeddable":true,"href":"https:\/\/www.uv.mx\/prensa\/wp-json\/wp\/v2\/categories?post=136965"},{"taxonomy":"post_tag","embeddable":true,"href":"https:\/\/www.uv.mx\/prensa\/wp-json\/wp\/v2\/tags?post=136965"}],"curies":[{"name":"wp","href":"https:\/\/api.w.org\/{rel}","templated":true}]}}