{"id":137004,"date":"2023-11-07T19:01:02","date_gmt":"2023-11-08T01:01:02","guid":{"rendered":"https:\/\/www.uv.mx\/prensa\/?p=137004"},"modified":"2023-11-07T19:01:02","modified_gmt":"2023-11-08T01:01:02","slug":"relevante-que-jazzistas-construyan-una-imagen-profesional-rafael-alcala","status":"publish","type":"post","link":"https:\/\/www.uv.mx\/prensa\/cultura\/relevante-que-jazzistas-construyan-una-imagen-profesional-rafael-alcala\/","title":{"rendered":"Relevante que jazzistas construyan una imagen profesional: Rafael Alcal\u00e1"},"content":{"rendered":"<ul>\n<li data-leveltext=\"\uf0b7\" data-font=\"Symbol\" data-listid=\"1\" data-list-defn-props=\"{&quot;335552541&quot;:1,&quot;335559684&quot;:-2,&quot;335559685&quot;:720,&quot;335559991&quot;:360,&quot;469769226&quot;:&quot;Symbol&quot;,&quot;469769242&quot;:[8226],&quot;469777803&quot;:&quot;left&quot;,&quot;469777804&quot;:&quot;\uf0b7&quot;,&quot;469777815&quot;:&quot;hybridMultilevel&quot;}\" data-aria-posinset=\"1\" data-aria-level=\"1\"><i><span data-contrast=\"auto\">Dict\u00f3 la conferencia \u201cEstrategias para el posicionamiento del m\u00fasico de jazz\u201d, en el marco de seminario organizado por el Centro de Estudios de Jazz de la UV<\/span><\/i><span data-ccp-props=\"{&quot;201341983&quot;:0,&quot;335559740&quot;:259}\">\u00a0<\/span><\/li>\n<li data-leveltext=\"\uf0b7\" data-font=\"Symbol\" data-listid=\"1\" data-list-defn-props=\"{&quot;335552541&quot;:1,&quot;335559684&quot;:-2,&quot;335559685&quot;:720,&quot;335559991&quot;:360,&quot;469769226&quot;:&quot;Symbol&quot;,&quot;469769242&quot;:[8226],&quot;469777803&quot;:&quot;left&quot;,&quot;469777804&quot;:&quot;\uf0b7&quot;,&quot;469777815&quot;:&quot;hybridMultilevel&quot;}\" data-aria-posinset=\"2\" data-aria-level=\"1\"><i><span data-contrast=\"auto\">De total de la m\u00fasica que se consume a nivel global, s\u00f3lo el 1.1% corresponde a este g\u00e9nero<\/span><\/i><\/li>\n<\/ul>\n<p>&nbsp;<\/p>\n<div id=\"attachment_137008\" style=\"width: 732px\" class=\"wp-caption aligncenter\"><img aria-describedby=\"caption-attachment-137008\" decoding=\"async\" loading=\"lazy\" class=\"size-full wp-image-137008\" src=\"https:\/\/www.uv.mx\/prensa\/files\/2023\/11\/071123-PAOLA-Conferencia-Rafael-Alcala-1-100k.jpg\" alt=\"Esquema sobre las actividades que permiten ingresos al m\u00fasico profesional \" width=\"722\" height=\"406\" srcset=\"https:\/\/www.uv.mx\/prensa\/files\/2023\/11\/071123-PAOLA-Conferencia-Rafael-Alcala-1-100k.jpg 722w, https:\/\/www.uv.mx\/prensa\/files\/2023\/11\/071123-PAOLA-Conferencia-Rafael-Alcala-1-100k-300x169.jpg 300w\" sizes=\"(max-width: 722px) 100vw, 722px\" \/><p id=\"caption-attachment-137008\" class=\"wp-caption-text\">Esquema sobre las actividades que permiten ingresos al m\u00fasico profesional<\/p><\/div>\n<p>&nbsp;<\/p>\n<p><b><i><span data-contrast=\"auto\">Paola Cort\u00e9s P\u00e9rez<\/span><\/i><\/b><span data-ccp-props=\"{}\">\u00a0<\/span><\/p>\n<p><b><i><span data-contrast=\"auto\">Fotos: Omar Portilla Palacios<\/span><\/i><\/b><\/p>\n<p><b><i><span data-contrast=\"auto\">07\/11\/2023, Xalapa, Ver.-<\/span><\/i><\/b><span data-contrast=\"auto\"> Del total de la m\u00fasica que se consume a nivel global, s\u00f3lo el 1.1% es jazz, de ah\u00ed la importancia de que estudiantes y egresados del Centro de Estudios de Jazz de la Universidad Veracruzana (<\/span><i><span data-contrast=\"auto\">Jazzuv<\/span><\/i><span data-contrast=\"auto\">) entiendan la relevancia del desarrollo de la imagen profesional del m\u00fasico, qu\u00e9 es un producto o servicio y a qu\u00e9 mercado va dirigido, mencion\u00f3 Rafael Alcal\u00e1 Hinojosa, docente de esta entidad universitaria.<\/span><span data-ccp-props=\"{}\">\u00a0<\/span><\/p>\n<p><span data-contrast=\"auto\">En el marco del Seminario \u201cJazz, voz de la interculturalidad\u201d, el acad\u00e9mico imparti\u00f3 la conferencia \u201cEstrategias para el posicionamiento del m\u00fasico\u201d en modalidad h\u00edbrida, que tuvo por objetivo abordar la importancia de la profesionalizaci\u00f3n en este g\u00e9nero, a nivel nacional e internacional.<\/span><span data-ccp-props=\"{&quot;335559731&quot;:708}\">\u00a0<\/span><\/p>\n<p><span data-contrast=\"auto\">El mercado de consumo de m\u00fasica en Am\u00e9rica Latina (AL) represent\u00f3 un 3.9% del mercado global. El 2022 fue el duod\u00e9cimo a\u00f1o consecutivo de crecimiento y las ganancias ascendieron al 31.2% en esta regi\u00f3n del mundo.<\/span><span data-ccp-props=\"{&quot;335559731&quot;:708}\">\u00a0<\/span><\/p>\n<p><span data-contrast=\"auto\">Sin embargo, dijo que seg\u00fan un estudio realizado por la organizaci\u00f3n Future of Music Coallition a m\u00fasicos profesionales en 2019, encontr\u00f3 que s\u00f3lo el 12.9% del ingreso total corresponde a la remuneraci\u00f3n por la creaci\u00f3n y grabaci\u00f3n de piezas musicales (propiedad intelectual).<\/span><span data-ccp-props=\"{&quot;335559731&quot;:708}\">\u00a0<\/span><\/p>\n<p><span data-contrast=\"auto\">Con respecto a la distribuci\u00f3n del ingreso de un m\u00fasico profesional, indic\u00f3 que es de la siguiente manera: el 27% corresponde a presentaciones en vivo; 22% si se desempe\u00f1an en el sector educativo; 20% como ejecutante asalariado; 11% de m\u00fasico de sesi\u00f3n; 6.3% de la composici\u00f3n; 5.6% como ingeniero de audio; 1.6% de mercanc\u00eda, y 6.4% de otras actividades.<\/span><\/p>\n<div id=\"attachment_137009\" style=\"width: 732px\" class=\"wp-caption aligncenter\"><img aria-describedby=\"caption-attachment-137009\" decoding=\"async\" loading=\"lazy\" class=\"size-full wp-image-137009\" src=\"https:\/\/www.uv.mx\/prensa\/files\/2023\/11\/071123-PAOLA-Conferencia-Rafael-Alcala-2-100k.jpg\" alt=\"Existen cuatro tipos de mercados al que pueden dirigir sus servicios \" width=\"722\" height=\"431\" srcset=\"https:\/\/www.uv.mx\/prensa\/files\/2023\/11\/071123-PAOLA-Conferencia-Rafael-Alcala-2-100k.jpg 722w, https:\/\/www.uv.mx\/prensa\/files\/2023\/11\/071123-PAOLA-Conferencia-Rafael-Alcala-2-100k-300x179.jpg 300w\" sizes=\"(max-width: 722px) 100vw, 722px\" \/><p id=\"caption-attachment-137009\" class=\"wp-caption-text\">Existen cuatro tipos de mercados al que pueden dirigir sus servicios<\/p><\/div>\n<p>&nbsp;<\/p>\n<p><span data-contrast=\"auto\">En 2022, el instituto de m\u00fasica <\/span><i><span data-contrast=\"auto\">Libemus<\/span><\/i><span data-contrast=\"auto\"> realiz\u00f3 un estudio en 14 pa\u00edses de AL para definir los trabajos asociados con el perfil profesional mencionado anteriormente y son: presentaciones en vivo (<\/span><i><span data-contrast=\"auto\">performance<\/span><\/i><span data-contrast=\"auto\">); m\u00fasico de sesi\u00f3n; producciones musicales; arreglos y composici\u00f3n de canciones; ense\u00f1anza de la m\u00fasica; direcci\u00f3n musical; venta de discos\/canciones, mercanc\u00eda y productos; regal\u00edas, licencias y comisiones; promoci\u00f3n y representaci\u00f3n art\u00edstica (manager); programador art\u00edstico, y cr\u00edtico musical.<\/span><span data-ccp-props=\"{&quot;335559731&quot;:708}\">\u00a0<\/span><\/p>\n<p><span data-contrast=\"auto\">\u201cSe requiere entender qu\u00e9 producto o servicio ofrezco y a qui\u00e9n se lo ofrezco, as\u00ed como el desarrollo de la imagen profesional del m\u00fasico; aqu\u00ed es donde entra el <\/span><i><span data-contrast=\"auto\">branding<\/span><\/i><span data-contrast=\"auto\">, que es el proceso estrat\u00e9gico de construcci\u00f3n y gesti\u00f3n de una marca, implica el desarrollo de una identidad \u00fanica y distintiva para una empresa, producto o servicio.\u201d<\/span><span data-ccp-props=\"{&quot;335559731&quot;:708}\">\u00a0<\/span><\/p>\n<p><span data-contrast=\"auto\">Asimismo, mencion\u00f3, es necesario desarrollar el <\/span><i><span data-contrast=\"auto\">electronic press kit<\/span><\/i><span data-contrast=\"auto\"> (EPK) \u2013<\/span><span data-contrast=\"none\">conjunto de materiales para presentar una propuesta<\/span><span data-contrast=\"auto\">\u2013; \u201ccomo artista y m\u00fasico profesional, es esencial tener la informaci\u00f3n sintetizada y actualizada de tu proyecto para ser distribuida en cualquier momento\u201d.<\/span><span data-ccp-props=\"{&quot;335559731&quot;:708}\">\u00a0<\/span><\/p>\n<p><span data-contrast=\"auto\">Para finalizar, dio a los universitarios los pasos para desarrollar su imagen y producto: Construcci\u00f3n de una marca personal; Identificaci\u00f3n de mercado o p\u00fablico objetivo; Definici\u00f3n del proyecto; An\u00e1lisis del proyecto antes de comenzar, y Desarrollo de estrategias.<\/span><span data-ccp-props=\"{&quot;335559731&quot;:708}\">\u00a0<\/span><\/p>\n","protected":false},"excerpt":{"rendered":"<p>En la pl\u00e1tica se abord\u00f3 la importancia de la profesionalizaci\u00f3n y el posicionamiento del m\u00fasico de jazz en la industria musical y el gremio art\u00edstico<\/p>\n","protected":false},"author":1775,"featured_media":137010,"comment_status":"closed","ping_status":"closed","sticky":false,"template":"","format":"standard","meta":[],"categories":[11,47,61],"tags":[14477,2623,14475,14478,14479,14473,3095,162,14476,6462,4164,2167,14474],"_links":{"self":[{"href":"https:\/\/www.uv.mx\/prensa\/wp-json\/wp\/v2\/posts\/137004"}],"collection":[{"href":"https:\/\/www.uv.mx\/prensa\/wp-json\/wp\/v2\/posts"}],"about":[{"href":"https:\/\/www.uv.mx\/prensa\/wp-json\/wp\/v2\/types\/post"}],"author":[{"embeddable":true,"href":"https:\/\/www.uv.mx\/prensa\/wp-json\/wp\/v2\/users\/1775"}],"replies":[{"embeddable":true,"href":"https:\/\/www.uv.mx\/prensa\/wp-json\/wp\/v2\/comments?post=137004"}],"version-history":[{"count":1,"href":"https:\/\/www.uv.mx\/prensa\/wp-json\/wp\/v2\/posts\/137004\/revisions"}],"predecessor-version":[{"id":137012,"href":"https:\/\/www.uv.mx\/prensa\/wp-json\/wp\/v2\/posts\/137004\/revisions\/137012"}],"wp:featuredmedia":[{"embeddable":true,"href":"https:\/\/www.uv.mx\/prensa\/wp-json\/wp\/v2\/media\/137010"}],"wp:attachment":[{"href":"https:\/\/www.uv.mx\/prensa\/wp-json\/wp\/v2\/media?parent=137004"}],"wp:term":[{"taxonomy":"category","embeddable":true,"href":"https:\/\/www.uv.mx\/prensa\/wp-json\/wp\/v2\/categories?post=137004"},{"taxonomy":"post_tag","embeddable":true,"href":"https:\/\/www.uv.mx\/prensa\/wp-json\/wp\/v2\/tags?post=137004"}],"curies":[{"name":"wp","href":"https:\/\/api.w.org\/{rel}","templated":true}]}}