{"id":137066,"date":"2023-11-08T17:49:28","date_gmt":"2023-11-08T23:49:28","guid":{"rendered":"https:\/\/www.uv.mx\/prensa\/?p=137066"},"modified":"2023-11-08T17:49:28","modified_gmt":"2023-11-08T23:49:28","slug":"uv-cuenta-con-un-campus-digital-francofono","status":"publish","type":"post","link":"https:\/\/www.uv.mx\/prensa\/eventos\/uv-cuenta-con-un-campus-digital-francofono\/","title":{"rendered":"UV cuenta con un Campus Digital Franc\u00f3fono"},"content":{"rendered":"<ul>\n<li data-leveltext=\"\uf0b7\" data-font=\"Symbol\" data-listid=\"1\" data-list-defn-props=\"{&quot;335552541&quot;:1,&quot;335559684&quot;:-2,&quot;335559685&quot;:720,&quot;335559991&quot;:360,&quot;469769226&quot;:&quot;Symbol&quot;,&quot;469769242&quot;:[8226],&quot;469777803&quot;:&quot;left&quot;,&quot;469777804&quot;:&quot;\uf0b7&quot;,&quot;469777815&quot;:&quot;hybridMultilevel&quot;}\" data-aria-posinset=\"1\" data-aria-level=\"1\"><i><span data-contrast=\"auto\">Fue instalado con el apoyo de la Agencia Universitaria Franc\u00f3fona de Am\u00e9rica<\/span><\/i><span data-ccp-props=\"{&quot;201341983&quot;:0,&quot;335559739&quot;:0,&quot;335559740&quot;:240}\">\u00a0<\/span><\/li>\n<li data-leveltext=\"\uf0b7\" data-font=\"Symbol\" data-listid=\"1\" data-list-defn-props=\"{&quot;335552541&quot;:1,&quot;335559684&quot;:-2,&quot;335559685&quot;:720,&quot;335559991&quot;:360,&quot;469769226&quot;:&quot;Symbol&quot;,&quot;469769242&quot;:[8226],&quot;469777803&quot;:&quot;left&quot;,&quot;469777804&quot;:&quot;\uf0b7&quot;,&quot;469777815&quot;:&quot;hybridMultilevel&quot;}\" data-aria-posinset=\"2\" data-aria-level=\"1\"><i><span data-contrast=\"auto\">Mart\u00edn Aguilar S\u00e1nchez, rector de la UV, y Gilles Mascle, director de la AUF, lo inauguraron<\/span><\/i><span data-ccp-props=\"{&quot;201341983&quot;:0,&quot;335559739&quot;:0,&quot;335559740&quot;:240}\">\u00a0<\/span><\/li>\n<li data-leveltext=\"\uf0b7\" data-font=\"Symbol\" data-listid=\"1\" data-list-defn-props=\"{&quot;335552541&quot;:1,&quot;335559684&quot;:-2,&quot;335559685&quot;:720,&quot;335559991&quot;:360,&quot;469769226&quot;:&quot;Symbol&quot;,&quot;469769242&quot;:[8226],&quot;469777803&quot;:&quot;left&quot;,&quot;469777804&quot;:&quot;\uf0b7&quot;,&quot;469777815&quot;:&quot;hybridMultilevel&quot;}\" data-aria-posinset=\"3\" data-aria-level=\"1\"><i><span data-contrast=\"auto\">Se ubica al interior del Centro de Autoacceso de la USBI-Xalapa<\/span><\/i><span data-ccp-props=\"{&quot;201341983&quot;:0,&quot;335559739&quot;:0,&quot;335559740&quot;:240}\">\u00a0<\/span><\/li>\n<\/ul>\n<p><span data-ccp-props=\"{&quot;201341983&quot;:0,&quot;335559739&quot;:0,&quot;335559740&quot;:240}\">\u00a0<\/span><\/p>\n<div id=\"attachment_137064\" style=\"width: 732px\" class=\"wp-caption aligncenter\"><img aria-describedby=\"caption-attachment-137064\" decoding=\"async\" loading=\"lazy\" class=\"size-full wp-image-137064\" src=\"https:\/\/www.uv.mx\/prensa\/files\/2023\/11\/081123-Centro-Digital-Francofono-1.jpg\" alt=\"\" width=\"722\" height=\"481\" srcset=\"https:\/\/www.uv.mx\/prensa\/files\/2023\/11\/081123-Centro-Digital-Francofono-1.jpg 722w, https:\/\/www.uv.mx\/prensa\/files\/2023\/11\/081123-Centro-Digital-Francofono-1-300x200.jpg 300w\" sizes=\"(max-width: 722px) 100vw, 722px\" \/><p id=\"caption-attachment-137064\" class=\"wp-caption-text\">Mart\u00edn Aguilar S\u00e1nchez agradeci\u00f3 a la AUF por considerar a la UV para la instalaci\u00f3n del Campus Digital Franc\u00f3fono<\/p><\/div>\n<p><span data-ccp-props=\"{&quot;201341983&quot;:0,&quot;335559739&quot;:0,&quot;335559740&quot;:240}\">\u00a0<\/span><\/p>\n<p><b><i><span data-contrast=\"auto\">Claudia Peralta V\u00e1zquez<\/span><\/i><\/b><span data-ccp-props=\"{&quot;201341983&quot;:0,&quot;335559739&quot;:0,&quot;335559740&quot;:240}\">\u00a0<\/span><\/p>\n<p><b><i><span data-contrast=\"auto\">Fotos: Luis Fernando Fern\u00e1ndez Carrillo<\/span><\/i><\/b><span data-ccp-props=\"{&quot;201341983&quot;:0,&quot;335559739&quot;:0,&quot;335559740&quot;:240}\">\u00a0<\/span><\/p>\n<p><b><i><span data-contrast=\"auto\">08\/11\/2023, Xalapa, Ver.- <\/span><\/i><\/b><span data-contrast=\"auto\">La Universidad Veracruzana (UV) cuenta con un Campus Digital Franc\u00f3fono, ubicado al interior del Centro de Autoacceso (CAA) de la Unidad de Servicios Bibliotecarios y de Informaci\u00f3n (USBI), instalado con el apoyo de la Agencia Universitaria Franc\u00f3fona de Am\u00e9rica (AUF), producto de una relaci\u00f3n de largo aliento con esta casa de estudios.<\/span><span data-ccp-props=\"{&quot;201341983&quot;:0,&quot;335559739&quot;:0,&quot;335559740&quot;:240}\">\u00a0<\/span><\/p>\n<p><span data-contrast=\"auto\">Previo a la inauguraci\u00f3n, y en presencia del rector de la UV, Mart\u00edn Aguilar S\u00e1nchez, el director de la AUF, Gilles Mascle destac\u00f3 el compromiso demostrado por la m\u00e1xima casa de estudios de Veracruz para la puesta en marcha de este proyecto financiado por el organismo que encabeza, regido por el principio de un desarrollo mutuo internacional.<\/span><span data-ccp-props=\"{&quot;201341983&quot;:0,&quot;335559739&quot;:0,&quot;335559740&quot;:240}\">\u00a0<\/span><\/p>\n<p><span data-contrast=\"auto\">Esa acci\u00f3n y el trabajo de la UV en materia de ense\u00f1anza del franc\u00e9s fue determinante en la decisi\u00f3n asumida por la UAF, de respaldar dicha iniciativa bajo la premisa de crear un bien \u00fatil.<\/span><span data-ccp-props=\"{&quot;201341983&quot;:0,&quot;335559739&quot;:0,&quot;335559740&quot;:240}\">\u00a0<\/span><\/p>\n<p><span data-contrast=\"auto\">Durante el evento, al que acudieron autoridades universitarias, estudiantes y acad\u00e9micos del CAA, precis\u00f3 que la instalaci\u00f3n del Campus Digital Franc\u00f3fono requiere de dos factores prioritarios para su funcionamiento.<\/span><span data-ccp-props=\"{&quot;201341983&quot;:0,&quot;335559739&quot;:0,&quot;335559740&quot;:240}\">\u00a0<\/span><\/p>\n<p><span data-contrast=\"auto\">El primero, tiene que ver con la presencia de la ense\u00f1anza de la lengua francesa para que los estudiantes, docentes e integrantes de la comunidad puedan descubrir y practicar el idioma.<\/span><span data-ccp-props=\"{&quot;201341983&quot;:0,&quot;335559731&quot;:708,&quot;335559739&quot;:0,&quot;335559740&quot;:240}\">\u00a0<\/span><\/p>\n<p>&nbsp;<\/p>\n<div id=\"attachment_137063\" style=\"width: 732px\" class=\"wp-caption aligncenter\"><img aria-describedby=\"caption-attachment-137063\" decoding=\"async\" loading=\"lazy\" class=\"size-full wp-image-137063\" src=\"https:\/\/www.uv.mx\/prensa\/files\/2023\/11\/081123-Centro-Digital-Francofono-2.jpg\" alt=\"\" width=\"722\" height=\"481\" srcset=\"https:\/\/www.uv.mx\/prensa\/files\/2023\/11\/081123-Centro-Digital-Francofono-2.jpg 722w, https:\/\/www.uv.mx\/prensa\/files\/2023\/11\/081123-Centro-Digital-Francofono-2-300x200.jpg 300w\" sizes=\"(max-width: 722px) 100vw, 722px\" \/><p id=\"caption-attachment-137063\" class=\"wp-caption-text\">Gilles Mascle, director de la AUF, destac\u00f3 el compromiso demostrado por la UV para la puesta en marcha de este proyecto<\/p><\/div>\n<p>&nbsp;<\/p>\n<p><span data-contrast=\"auto\">Una vez concretado el aprendizaje, la cultura y los valores son una puerta abierta para los practicantes del idioma a trav\u00e9s del CAA.<\/span><span data-ccp-props=\"{&quot;201341983&quot;:0,&quot;335559731&quot;:708,&quot;335559739&quot;:0,&quot;335559740&quot;:240}\">\u00a0<\/span><\/p>\n<p><span data-contrast=\"auto\">Gilles Mascle dio a conocer que dicho espacio se incorporar\u00e1 a una red internacional de m\u00e1s de 600 campus en el mundo, ubicados en 19 pa\u00edses, conectados a una plataforma digital desde donde organizan diversas actividades.<\/span><span data-ccp-props=\"{&quot;201341983&quot;:0,&quot;335559739&quot;:0,&quot;335559740&quot;:240}\">\u00a0<\/span><\/p>\n<p><span data-contrast=\"auto\">En el caso de Am\u00e9rica Latina (AL), existen siete centros y tambi\u00e9n se desarrolla la misma din\u00e1mica, con el fin de conectarse con los del resto del mundo.<\/span><span data-ccp-props=\"{&quot;201341983&quot;:0,&quot;335559739&quot;:0,&quot;335559740&quot;:240}\">\u00a0<\/span><\/p>\n<p><span data-contrast=\"auto\">Subray\u00f3 que cada centro nace de una voluntad y necesidad, por lo que la UV ser\u00e1 libre de emplear las herramientas otorgadas por la AUF en la resoluci\u00f3n de problem\u00e1ticas locales y sociales.<\/span><\/p>\n<p><span data-contrast=\"auto\">Al tomar la palabra, el rector Mart\u00edn Aguilar agradeci\u00f3 a la AUF por considerar a la UV para este importante proyecto, cuyo objetivo es ofrecer una serie de recursos a toda la comunidad universitaria para incrementar su conocimiento de la lengua francesa.<\/span><span data-ccp-props=\"{&quot;201341983&quot;:0,&quot;335559731&quot;:708,&quot;335559739&quot;:0,&quot;335559740&quot;:240}\">\u00a0<\/span><\/p>\n<p><span data-contrast=\"auto\">\u00a0\u201cSe trata de un beneficio tangible para nuestra casa de estudios, y de un s\u00f3lido avance en la justicia epistemol\u00f3gica, social e intercultural que buscamos impulsar.\u201d<\/span><span data-ccp-props=\"{&quot;201341983&quot;:0,&quot;335559731&quot;:708,&quot;335559739&quot;:0,&quot;335559740&quot;:240}\">\u00a0<\/span><\/p>\n<p>&nbsp;<\/p>\n<div id=\"attachment_137062\" style=\"width: 732px\" class=\"wp-caption aligncenter\"><img aria-describedby=\"caption-attachment-137062\" decoding=\"async\" loading=\"lazy\" class=\"size-full wp-image-137062\" src=\"https:\/\/www.uv.mx\/prensa\/files\/2023\/11\/081123-Centro-Digital-Francofono-3.jpg\" alt=\"\" width=\"722\" height=\"481\" srcset=\"https:\/\/www.uv.mx\/prensa\/files\/2023\/11\/081123-Centro-Digital-Francofono-3.jpg 722w, https:\/\/www.uv.mx\/prensa\/files\/2023\/11\/081123-Centro-Digital-Francofono-3-300x200.jpg 300w\" sizes=\"(max-width: 722px) 100vw, 722px\" \/><p id=\"caption-attachment-137062\" class=\"wp-caption-text\">Mario Oliva Su\u00e1rez, director general de Relaciones Internacionales de la UV<\/p><\/div>\n<p>&nbsp;<\/p>\n<p><span data-contrast=\"auto\">\u00a0Resalt\u00f3 la apertura de esta casa de estudios con el idioma franc\u00e9s, mediante convenios de colaboraci\u00f3n con universidades de naciones que conforman la francofon\u00eda, entre ellos: Canad\u00e1, B\u00e9lgica, Suiza y naciones del Caribe, Europa Occidental y Asia.<\/span><span data-ccp-props=\"{&quot;201341983&quot;:0,&quot;335559731&quot;:708,&quot;335559739&quot;:0,&quot;335559740&quot;:240}\">\u00a0<\/span><\/p>\n<p><span data-contrast=\"auto\">Adem\u00e1s se refiri\u00f3 a la Licenciatura en Lengua Francesa, a trav\u00e9s de la cual se ofrece instrucci\u00f3n de excelencia para quien busque estudiar seriamente este idioma, as\u00ed como centros de ense\u00f1anza de lenguas extranjeras en todas las regiones universitarias que han propiciado el aprendizaje del franc\u00e9s entre universitarios y p\u00fablico en general.<\/span><span data-ccp-props=\"{&quot;201341983&quot;:0,&quot;335559731&quot;:708,&quot;335559739&quot;:0,&quot;335559740&quot;:240}\">\u00a0<\/span><\/p>\n<p><span data-contrast=\"auto\">Por su parte, Mario Oliva Su\u00e1rez, director general de Relaciones Internacionales de la UV, manifest\u00f3 que hace un a\u00f1o se recibi\u00f3 la propuesta de la AUF de crear este Campus Digital Franc\u00f3fono, aprobado tambi\u00e9n por autoridades de esta casa de estudios.<\/span><span data-ccp-props=\"{&quot;201341983&quot;:0,&quot;335559731&quot;:708,&quot;335559739&quot;:0,&quot;335559740&quot;:240}\">\u00a0<\/span><\/p>\n<p><span data-contrast=\"auto\">Con el respaldo de los titulares de las Secretar\u00edas Acad\u00e9mica, de Desarrollo Institucional, y de Administraci\u00f3n y Finanzas se valor\u00f3 c\u00f3mo implementarlo.<\/span><span data-ccp-props=\"{&quot;201341983&quot;:0,&quot;335559731&quot;:708,&quot;335559739&quot;:0,&quot;335559740&quot;:240}\">\u00a0<\/span><\/p>\n<p><span data-contrast=\"auto\">Mencion\u00f3 que cuatro a\u00f1os atr\u00e1s la AUF lanz\u00f3 una convocatoria a la que respondi\u00f3 la UV con un proyecto para crear espacios franc\u00f3fonos en AL. M\u00e1s de una veintena de universidades participaron y s\u00f3lo se aprobaron seis, uno de ellos fue el de la Veracruzana.<\/span><span data-ccp-props=\"{&quot;201341983&quot;:0,&quot;335559731&quot;:708,&quot;335559739&quot;:0,&quot;335559740&quot;:240}\">\u00a0<\/span><\/p>\n<p>&nbsp;<\/p>\n<div id=\"attachment_137061\" style=\"width: 732px\" class=\"wp-caption aligncenter\"><img aria-describedby=\"caption-attachment-137061\" decoding=\"async\" loading=\"lazy\" class=\"size-full wp-image-137061\" src=\"https:\/\/www.uv.mx\/prensa\/files\/2023\/11\/081123-Centro-Digital-Francofono-4.jpg\" alt=\"\" width=\"722\" height=\"481\" srcset=\"https:\/\/www.uv.mx\/prensa\/files\/2023\/11\/081123-Centro-Digital-Francofono-4.jpg 722w, https:\/\/www.uv.mx\/prensa\/files\/2023\/11\/081123-Centro-Digital-Francofono-4-300x200.jpg 300w\" sizes=\"(max-width: 722px) 100vw, 722px\" \/><p id=\"caption-attachment-137061\" class=\"wp-caption-text\">Mar\u00eda Fernanda Heredia, responsable del Campus Digital Franc\u00f3fono<\/p><\/div>\n<p>&nbsp;<\/p>\n<p><span data-contrast=\"auto\">Destac\u00f3 que dentro de esta casa de estudios operan seis Centros de Idiomas y 11 CAA, y en todos se imparten diferentes niveles del idioma franc\u00e9s.<\/span><span data-ccp-props=\"{&quot;201341983&quot;:0,&quot;335559731&quot;:708,&quot;335559739&quot;:0,&quot;335559740&quot;:240}\">\u00a0<\/span><\/p>\n<p><span data-contrast=\"auto\">Con respecto al Campus Digital Franc\u00f3fono, Oliva Su\u00e1rez expuso que \u00e9ste cumple con el Programa de Trabajo 2021-2025 \u201cPor una transformaci\u00f3n integral\u201d, en el eje de internacionalizaci\u00f3n.<\/span><span data-ccp-props=\"{&quot;201341983&quot;:0,&quot;335559731&quot;:708,&quot;335559739&quot;:0,&quot;335559740&quot;:240}\">\u00a0<\/span><\/p>\n<p><span data-contrast=\"auto\">Entre las ventajas de este espacio con el que se abren grandes oportunidades, enfatiz\u00f3 que se podr\u00e1 trabajar en la certificaci\u00f3n de la lengua francesa y en la empleabilidad en empresas francesas radicadas en M\u00e9xico o en otros pa\u00edses.<\/span><span data-ccp-props=\"{&quot;201341983&quot;:0,&quot;335559731&quot;:708,&quot;335559739&quot;:0,&quot;335559740&quot;:240}\">\u00a0<\/span><\/p>\n<p><span data-contrast=\"auto\">Mar\u00eda Fernanda Heredia, responsable del Campus Digital Franc\u00f3fono, indic\u00f3 que este sitio es una excelente oportunidad para reforzar el estudio de la lengua francesa y ayudar a expandir el conocimiento de la cultura franc\u00f3fona en la instituci\u00f3n.<\/span><span data-ccp-props=\"{&quot;201341983&quot;:0,&quot;335559731&quot;:708,&quot;335559739&quot;:0,&quot;335559740&quot;:240}\">\u00a0<\/span><\/p>\n<p><span data-contrast=\"auto\">Los estudiantes tendr\u00e1n acceso a una amplia gama de recursos digitales de alta calidad, incluidos cursos en l\u00ednea, material de lectura y herramientas de pr\u00e1ctica de pronunciaci\u00f3n, dijo.<\/span><span data-ccp-props=\"{&quot;201341983&quot;:0,&quot;335559731&quot;:708,&quot;335559739&quot;:0,&quot;335559740&quot;:240}\">\u00a0<\/span><\/p>\n<p>&nbsp;<\/p>\n<p>&nbsp;<\/p>\n<div id=\"attachment_137060\" style=\"width: 732px\" class=\"wp-caption aligncenter\"><img aria-describedby=\"caption-attachment-137060\" decoding=\"async\" loading=\"lazy\" class=\"size-full wp-image-137060\" src=\"https:\/\/www.uv.mx\/prensa\/files\/2023\/11\/081123-Centro-Digital-Francofono-5.jpg\" alt=\"\" width=\"722\" height=\"310\" srcset=\"https:\/\/www.uv.mx\/prensa\/files\/2023\/11\/081123-Centro-Digital-Francofono-5.jpg 722w, https:\/\/www.uv.mx\/prensa\/files\/2023\/11\/081123-Centro-Digital-Francofono-5-300x129.jpg 300w, https:\/\/www.uv.mx\/prensa\/files\/2023\/11\/081123-Centro-Digital-Francofono-5-350x150.jpg 350w\" sizes=\"(max-width: 722px) 100vw, 722px\" \/><p id=\"caption-attachment-137060\" class=\"wp-caption-text\">Autoridades universitarias y de la AUF recorrieron las instalaciones del Campus Digital Franc\u00f3fono<\/p><\/div>\n<p>&nbsp;<\/p>\n<p><span data-contrast=\"auto\">Esto les permitir\u00e1 mejorar sus habilidades ling\u00fc\u00edsticas en franc\u00e9s a su propio ritmo y conveniencia, brind\u00e1ndoles una experiencia de aprendizaje personalizada, y as\u00ed insertarse m\u00e1s f\u00e1cilmente al \u00e1mbito laboral.<\/span><span data-ccp-props=\"{&quot;201341983&quot;:0,&quot;335559731&quot;:708,&quot;335559739&quot;:0,&quot;335559740&quot;:240}\">\u00a0<\/span><\/p>\n<p><span data-contrast=\"auto\">Ra\u00fal Vel\u00e1squez de la Cruz, estudiante de la Maestr\u00eda en Ingenier\u00eda Qu\u00edmica, comparti\u00f3 su experiencia y acercamiento con la lengua y cultura franc\u00f3fona.<\/span><span data-ccp-props=\"{&quot;201341983&quot;:0,&quot;335559731&quot;:708,&quot;335559739&quot;:0,&quot;335559740&quot;:240}\">\u00a0<\/span><\/p>\n<p><span data-contrast=\"auto\">Luego del recorrido hecho por las autoridades al interior del Campus, las y los asistentes apreciaron la actuaci\u00f3n art\u00edstica del bar\u00edtono Mariano Fern\u00e1ndez Gonz\u00e1lez y el pianista Alejandro C\u00e1mara, quienes interpretaron un repertorio de m\u00fasica representativa de Francia, de compositores como Ernest Chausson y Gabriel Faur\u00e9.<\/span><span data-ccp-props=\"{&quot;201341983&quot;:0,&quot;335559731&quot;:708,&quot;335559739&quot;:0,&quot;335559740&quot;:240}\">\u00a0<\/span><\/p>\n<p><span data-contrast=\"auto\">Estuvieron: Jaqueline Jongitud Zamora, secretaria de Desarrollo Institucional; Adriana Abad Florescano, directora de Centros de Idiomas y Autoacceso; Alicia Victoria Ladr\u00f3n de Guevara, coordinadora del CAA de la USBI, y miembros de la comunidad universitaria.<\/span><\/p>\n","protected":false},"excerpt":{"rendered":"<p>Este espacio es una oportunidad para reforzar el estudio de la lengua francesa y ayudar a expandir el conocimiento de la cultura franc\u00f3fona en la UV<\/p>\n","protected":false},"author":1869,"featured_media":137059,"comment_status":"closed","ping_status":"closed","sticky":false,"template":"","format":"standard","meta":[],"categories":[47,8455,61,5174],"tags":[14487,14486,12421,1246,4163,14488,14489,6186,6249,2700,10109],"_links":{"self":[{"href":"https:\/\/www.uv.mx\/prensa\/wp-json\/wp\/v2\/posts\/137066"}],"collection":[{"href":"https:\/\/www.uv.mx\/prensa\/wp-json\/wp\/v2\/posts"}],"about":[{"href":"https:\/\/www.uv.mx\/prensa\/wp-json\/wp\/v2\/types\/post"}],"author":[{"embeddable":true,"href":"https:\/\/www.uv.mx\/prensa\/wp-json\/wp\/v2\/users\/1869"}],"replies":[{"embeddable":true,"href":"https:\/\/www.uv.mx\/prensa\/wp-json\/wp\/v2\/comments?post=137066"}],"version-history":[{"count":1,"href":"https:\/\/www.uv.mx\/prensa\/wp-json\/wp\/v2\/posts\/137066\/revisions"}],"predecessor-version":[{"id":137067,"href":"https:\/\/www.uv.mx\/prensa\/wp-json\/wp\/v2\/posts\/137066\/revisions\/137067"}],"wp:featuredmedia":[{"embeddable":true,"href":"https:\/\/www.uv.mx\/prensa\/wp-json\/wp\/v2\/media\/137059"}],"wp:attachment":[{"href":"https:\/\/www.uv.mx\/prensa\/wp-json\/wp\/v2\/media?parent=137066"}],"wp:term":[{"taxonomy":"category","embeddable":true,"href":"https:\/\/www.uv.mx\/prensa\/wp-json\/wp\/v2\/categories?post=137066"},{"taxonomy":"post_tag","embeddable":true,"href":"https:\/\/www.uv.mx\/prensa\/wp-json\/wp\/v2\/tags?post=137066"}],"curies":[{"name":"wp","href":"https:\/\/api.w.org\/{rel}","templated":true}]}}