{"id":137122,"date":"2023-11-09T19:26:49","date_gmt":"2023-11-10T01:26:49","guid":{"rendered":"https:\/\/www.uv.mx\/prensa\/?p=137122"},"modified":"2023-11-24T10:35:03","modified_gmt":"2023-11-24T16:35:03","slug":"estudiar-en-la-uv-abre-muchas-puertas-en-el-ambito-laboral","status":"publish","type":"post","link":"https:\/\/www.uv.mx\/prensa\/eventos\/estudiar-en-la-uv-abre-muchas-puertas-en-el-ambito-laboral\/","title":{"rendered":"Estudiar en la UV abre muchas puertas en el \u00e1mbito laboral"},"content":{"rendered":"<ul>\n<li data-leveltext=\"\uf0b7\" data-font=\"Symbol\" data-listid=\"1\" data-list-defn-props=\"{&quot;335552541&quot;:1,&quot;335559684&quot;:-2,&quot;335559685&quot;:720,&quot;335559991&quot;:360,&quot;469769226&quot;:&quot;Symbol&quot;,&quot;469769242&quot;:[8226],&quot;469777803&quot;:&quot;left&quot;,&quot;469777804&quot;:&quot;\uf0b7&quot;,&quot;469777815&quot;:&quot;hybridMultilevel&quot;}\" data-aria-posinset=\"1\" data-aria-level=\"1\"><i><span data-contrast=\"auto\">Egresados de esta casa de estudios expresaron su orgullo por haberse formado en una instituci\u00f3n de renombre a nivel nacional<\/span><\/i><span data-ccp-props=\"{&quot;201341983&quot;:0,&quot;335559739&quot;:0,&quot;335559740&quot;:240}\">\u00a0<\/span><\/li>\n<li data-leveltext=\"\uf0b7\" data-font=\"Symbol\" data-listid=\"1\" data-list-defn-props=\"{&quot;335552541&quot;:1,&quot;335559684&quot;:-2,&quot;335559685&quot;:720,&quot;335559991&quot;:360,&quot;469769226&quot;:&quot;Symbol&quot;,&quot;469769242&quot;:[8226],&quot;469777803&quot;:&quot;left&quot;,&quot;469777804&quot;:&quot;\uf0b7&quot;,&quot;469777815&quot;:&quot;hybridMultilevel&quot;}\" data-aria-posinset=\"2\" data-aria-level=\"1\"><i><span data-contrast=\"auto\">Se llev\u00f3 a cabo la ceremonia especial de egresados de Licenciatura, TSU y Posgrado, del periodo<\/span><\/i> <i><span data-contrast=\"auto\">escolar febrero-julio 2023<\/span><\/i><span data-ccp-props=\"{&quot;201341983&quot;:0,&quot;335559739&quot;:0,&quot;335559740&quot;:240}\">\u00a0<\/span><\/li>\n<\/ul>\n<p><span data-ccp-props=\"{&quot;201341983&quot;:0,&quot;335559739&quot;:0,&quot;335559740&quot;:240}\">\u00a0<\/span><\/p>\n<div id=\"attachment_137123\" style=\"width: 732px\" class=\"wp-caption aligncenter\"><img aria-describedby=\"caption-attachment-137123\" decoding=\"async\" loading=\"lazy\" class=\"size-full wp-image-137123\" src=\"https:\/\/www.uv.mx\/prensa\/files\/2023\/11\/091123-EGRESADOS-1-100k.jpg\" alt=\"Egresados y egresadas manifestaron su orgullo por haberse formado en una instituci\u00f3n educativa como la UV \" width=\"722\" height=\"474\" srcset=\"https:\/\/www.uv.mx\/prensa\/files\/2023\/11\/091123-EGRESADOS-1-100k.jpg 722w, https:\/\/www.uv.mx\/prensa\/files\/2023\/11\/091123-EGRESADOS-1-100k-300x197.jpg 300w\" sizes=\"(max-width: 722px) 100vw, 722px\" \/><p id=\"caption-attachment-137123\" class=\"wp-caption-text\">Egresados y egresadas manifestaron su orgullo por haberse formado en una instituci\u00f3n educativa como la UV<\/p><\/div>\n<p>&nbsp;<\/p>\n<p><b><i><span data-contrast=\"auto\">Claudia Peralta V\u00e1zquez<\/span><\/i><\/b><span data-ccp-props=\"{&quot;201341983&quot;:0,&quot;335559739&quot;:0,&quot;335559740&quot;:240}\">\u00a0<\/span><\/p>\n<p><b><i><span data-contrast=\"auto\">Fotos: Omar Portilla Palacios<\/span><\/i><\/b><span data-ccp-props=\"{&quot;201341983&quot;:0,&quot;335559739&quot;:0,&quot;335559740&quot;:240}\">\u00a0<\/span><\/p>\n<p><span data-ccp-props=\"{&quot;201341983&quot;:0,&quot;335559739&quot;:0,&quot;335559740&quot;:240}\">\u00a0<\/span><b><i><span data-contrast=\"auto\">09\/11\/2023, Xalapa, Ver.- <\/span><\/i><\/b><span data-contrast=\"auto\">Egresados y egresadas de la Universidad Veracruzana (UV) compartieron sus impresiones tras haber concluido su formaci\u00f3n profesional en esta instituci\u00f3n de la cual dijeron sentirse orgullosos, tanto por la calidad educativa recibida como por las oportunidades laborales que empiezan a vislumbrar.<\/span><span data-ccp-props=\"{&quot;201341983&quot;:0,&quot;335559739&quot;:0,&quot;335559740&quot;:240}\">\u00a0<\/span><\/p>\n<p><span data-contrast=\"auto\">El mi\u00e9rcoles 8 de noviembre, la UV realiz\u00f3 la ceremonia especial de egresados de Licenciatura, T\u00e9cnico Superior Universitario (TSU) y Posgrado del periodo escolar febrero-julio 2023, en la Sala de conciertos de Tlaqn\u00e1, Centro Cultural.<\/span><span data-ccp-props=\"{&quot;201341983&quot;:0,&quot;335559739&quot;:0,&quot;335559740&quot;:240}\">\u00a0<\/span><\/p>\n<p><span data-contrast=\"auto\">Dicho evento fue propicio para que los egresados y egresadas expresaran la emoci\u00f3n de participar y recibir un reconocimiento por el logro de este importante objetivo, que los motiva y alienta a seguir adelante en diversos proyectos profesionalizantes y laborales.<\/span><span data-ccp-props=\"{&quot;201341983&quot;:0,&quot;335559739&quot;:0,&quot;335559740&quot;:240}\">\u00a0<\/span><\/p>\n<p><span data-contrast=\"auto\">Guadalupe Virgen Ram\u00f3n, egresada de la Licenciatura en Enfermer\u00eda, fue llamada para recibir, de manos del rector Mart\u00edn Aguilar S\u00e1nchez, una distinci\u00f3n por haber alcanzado el mayor promedio y puntaje global de su generaci\u00f3n.<\/span><span data-ccp-props=\"{&quot;201341983&quot;:0,&quot;335559731&quot;:708,&quot;335559739&quot;:0,&quot;335559740&quot;:240}\">\u00a0<\/span><\/p>\n<p><span data-contrast=\"auto\">Luego de escuchar los merecidos aplausos por parte del p\u00fablico asistente y autoridades universitarias, Guadalupe declar\u00f3 en entrevista lo que signific\u00f3 llegar a este momento, tras una lucha constante donde tuvo que compaginar estudios, familia y trabajo, pues desde hace 19 a\u00f1os colabora como enfermera en el Centro Estatal de Cancerolog\u00eda \u201cMiguel Dorantes Mesa\u201d (<\/span><i><span data-contrast=\"auto\">Cecan<\/span><\/i><span data-contrast=\"auto\">).<\/span><span data-ccp-props=\"{&quot;201341983&quot;:0,&quot;335559731&quot;:708,&quot;335559739&quot;:0,&quot;335559740&quot;:240}\">\u00a0<\/span><\/p>\n<p><span data-contrast=\"auto\">Eligi\u00f3 la enfermer\u00eda por ser una noble profesi\u00f3n donde tiene contacto con la gente y con el humanismo pues, dijo, ayudar a quienes m\u00e1s lo necesitan es algo que le llena y enorgullece; particularmente, sus padres siempre quisieron tener una enfermera en casa.<\/span><span data-ccp-props=\"{&quot;201341983&quot;:0,&quot;335559731&quot;:708,&quot;335559739&quot;:0,&quot;335559740&quot;:240}\">\u00a0<\/span><\/p>\n<p><span data-contrast=\"auto\">Al inicio de su carrera t\u00e9cnica en la regi\u00f3n Veracruz, lamentablemente tuvo un accidente que la oblig\u00f3 a frenar su educaci\u00f3n, misma que logr\u00f3 retomar m\u00e1s adelante.<\/span><span data-ccp-props=\"{&quot;201341983&quot;:0,&quot;335559731&quot;:708,&quot;335559739&quot;:0,&quot;335559740&quot;:240}\">\u00a0<\/span><\/p>\n<p><span data-contrast=\"auto\">\u201cHoy estoy aqu\u00ed recibiendo este reconocimiento por mi promedio, estoy ech\u00e1ndole muchas ganas, atendiendo a una familia y saliendo adelante. Es un reto cumplido y estoy muy orgullosa.\u201d<\/span><span data-ccp-props=\"{&quot;201341983&quot;:0,&quot;335559731&quot;:708,&quot;335559739&quot;:0,&quot;335559740&quot;:240}\">\u00a0<\/span><\/p>\n<p><span data-contrast=\"auto\">El periodo culminado no fue f\u00e1cil ya que como madre de familia tuvo que dejar a sus hijos para salir a estudiar y trabajar, por lo que expres\u00f3: \u201cInvito a mis compa\u00f1eros y compa\u00f1eras a concluir la carrera, a echarle muchas ganas porque s\u00ed se puede\u201d.<\/span><span data-ccp-props=\"{&quot;201341983&quot;:0,&quot;335559731&quot;:708,&quot;335559739&quot;:0,&quot;335559740&quot;:240}\">\u00a0<\/span><\/p>\n<p><span data-contrast=\"auto\">Para Carolina L\u00f3pez Velarde Avenda\u00f1o, proveniente de Aguascalientes y quien estudia la Licenciatura en Educaci\u00f3n Art\u00edstica, modalidad virtual, ha sido la mejor experiencia acad\u00e9mica.<\/span><span data-ccp-props=\"{&quot;201341983&quot;:0,&quot;335559731&quot;:708,&quot;335559739&quot;:0,&quot;335559740&quot;:240}\">\u00a0<\/span><\/p>\n<p><span data-contrast=\"auto\">\u201cFue algo innovador, al principio batall\u00e9 para adaptarme a la virtualidad, pero poco a poco me sent\u00ed m\u00e1s familiarizada, me gust\u00f3 porque es flexible y pude acomodar mis horarios laborales y viajes de trabajo, eso me facilit\u00f3 la vida durante los tres a\u00f1os que dur\u00f3 la carrera.\u201d<\/span><span data-ccp-props=\"{&quot;201341983&quot;:0,&quot;335559731&quot;:708,&quot;335559739&quot;:0,&quot;335559740&quot;:240}\">\u00a0<\/span><\/p>\n<p><span data-contrast=\"auto\">En su ciudad y estado natal, este t\u00edtulo le abri\u00f3 m\u00e1s puertas en lo laboral, pues el egresar de la UV pesa mucho en cualquier parte del pa\u00eds. Actualmente colabora como docente de M\u00fasica en la Universidad de las Artes en Aguascalientes, donde imparte las materias Corno Franc\u00e9s y Creatividad.<\/span><span data-ccp-props=\"{&quot;201341983&quot;:0,&quot;335559731&quot;:708,&quot;335559739&quot;:0,&quot;335559740&quot;:240}\">\u00a0<\/span><\/p>\n<p><span data-contrast=\"auto\">\u201cHa sido la mejor experiencia acad\u00e9mica que he tenido, en un futuro habr\u00e1 m\u00e1s frutos, esto s\u00f3lo es el comienzo\u201d, comparti\u00f3.<\/span><span data-ccp-props=\"{&quot;201341983&quot;:0,&quot;335559731&quot;:708,&quot;335559739&quot;:0,&quot;335559740&quot;:240}\">\u00a0<\/span><\/p>\n<p><span data-contrast=\"auto\">Juan Carlos Viveros Acosta, egresado del programa educativo (PE) de Administraci\u00f3n, tambi\u00e9n se mostr\u00f3 satisfecho de concluir sus estudios de licenciatura.<\/span><\/p>\n<div id=\"attachment_137124\" style=\"width: 732px\" class=\"wp-caption aligncenter\"><img aria-describedby=\"caption-attachment-137124\" decoding=\"async\" loading=\"lazy\" class=\"size-full wp-image-137124\" src=\"https:\/\/www.uv.mx\/prensa\/files\/2023\/11\/091123-EGRESADOS-2-100k.jpg\" alt=\"Los j\u00f3venes participaron en la ceremonia especial de egresados de Licenciatura, TSU y Posgrado, periodo escolar febrero-julio 2023 \" width=\"722\" height=\"466\" srcset=\"https:\/\/www.uv.mx\/prensa\/files\/2023\/11\/091123-EGRESADOS-2-100k.jpg 722w, https:\/\/www.uv.mx\/prensa\/files\/2023\/11\/091123-EGRESADOS-2-100k-300x194.jpg 300w\" sizes=\"(max-width: 722px) 100vw, 722px\" \/><p id=\"caption-attachment-137124\" class=\"wp-caption-text\">Los j\u00f3venes participaron en la ceremonia especial de egresados de Licenciatura, TSU y Posgrado, periodo escolar febrero-julio 2023<\/p><\/div>\n<p>&nbsp;<\/p>\n<p><span data-contrast=\"auto\">\u201cMis expectativas laborales son muy altas, a cada lugar al que acudo siempre me encuentro con egresados de generaciones pasadas, es muy satisfactorio el hecho de ser UV.\u201d<\/span><span data-ccp-props=\"{&quot;201341983&quot;:0,&quot;335559731&quot;:708,&quot;335559739&quot;:0,&quot;335559740&quot;:240}\">\u00a0<\/span><\/p>\n<p><span data-contrast=\"auto\">Su deseo es colocarse en un puesto administrativo en alguna dependencia importante, pero no descarta la opci\u00f3n de emprender un negocio.<\/span><span data-ccp-props=\"{&quot;201341983&quot;:0,&quot;335559731&quot;:708,&quot;335559739&quot;:0,&quot;335559740&quot;:240}\">\u00a0<\/span><\/p>\n<p><span data-contrast=\"auto\">Coment\u00f3 que, a pesar del confinamiento por la pandemia, el proceso de ense\u00f1anza-aprendizaje fue \u00f3ptimo, \u201cnunca se nos complic\u00f3 atender las materias y recibir la orientaci\u00f3n de maestros\u201d.<\/span><span data-ccp-props=\"{&quot;201341983&quot;:0,&quot;335559731&quot;:708,&quot;335559739&quot;:0,&quot;335559740&quot;:240}\">\u00a0<\/span><\/p>\n<p><span data-contrast=\"auto\">Ismael Aparicio Mart\u00ednez, del PE de Ingenier\u00eda en Instrumentaci\u00f3n Electr\u00f3nica, celebr\u00f3 el desarrollo de un evento especial para egresados.<\/span><span data-ccp-props=\"{&quot;201341983&quot;:0,&quot;335559731&quot;:708,&quot;335559739&quot;:0,&quot;335559740&quot;:240}\">\u00a0<\/span><\/p>\n<p><span data-contrast=\"auto\">\u201cEste encuentro me parece muy interesante porque es una manera de celebrar que hemos concluido nuestra carrera, me siento feliz, aprend\u00ed mucho en la UV.\u201d<\/span><span data-ccp-props=\"{&quot;201341983&quot;:0,&quot;335559731&quot;:708,&quot;335559739&quot;:0,&quot;335559740&quot;:240}\">\u00a0<\/span><\/p>\n<p><span data-contrast=\"auto\">Planea seguir su crecimiento profesional, y aunque a veces no es f\u00e1cil conseguir empleo, conf\u00eda en hallar una buena oportunidad para desempe\u00f1arse dentro de la ingenier\u00eda.<\/span><span data-ccp-props=\"{&quot;201341983&quot;:0,&quot;335559731&quot;:708,&quot;335559739&quot;:0,&quot;335559740&quot;:240}\">\u00a0<\/span><\/p>\n<p><span data-contrast=\"auto\">En julio pasado, Aurora Espinoza Lara present\u00f3 su examen profesional de la Licenciatura en Ense\u00f1anza del Ingl\u00e9s, modalidad virtual.<\/span><span data-ccp-props=\"{&quot;201341983&quot;:0,&quot;335559731&quot;:708,&quot;335559739&quot;:0,&quot;335559740&quot;:240}\">\u00a0<\/span><\/p>\n<p><span data-contrast=\"auto\">\u201cEstoy muy orgullosa de mi casa de estudios, es la segunda licenciatura que curso bajo esta modalidad, me permiti\u00f3 trabajar y estar en mi hogar al mismo tiempo, reconozco la calidad de los docentes que siempre fueron abiertos y amables para escucharme.\u201d<\/span><span data-ccp-props=\"{&quot;201341983&quot;:0,&quot;335559731&quot;:708,&quot;335559739&quot;:0,&quot;335559740&quot;:240}\">\u00a0<\/span><\/p>\n<p><span data-contrast=\"auto\">Ahora, como egresado, Francisco Javier L\u00f3pez Rivera, del PE de Administraci\u00f3n, est\u00e1 dispuesto a afrontar nuevos retos, tanto en lo personal como en lo profesional.<\/span><span data-ccp-props=\"{&quot;201341983&quot;:0,&quot;335559731&quot;:708,&quot;335559739&quot;:0,&quot;335559740&quot;:240}\">\u00a0<\/span><\/p>\n<p><span data-contrast=\"auto\">\u201cEl estudio siempre valdr\u00e1 la pena, es bueno superarse y salir adelante, as\u00ed como de nuestra zona de confort\u201d, dijo.<\/span><span data-ccp-props=\"{&quot;201341983&quot;:0,&quot;335559731&quot;:708,&quot;335559739&quot;:0,&quot;335559740&quot;:240}\">\u00a0<\/span><\/p>\n<p><span data-contrast=\"auto\">En tanto, Beatriz Nayeli Guzm\u00e1n Cabrera, de Biolog\u00eda, ingres\u00f3 recientemente a la Especializaci\u00f3n en M\u00e9todos Estad\u00edsticos de la UV. Est\u00e1 segura de que este nuevo t\u00edtulo le abrir\u00e1 m\u00e1s puertas, pues tiene la intenci\u00f3n de cursar otros posgrados, la investigaci\u00f3n es algo que siempre llam\u00f3 su atenci\u00f3n.<\/span><span data-ccp-props=\"{&quot;201341983&quot;:0,&quot;335559731&quot;:708,&quot;335559739&quot;:0,&quot;335559740&quot;:240}\">\u00a0<\/span><\/p>\n<p><span data-contrast=\"auto\">\u201cEstuve en el \u00e1rea de Biomedicina, en el Instituto de Neuroetolog\u00eda UV, donde desarroll\u00e9 mi proyecto de tesis. M\u00e1s adelante me gustar\u00eda realizar un posgrado en otros campos.\u201d<\/span><span data-ccp-props=\"{&quot;201341983&quot;:0,&quot;335559731&quot;:708,&quot;335559739&quot;:0,&quot;335559740&quot;:240}\">\u00a0<\/span><\/p>\n<p><span data-contrast=\"auto\">Jorge Luis Arroyo Neri, egresado del Doctorado en Matem\u00e1ticas y quien actualmente es docente en la Facultad de Matem\u00e1ticas, recibi\u00f3 tambi\u00e9n un reconocimiento por haber alcanzado el m\u00e1ximo promedio de su generaci\u00f3n.<\/span><span data-ccp-props=\"{&quot;201341983&quot;:0,&quot;335559731&quot;:708,&quot;335559739&quot;:0,&quot;335559740&quot;:240}\">\u00a0<\/span><\/p>\n<p><span data-contrast=\"auto\">\u201cMe siento satisfecho por haber cursado mis estudios de licenciatura y posgrado en la UV, agradecido con mis profesores de la Facultad y ahora compa\u00f1eros de trabajo.\u201d<\/span><span data-ccp-props=\"{&quot;201341983&quot;:0,&quot;335559731&quot;:708,&quot;335559739&quot;:0,&quot;335559740&quot;:240}\">\u00a0<\/span><\/p>\n","protected":false},"excerpt":{"rendered":"<p>Egresados y egresadas compartieron sus expectativas personales y laborales tras haber concluido su formaci\u00f3n profesional en esta casa de estudios <\/p>\n","protected":false},"author":1775,"featured_media":137125,"comment_status":"closed","ping_status":"closed","sticky":false,"template":"","format":"standard","meta":[],"categories":[47,61,5174],"tags":[282,1150,1976,1975,14509,4163,13927,69,6625,4495,777,14512,13316,14513,14511,6462,13128,14510,83,506,10631,1605,6698],"_links":{"self":[{"href":"https:\/\/www.uv.mx\/prensa\/wp-json\/wp\/v2\/posts\/137122"}],"collection":[{"href":"https:\/\/www.uv.mx\/prensa\/wp-json\/wp\/v2\/posts"}],"about":[{"href":"https:\/\/www.uv.mx\/prensa\/wp-json\/wp\/v2\/types\/post"}],"author":[{"embeddable":true,"href":"https:\/\/www.uv.mx\/prensa\/wp-json\/wp\/v2\/users\/1775"}],"replies":[{"embeddable":true,"href":"https:\/\/www.uv.mx\/prensa\/wp-json\/wp\/v2\/comments?post=137122"}],"version-history":[{"count":1,"href":"https:\/\/www.uv.mx\/prensa\/wp-json\/wp\/v2\/posts\/137122\/revisions"}],"predecessor-version":[{"id":137127,"href":"https:\/\/www.uv.mx\/prensa\/wp-json\/wp\/v2\/posts\/137122\/revisions\/137127"}],"wp:featuredmedia":[{"embeddable":true,"href":"https:\/\/www.uv.mx\/prensa\/wp-json\/wp\/v2\/media\/137125"}],"wp:attachment":[{"href":"https:\/\/www.uv.mx\/prensa\/wp-json\/wp\/v2\/media?parent=137122"}],"wp:term":[{"taxonomy":"category","embeddable":true,"href":"https:\/\/www.uv.mx\/prensa\/wp-json\/wp\/v2\/categories?post=137122"},{"taxonomy":"post_tag","embeddable":true,"href":"https:\/\/www.uv.mx\/prensa\/wp-json\/wp\/v2\/tags?post=137122"}],"curies":[{"name":"wp","href":"https:\/\/api.w.org\/{rel}","templated":true}]}}