{"id":137226,"date":"2023-11-13T17:58:45","date_gmt":"2023-11-13T23:58:45","guid":{"rendered":"https:\/\/www.uv.mx\/prensa\/?p=137226"},"modified":"2023-11-13T17:58:45","modified_gmt":"2023-11-13T23:58:45","slug":"uv-realizo-primer-encuentro-estatal-de-centros-de-idiomas","status":"publish","type":"post","link":"https:\/\/www.uv.mx\/prensa\/regiones\/uv-realizo-primer-encuentro-estatal-de-centros-de-idiomas\/","title":{"rendered":"UV realiz\u00f3 Primer Encuentro Estatal de Centros de Idiomas"},"content":{"rendered":"<ul>\n<li data-leveltext=\"\uf0b7\" data-font=\"Symbol\" data-listid=\"3\" data-list-defn-props=\"{&quot;335552541&quot;:1,&quot;335559684&quot;:-2,&quot;335559685&quot;:720,&quot;335559991&quot;:360,&quot;469769226&quot;:&quot;Symbol&quot;,&quot;469769242&quot;:[8226],&quot;469777803&quot;:&quot;left&quot;,&quot;469777804&quot;:&quot;\uf0b7&quot;,&quot;469777815&quot;:&quot;hybridMultilevel&quot;}\" data-aria-posinset=\"1\" data-aria-level=\"1\"><i><span data-contrast=\"auto\">En la regi\u00f3n Veracruz, coordinadores y acad\u00e9micos disertaron en torno a la innovaci\u00f3n en la ense\u00f1anza de las lenguas<\/span><\/i><span data-ccp-props=\"{&quot;134233279&quot;:true,&quot;201341983&quot;:0,&quot;335559739&quot;:0,&quot;335559740&quot;:240}\">\u00a0<\/span><\/li>\n<li data-leveltext=\"\uf0b7\" data-font=\"Symbol\" data-listid=\"3\" data-list-defn-props=\"{&quot;335552541&quot;:1,&quot;335559684&quot;:-2,&quot;335559685&quot;:720,&quot;335559991&quot;:360,&quot;469769226&quot;:&quot;Symbol&quot;,&quot;469769242&quot;:[8226],&quot;469777803&quot;:&quot;left&quot;,&quot;469777804&quot;:&quot;\uf0b7&quot;,&quot;469777815&quot;:&quot;hybridMultilevel&quot;}\" data-aria-posinset=\"2\" data-aria-level=\"1\"><i><span data-contrast=\"auto\">A trav\u00e9s de ponencias, talleres y mesas de discusi\u00f3n, abordaron temas como inteligencia artificial, inclusi\u00f3n, internacionalizaci\u00f3n y equidad<\/span><\/i><span data-ccp-props=\"{&quot;134233279&quot;:true,&quot;201341983&quot;:0,&quot;335559739&quot;:0,&quot;335559740&quot;:240}\">\u00a0<\/span><\/li>\n<\/ul>\n<p><span data-ccp-props=\"{&quot;134233279&quot;:true,&quot;201341983&quot;:0,&quot;335559739&quot;:0,&quot;335559740&quot;:240}\">\u00a0<\/span><\/p>\n<div id=\"attachment_137159\" style=\"width: 732px\" class=\"wp-caption aligncenter\"><img aria-describedby=\"caption-attachment-137159\" decoding=\"async\" loading=\"lazy\" class=\"size-full wp-image-137159\" src=\"https:\/\/www.uv.mx\/prensa\/files\/2023\/11\/101123-Shuguey-Veracruz-Primer-Encuentro-Centros-Idiomas-1.jpg\" alt=\"\" width=\"722\" height=\"359\" srcset=\"https:\/\/www.uv.mx\/prensa\/files\/2023\/11\/101123-Shuguey-Veracruz-Primer-Encuentro-Centros-Idiomas-1.jpg 722w, https:\/\/www.uv.mx\/prensa\/files\/2023\/11\/101123-Shuguey-Veracruz-Primer-Encuentro-Centros-Idiomas-1-300x149.jpg 300w\" sizes=\"(max-width: 722px) 100vw, 722px\" \/><p id=\"caption-attachment-137159\" class=\"wp-caption-text\">utoridades y asistentes en Primer Encuentro de Centros de Idiomas<\/p><\/div>\n<p><span data-ccp-props=\"{&quot;134233279&quot;:true,&quot;201341983&quot;:0,&quot;335559739&quot;:0,&quot;335559740&quot;:240}\">\u00a0<\/span><\/p>\n<p><b><i><span data-contrast=\"auto\">Shuguey Enr\u00edquez Ambell y Blanca Gonz\u00e1lez Morales<\/span><\/i><\/b><span data-ccp-props=\"{&quot;134233279&quot;:true,&quot;201341983&quot;:0,&quot;335559739&quot;:0,&quot;335559740&quot;:240}\">\u00a0<\/span><\/p>\n<p><b><i><span data-contrast=\"auto\">Fotos: Aracely Hern\u00e1ndez Rodr\u00edguez<\/span><\/i><\/b><span data-ccp-props=\"{&quot;134233279&quot;:true,&quot;201341983&quot;:0,&quot;335559739&quot;:0,&quot;335559740&quot;:240}\">\u00a0<\/span><\/p>\n<p><b><i><span data-contrast=\"auto\">13\/11\/2023, Boca del R\u00edo, Ver.-<\/span><\/i><\/b><span data-contrast=\"auto\"> La Unidad de Servicios Bibliotecarios y de Informaci\u00f3n de la Universidad Veracruzana (UV), fue sede del Primer Encuentro Estatal de Centros de Idiomas de esta casa de estudios, cuyo tema central fue \u201cLa innovaci\u00f3n en la ense\u00f1anza de las lenguas\u201d.<\/span><span data-ccp-props=\"{&quot;134233279&quot;:true,&quot;201341983&quot;:0,&quot;335559739&quot;:0,&quot;335559740&quot;:240}\">\u00a0<\/span><\/p>\n<p><span data-contrast=\"auto\">Se realizaron ponencias, talleres y mesas de discusi\u00f3n sobre temas relacionados con la ense\u00f1anza de idiomas en el contexto actual, entre ellos: inteligencia artificial, inclusi\u00f3n, internacionalizaci\u00f3n y equidad.<\/span><span data-ccp-props=\"{&quot;134233279&quot;:true,&quot;201341983&quot;:0,&quot;335559739&quot;:0,&quot;335559740&quot;:240}\">\u00a0<\/span><\/p>\n<p>&nbsp;<\/p>\n<div id=\"attachment_137160\" style=\"width: 732px\" class=\"wp-caption aligncenter\"><img aria-describedby=\"caption-attachment-137160\" decoding=\"async\" loading=\"lazy\" class=\"size-full wp-image-137160\" src=\"https:\/\/www.uv.mx\/prensa\/files\/2023\/11\/101123-Shuguey-Veracruz-Primer-Encuentro-Centros-Idiomas-2.jpg\" alt=\"\" width=\"722\" height=\"440\" srcset=\"https:\/\/www.uv.mx\/prensa\/files\/2023\/11\/101123-Shuguey-Veracruz-Primer-Encuentro-Centros-Idiomas-2.jpg 722w, https:\/\/www.uv.mx\/prensa\/files\/2023\/11\/101123-Shuguey-Veracruz-Primer-Encuentro-Centros-Idiomas-2-300x183.jpg 300w\" sizes=\"(max-width: 722px) 100vw, 722px\" \/><p id=\"caption-attachment-137160\" class=\"wp-caption-text\">Mario Oliva Su\u00e1rez, director general de Relaciones Internacionales, durante el acto inaugural<\/p><\/div>\n<p>&nbsp;<\/p>\n<p><span data-contrast=\"auto\">La inauguraci\u00f3n estuvo a cargo de Mario de Jes\u00fas Oliva Su\u00e1rez, director general de Relaciones Internacionales de la UV, quien destac\u00f3 que los temas abordados en el encuentro permitir\u00e1n trabajar en la capacitaci\u00f3n y superaci\u00f3n del personal de los Centros de Idiomas (CI) y Autoacceso de la instituci\u00f3n.<\/span><span data-ccp-props=\"{&quot;134233279&quot;:true,&quot;201341983&quot;:0,&quot;335559739&quot;:0,&quot;335559740&quot;:240}\">\u00a0<\/span><\/p>\n<p><span data-contrast=\"auto\">Por su parte, Adriana Abad Flores Cano, directora de los CI, subray\u00f3 que los seis centros universitarios no deben estar aislados: \u201cNadie es m\u00e1s fuerte que todos juntos; trabajar en equipo, en red, es lo que nos debe distinguir\u201d.<\/span><span data-ccp-props=\"{&quot;134233279&quot;:true,&quot;201341983&quot;:0,&quot;335559739&quot;:0,&quot;335559740&quot;:240}\">\u00a0<\/span><\/p>\n<p>&nbsp;<\/p>\n<div id=\"attachment_137161\" style=\"width: 732px\" class=\"wp-caption aligncenter\"><img aria-describedby=\"caption-attachment-137161\" decoding=\"async\" loading=\"lazy\" class=\"size-full wp-image-137161\" src=\"https:\/\/www.uv.mx\/prensa\/files\/2023\/11\/101123-Shuguey-Veracruz-Primer-Encuentro-Centros-Idiomas-3.jpg\" alt=\"\" width=\"722\" height=\"383\" srcset=\"https:\/\/www.uv.mx\/prensa\/files\/2023\/11\/101123-Shuguey-Veracruz-Primer-Encuentro-Centros-Idiomas-3.jpg 722w, https:\/\/www.uv.mx\/prensa\/files\/2023\/11\/101123-Shuguey-Veracruz-Primer-Encuentro-Centros-Idiomas-3-300x159.jpg 300w\" sizes=\"(max-width: 722px) 100vw, 722px\" \/><p id=\"caption-attachment-137161\" class=\"wp-caption-text\">Actividades del Primer Encuentro de Centros de Idiomas de la UV<\/p><\/div>\n<p>&nbsp;<\/p>\n<p><span data-contrast=\"auto\">En representaci\u00f3n del vicerrector Rub\u00e9n Edel Navarro, la secretaria Acad\u00e9mica regional, Claudia Beatriz Enr\u00edquez Hern\u00e1ndez, dio la bienvenida a los coordinadores y acad\u00e9micos participantes. Destac\u00f3 que el encuentro permitir\u00e1 la vinculaci\u00f3n y el intercambio de experiencias y conocimientos entre los CI.<\/span><span data-ccp-props=\"{&quot;134233279&quot;:true,&quot;201341983&quot;:0,&quot;335559739&quot;:0,&quot;335559740&quot;:240}\">\u00a0<\/span><\/p>\n<p><span data-contrast=\"auto\">En el pres\u00eddium estuvieron: Celia Magdalena S\u00e1nchez Sosa y Rosa Sampieri Marini, coordinadora y administradora del CI de la regi\u00f3n Veracruz, respectivamente.<\/span><\/p>\n<div id=\"attachment_137162\" style=\"width: 732px\" class=\"wp-caption aligncenter\"><img aria-describedby=\"caption-attachment-137162\" decoding=\"async\" loading=\"lazy\" class=\"size-full wp-image-137162\" src=\"https:\/\/www.uv.mx\/prensa\/files\/2023\/11\/101123-Shuguey-Veracruz-Primer-Encuentro-Centros-Idiomas-4.jpg\" alt=\"\" width=\"722\" height=\"451\" srcset=\"https:\/\/www.uv.mx\/prensa\/files\/2023\/11\/101123-Shuguey-Veracruz-Primer-Encuentro-Centros-Idiomas-4.jpg 722w, https:\/\/www.uv.mx\/prensa\/files\/2023\/11\/101123-Shuguey-Veracruz-Primer-Encuentro-Centros-Idiomas-4-300x187.jpg 300w, https:\/\/www.uv.mx\/prensa\/files\/2023\/11\/101123-Shuguey-Veracruz-Primer-Encuentro-Centros-Idiomas-4-200x125.jpg 200w\" sizes=\"(max-width: 722px) 100vw, 722px\" \/><p id=\"caption-attachment-137162\" class=\"wp-caption-text\">En representaci\u00f3n del vicerrector Rub\u00e9n Edel Navarro, Claudia Beatriz Enr\u00edquez Hern\u00e1ndez, secretaria Acad\u00e9mica, ofreci\u00f3 un mensaje de bienvenida<\/p><\/div>\n","protected":false},"excerpt":{"rendered":"<p>Coordinadores y acad\u00e9micos intercambiaron experiencias y conocimientos sobre la innovaci\u00f3n en la ense\u00f1anza de las lenguas; abordaron temas como inteligencia artificial, inclusi\u00f3n, internacionalizaci\u00f3n y equidad\u00a0<\/p>\n","protected":false},"author":2349,"featured_media":137163,"comment_status":"closed","ping_status":"closed","sticky":false,"template":"","format":"standard","meta":[],"categories":[47,8455,61,5174,32,55],"tags":[5542,10333,4241,246,14547,14546,4974,269],"_links":{"self":[{"href":"https:\/\/www.uv.mx\/prensa\/wp-json\/wp\/v2\/posts\/137226"}],"collection":[{"href":"https:\/\/www.uv.mx\/prensa\/wp-json\/wp\/v2\/posts"}],"about":[{"href":"https:\/\/www.uv.mx\/prensa\/wp-json\/wp\/v2\/types\/post"}],"author":[{"embeddable":true,"href":"https:\/\/www.uv.mx\/prensa\/wp-json\/wp\/v2\/users\/2349"}],"replies":[{"embeddable":true,"href":"https:\/\/www.uv.mx\/prensa\/wp-json\/wp\/v2\/comments?post=137226"}],"version-history":[{"count":1,"href":"https:\/\/www.uv.mx\/prensa\/wp-json\/wp\/v2\/posts\/137226\/revisions"}],"predecessor-version":[{"id":137234,"href":"https:\/\/www.uv.mx\/prensa\/wp-json\/wp\/v2\/posts\/137226\/revisions\/137234"}],"wp:featuredmedia":[{"embeddable":true,"href":"https:\/\/www.uv.mx\/prensa\/wp-json\/wp\/v2\/media\/137163"}],"wp:attachment":[{"href":"https:\/\/www.uv.mx\/prensa\/wp-json\/wp\/v2\/media?parent=137226"}],"wp:term":[{"taxonomy":"category","embeddable":true,"href":"https:\/\/www.uv.mx\/prensa\/wp-json\/wp\/v2\/categories?post=137226"},{"taxonomy":"post_tag","embeddable":true,"href":"https:\/\/www.uv.mx\/prensa\/wp-json\/wp\/v2\/tags?post=137226"}],"curies":[{"name":"wp","href":"https:\/\/api.w.org\/{rel}","templated":true}]}}