{"id":137544,"date":"2023-11-22T20:34:44","date_gmt":"2023-11-23T02:34:44","guid":{"rendered":"https:\/\/www.uv.mx\/prensa\/?p=137544"},"modified":"2023-11-22T20:34:44","modified_gmt":"2023-11-23T02:34:44","slug":"es-fundamental-descolonizar-la-historia-pedro-perez-herrero","status":"publish","type":"post","link":"https:\/\/www.uv.mx\/prensa\/cultura\/es-fundamental-descolonizar-la-historia-pedro-perez-herrero\/","title":{"rendered":"Es fundamental descolonizar la historia: Pedro P\u00e9rez Herrero"},"content":{"rendered":"<ul>\n<li data-leveltext=\"\uf0b7\" data-font=\"Symbol\" data-listid=\"6\" data-list-defn-props=\"{&quot;335552541&quot;:1,&quot;335559684&quot;:-2,&quot;335559685&quot;:720,&quot;335559991&quot;:360,&quot;469769226&quot;:&quot;Symbol&quot;,&quot;469769242&quot;:[8226],&quot;469777803&quot;:&quot;left&quot;,&quot;469777804&quot;:&quot;\uf0b7&quot;,&quot;469777815&quot;:&quot;hybridMultilevel&quot;}\" data-aria-posinset=\"1\" data-aria-level=\"1\"><i><span data-contrast=\"auto\">El docente espa\u00f1ol imparti\u00f3 una conferencia magistral a estudiantes de la Universidad Veracruzana<\/span><\/i><span data-ccp-props=\"{}\">\u00a0<\/span><\/li>\n<li data-leveltext=\"\uf0b7\" data-font=\"Symbol\" data-listid=\"6\" data-list-defn-props=\"{&quot;335552541&quot;:1,&quot;335559684&quot;:-2,&quot;335559685&quot;:720,&quot;335559991&quot;:360,&quot;469769226&quot;:&quot;Symbol&quot;,&quot;469769242&quot;:[8226],&quot;469777803&quot;:&quot;left&quot;,&quot;469777804&quot;:&quot;\uf0b7&quot;,&quot;469777815&quot;:&quot;hybridMultilevel&quot;}\" data-aria-posinset=\"2\" data-aria-level=\"1\"><i><span data-contrast=\"auto\">El catedr\u00e1tico enfatiz\u00f3 que cada pa\u00eds tiene su propio discurso hist\u00f3rico y no debe copiarlo de nadie<\/span><\/i><span data-ccp-props=\"{}\">\u00a0<\/span><\/li>\n<\/ul>\n<p><span data-ccp-props=\"{}\">\u00a0<\/span><\/p>\n<div id=\"attachment_137515\" style=\"width: 732px\" class=\"wp-caption aligncenter\"><img aria-describedby=\"caption-attachment-137515\" decoding=\"async\" loading=\"lazy\" class=\"size-full wp-image-137515\" src=\"https:\/\/www.uv.mx\/prensa\/files\/2023\/11\/221123-CARLOS-Mundo-Globalizado-1.jpg\" alt=\"\" width=\"722\" height=\"430\" srcset=\"https:\/\/www.uv.mx\/prensa\/files\/2023\/11\/221123-CARLOS-Mundo-Globalizado-1.jpg 722w, https:\/\/www.uv.mx\/prensa\/files\/2023\/11\/221123-CARLOS-Mundo-Globalizado-1-300x179.jpg 300w\" sizes=\"(max-width: 722px) 100vw, 722px\" \/><p id=\"caption-attachment-137515\" class=\"wp-caption-text\">Pedro P\u00e9rez Herrero estuvo acompa\u00f1ado por directivos de la Facultad de Historia<\/p><\/div>\n<p><span data-ccp-props=\"{}\">\u00a0<\/span><\/p>\n<p><b><i><span data-contrast=\"auto\">Carlos Hugo Hermida Rosales<\/span><\/i><\/b><span data-ccp-props=\"{}\">\u00a0<\/span><\/p>\n<p><b><i><span data-contrast=\"auto\">Fotos: C\u00e9sar Pisil Ramos<\/span><\/i><\/b><span data-ccp-props=\"{}\">\u00a0<\/span><\/p>\n<p><b><i><span data-contrast=\"auto\">22\/11\/2023, Xalapa, Ver.-<\/span><\/i><\/b><span data-contrast=\"auto\"> \u201cEs fundamental descolonizar la historia, pues es inapropiado seguir con un modelo explicativo basado en occidente; Europa no es el centro de nada, pero el continente invent\u00f3 un guion cinematogr\u00e1fico que incluye movimientos independentistas y reg\u00edmenes democr\u00e1ticos para nombrar a un pa\u00eds civilizado\u201d, declar\u00f3 Pedro P\u00e9rez Herrero, docente e investigador de la Universidad de Alcal\u00e1, Espa\u00f1a.<\/span><span data-ccp-props=\"{}\">\u00a0<\/span><\/p>\n<p><span data-contrast=\"auto\">El catedr\u00e1tico imparti\u00f3 la conferencia magistral \u201c\u00bfQu\u00e9 historias se deben aprender en un mundo globalizado?\u201d, en el Sal\u00f3n Azul de la Unidad Acad\u00e9mica de Humanidades de la Universidad Veracruzana (UV).<\/span><span data-ccp-props=\"{&quot;335559731&quot;:708}\">\u00a0<\/span><\/p>\n<p><span data-contrast=\"auto\">En este evento dirigido a estudiantes de la Facultad de Historia, el ponente explic\u00f3 que la profesionalizaci\u00f3n de esta disciplina comenz\u00f3 en el siglo XIX con el invento del Estado-naci\u00f3n, porque su principal tarea era construir un relato para legitimarlo.\u00a0<\/span><span data-ccp-props=\"{&quot;335559731&quot;:708}\">\u00a0<\/span><\/p>\n<p><span data-contrast=\"auto\">A su vez, sus profesionistas fueron esenciales en el desarrollo del nacionalismo, movimiento identitario de odio contra el otro, que crea un enemigo allende las fronteras, a fin de unir a las personas que viven dentro de ellas.<\/span><span data-ccp-props=\"{&quot;335559731&quot;:708}\">\u00a0<\/span><\/p>\n<p><span data-contrast=\"auto\">P\u00e9rez Herrero manifest\u00f3 que los historiadores del siglo XXI tienen el reto de salir de los contextos impuestos, y dejar de dividir a la disciplina en antigua, moderna y contempor\u00e1nea.\u00a0<\/span><span data-ccp-props=\"{&quot;335559731&quot;:708}\">\u00a0<\/span><\/p>\n<p><span data-contrast=\"auto\">\u201cEl final de la historia no existe, comienza todos los d\u00edas, y el que la estudia requiere trabajar y sumar a la construcci\u00f3n de una sociedad digna\u201d, mencion\u00f3.<\/span><\/p>\n<p>&nbsp;<\/p>\n<div id=\"attachment_137516\" style=\"width: 732px\" class=\"wp-caption aligncenter\"><img aria-describedby=\"caption-attachment-137516\" decoding=\"async\" loading=\"lazy\" class=\"size-full wp-image-137516\" src=\"https:\/\/www.uv.mx\/prensa\/files\/2023\/11\/221123-CARLOS-Mundo-Globalizado-2.jpg\" alt=\"\" width=\"722\" height=\"393\" srcset=\"https:\/\/www.uv.mx\/prensa\/files\/2023\/11\/221123-CARLOS-Mundo-Globalizado-2.jpg 722w, https:\/\/www.uv.mx\/prensa\/files\/2023\/11\/221123-CARLOS-Mundo-Globalizado-2-300x163.jpg 300w\" sizes=\"(max-width: 722px) 100vw, 722px\" \/><p id=\"caption-attachment-137516\" class=\"wp-caption-text\">Los estudiantes tuvieron la oportunidad de expresar sus dudas al investigador<\/p><\/div>\n<p>&nbsp;<\/p>\n<p><span data-contrast=\"auto\">Asegur\u00f3 que el mundo precisa de historiadores, quienes a trav\u00e9s de su labor visibilicen el odio, las guerras y la violencia producidos por la ambici\u00f3n y codicia humana.<\/span><span data-ccp-props=\"{&quot;335559731&quot;:708}\">\u00a0<\/span><\/p>\n<p><span data-contrast=\"auto\">El futuro est\u00e1 en manos de los j\u00f3venes, ellos son los encargados de establecer nuevos temas de investigaci\u00f3n y los profesores necesitan guiarlos en el proceso, sin jam\u00e1s dejar de aprender en el camino.<\/span><span data-ccp-props=\"{&quot;335559731&quot;:708}\">\u00a0<\/span><\/p>\n<p><span data-contrast=\"auto\">El experto coment\u00f3 que cada pa\u00eds tiene su propio discurso hist\u00f3rico y no debe copiarlo de nadie, pues los intentos de unificar a sus habitantes eliminan las diferencias y la diversidad cultural, lo cual invisibiliza a millones de actores.<\/span><span data-ccp-props=\"{&quot;335559731&quot;:708}\">\u00a0<\/span><\/p>\n<p><span data-contrast=\"auto\">\u201cEs indispensable rescatar al individuo como sujeto de estudio y abordar sus relaciones familiares para entenderlo en su contexto real\u201d, concluy\u00f3.<\/span><span data-ccp-props=\"{&quot;335559731&quot;:708}\">\u00a0<\/span><\/p>\n","protected":false},"excerpt":{"rendered":"<p>El investigador europeo asegur\u00f3 que el mundo necesita de historiadores que sumen a la construcci\u00f3n de una sociedad digna\u00a0\u00a0<\/p>\n","protected":false},"author":2349,"featured_media":137517,"comment_status":"closed","ping_status":"closed","sticky":false,"template":"","format":"standard","meta":[],"categories":[11,47,61],"tags":[4161,6263,10002,543,14722,247,11388,14721,5876,13649,2935],"_links":{"self":[{"href":"https:\/\/www.uv.mx\/prensa\/wp-json\/wp\/v2\/posts\/137544"}],"collection":[{"href":"https:\/\/www.uv.mx\/prensa\/wp-json\/wp\/v2\/posts"}],"about":[{"href":"https:\/\/www.uv.mx\/prensa\/wp-json\/wp\/v2\/types\/post"}],"author":[{"embeddable":true,"href":"https:\/\/www.uv.mx\/prensa\/wp-json\/wp\/v2\/users\/2349"}],"replies":[{"embeddable":true,"href":"https:\/\/www.uv.mx\/prensa\/wp-json\/wp\/v2\/comments?post=137544"}],"version-history":[{"count":1,"href":"https:\/\/www.uv.mx\/prensa\/wp-json\/wp\/v2\/posts\/137544\/revisions"}],"predecessor-version":[{"id":137545,"href":"https:\/\/www.uv.mx\/prensa\/wp-json\/wp\/v2\/posts\/137544\/revisions\/137545"}],"wp:featuredmedia":[{"embeddable":true,"href":"https:\/\/www.uv.mx\/prensa\/wp-json\/wp\/v2\/media\/137517"}],"wp:attachment":[{"href":"https:\/\/www.uv.mx\/prensa\/wp-json\/wp\/v2\/media?parent=137544"}],"wp:term":[{"taxonomy":"category","embeddable":true,"href":"https:\/\/www.uv.mx\/prensa\/wp-json\/wp\/v2\/categories?post=137544"},{"taxonomy":"post_tag","embeddable":true,"href":"https:\/\/www.uv.mx\/prensa\/wp-json\/wp\/v2\/tags?post=137544"}],"curies":[{"name":"wp","href":"https:\/\/api.w.org\/{rel}","templated":true}]}}