{"id":137630,"date":"2023-11-24T15:57:53","date_gmt":"2023-11-24T21:57:53","guid":{"rendered":"https:\/\/www.uv.mx\/prensa\/?p=137630"},"modified":"2023-11-24T15:57:53","modified_gmt":"2023-11-24T21:57:53","slug":"alumnos-uv-visibilizaron-experiencias-de-migrantes-a-estados-unidos","status":"publish","type":"post","link":"https:\/\/www.uv.mx\/prensa\/general\/alumnos-uv-visibilizaron-experiencias-de-migrantes-a-estados-unidos\/","title":{"rendered":"Alumnos UV visibilizaron experiencias de migrantes a Estados Unidos"},"content":{"rendered":"<ul>\n<li><em><span class=\"TextRun SCXW161899282 BCX0\" lang=\"ES-MX\" xml:lang=\"ES-MX\" data-contrast=\"auto\"><span class=\"NormalTextRun SCXW161899282 BCX0\" data-ccp-parastyle=\"No Spacing\">Estudiantes de la<\/span><span class=\"NormalTextRun SCXW161899282 BCX0\" data-ccp-parastyle=\"No Spacing\"> Licenciatura en Lengua Inglesa<\/span><span class=\"NormalTextRun SCXW161899282 BCX0\" data-ccp-parastyle=\"No Spacing\"> compartieron relatos de familiares y conocidos que cruzaron la frontera en busca de mejores oportunidades de vida<\/span><\/span><span class=\"EOP SCXW161899282 BCX0\" data-ccp-props=\"{}\">\u00a0<\/span><\/em><\/li>\n<\/ul>\n<p>&nbsp;<\/p>\n<div id=\"attachment_137624\" style=\"width: 732px\" class=\"wp-caption aligncenter\"><a href=\"https:\/\/www.uv.mx\/prensa\/files\/2023\/11\/241123-CARLOS-Cruzar-la-Frontera-1.jpg\"><img aria-describedby=\"caption-attachment-137624\" decoding=\"async\" loading=\"lazy\" class=\"size-full wp-image-137624\" src=\"https:\/\/www.uv.mx\/prensa\/files\/2023\/11\/241123-CARLOS-Cruzar-la-Frontera-1.jpg\" alt=\"\" width=\"722\" height=\"392\" srcset=\"https:\/\/www.uv.mx\/prensa\/files\/2023\/11\/241123-CARLOS-Cruzar-la-Frontera-1.jpg 722w, https:\/\/www.uv.mx\/prensa\/files\/2023\/11\/241123-CARLOS-Cruzar-la-Frontera-1-300x163.jpg 300w\" sizes=\"(max-width: 722px) 100vw, 722px\" \/><\/a><p id=\"caption-attachment-137624\" class=\"wp-caption-text\">Los alumnos fueron moderados por los docentes Hugo V\u00e1squez y Celia Contreras<\/p><\/div>\n<p>&nbsp;<\/p>\n<p><b><i><span data-contrast=\"auto\">Carlos Hugo Hermida Rosales<\/span><\/i><\/b><span data-ccp-props=\"{}\">\u00a0<\/span><\/p>\n<p><b><i><span data-contrast=\"auto\">Fotos: Omar Portilla Palacios<\/span><\/i><\/b><span data-ccp-props=\"{}\">\u00a0<\/span><\/p>\n<p><b><i><span data-contrast=\"auto\">24\/11\/2023, Xalapa, Ver.-<\/span><\/i><\/b><span data-contrast=\"auto\"> \u201cMi pap\u00e1 cruz\u00f3 en el a\u00f1o 2000 a Estados Unidos con el objetivo de reunir dinero y casarse con mi mam\u00e1, lo cual logr\u00f3 hasta el s\u00e9ptimo intento, al partir de la localidad de Agua Prieta en Sonora\u201d, relat\u00f3 Athenea Yael Juan Flores, estudiante de la Licenciatura en Lengua Inglesa de la Facultad de Idiomas de la Universidad Veracruzana (UV).\u00a0<\/span><span data-ccp-props=\"{}\">\u00a0<\/span><\/p>\n<p><span data-contrast=\"auto\">La joven comparti\u00f3 que una vez en el pa\u00eds vecino, su padre trabaj\u00f3 en Illinois y Texas, y junt\u00f3 los recursos necesarios para volver y realizar la boda planeada.<\/span><span data-ccp-props=\"{&quot;335559731&quot;:708}\">\u00a0<\/span><\/p>\n<p><span data-contrast=\"auto\">\u201cAl estar en Estados Unidos vivi\u00f3 la discriminaci\u00f3n hacia los migrantes ilegales, pues en muchos lugares no son bienvenidos y reciben malos tratos de los habitantes locales\u201d, coment\u00f3.<\/span><span data-ccp-props=\"{&quot;335559731&quot;:708}\">\u00a0<\/span><\/p>\n<p>&nbsp;<\/p>\n<div id=\"attachment_137623\" style=\"width: 732px\" class=\"wp-caption aligncenter\"><a href=\"https:\/\/www.uv.mx\/prensa\/files\/2023\/11\/241123-CARLOS-Cruzar-la-Frontera-2.jpg\"><img aria-describedby=\"caption-attachment-137623\" decoding=\"async\" loading=\"lazy\" class=\"size-full wp-image-137623\" src=\"https:\/\/www.uv.mx\/prensa\/files\/2023\/11\/241123-CARLOS-Cruzar-la-Frontera-2.jpg\" alt=\"\" width=\"722\" height=\"456\" srcset=\"https:\/\/www.uv.mx\/prensa\/files\/2023\/11\/241123-CARLOS-Cruzar-la-Frontera-2.jpg 722w, https:\/\/www.uv.mx\/prensa\/files\/2023\/11\/241123-CARLOS-Cruzar-la-Frontera-2-300x189.jpg 300w, https:\/\/www.uv.mx\/prensa\/files\/2023\/11\/241123-CARLOS-Cruzar-la-Frontera-2-200x125.jpg 200w\" sizes=\"(max-width: 722px) 100vw, 722px\" \/><\/a><p id=\"caption-attachment-137623\" class=\"wp-caption-text\">Athenea Yael Juan Flores<\/p><\/div>\n<p>&nbsp;<\/p>\n<p><span data-contrast=\"auto\">A\u00f1adi\u00f3 que hasta el d\u00eda de hoy su progenitor asegura jam\u00e1s regresar\u00eda.\u00a0<\/span><span data-ccp-props=\"{&quot;335559731&quot;:708}\">\u00a0<\/span><\/p>\n<p><span data-contrast=\"auto\">Athenea Juan particip\u00f3 en la segunda edici\u00f3n del evento \u201cCruzar la frontera M\u00e9xico-Estados Unidos. Testimonios\u201d, organizado por el docente V\u00edctor Hugo V\u00e1squez Renter\u00eda, donde alumnos de la licenciatura visibilizaron historias de vida de hombres y mujeres que emigraron al pa\u00eds norteamericano, y lo que signific\u00f3 para sus familiares y conocidos.<\/span><span data-ccp-props=\"{&quot;335559731&quot;:708}\">\u00a0<\/span><\/p>\n<p><span data-contrast=\"auto\">\u00c1ngel Daniel P\u00e9rez Guzm\u00e1n narr\u00f3 la experiencia de su t\u00eda, quien tuvo suerte y lleg\u00f3 en un par de d\u00edas a la ciudad de Houston, en Texas, aunque ello no la libr\u00f3 de sentir mareos y enfrentar diversas adversidades antes de reunirse con su esposo.\u00a0<\/span><span data-ccp-props=\"{&quot;335559731&quot;:708}\">\u00a0<\/span><\/p>\n<p><span data-contrast=\"auto\">\u201cParti\u00f3 muy joven y no recuerda ni por d\u00f3nde cruz\u00f3, pero ya hace 21 a\u00f1os que radica en territorio estadounidense y no tiene planes de volver a M\u00e9xico\u201d, afirm\u00f3.\u00a0<\/span><span data-ccp-props=\"{&quot;335559731&quot;:708}\">\u00a0<\/span><\/p>\n<p>&nbsp;<\/p>\n<div id=\"attachment_137622\" style=\"width: 732px\" class=\"wp-caption aligncenter\"><a href=\"https:\/\/www.uv.mx\/prensa\/files\/2023\/11\/241123-CARLOS-Cruzar-la-Frontera-3.jpg\"><img aria-describedby=\"caption-attachment-137622\" decoding=\"async\" loading=\"lazy\" class=\"size-full wp-image-137622\" src=\"https:\/\/www.uv.mx\/prensa\/files\/2023\/11\/241123-CARLOS-Cruzar-la-Frontera-3.jpg\" alt=\"\" width=\"722\" height=\"477\" srcset=\"https:\/\/www.uv.mx\/prensa\/files\/2023\/11\/241123-CARLOS-Cruzar-la-Frontera-3.jpg 722w, https:\/\/www.uv.mx\/prensa\/files\/2023\/11\/241123-CARLOS-Cruzar-la-Frontera-3-300x198.jpg 300w\" sizes=\"(max-width: 722px) 100vw, 722px\" \/><\/a><p id=\"caption-attachment-137622\" class=\"wp-caption-text\">\u00c1ngel Daniel P\u00e9rez Guzm\u00e1n<\/p><\/div>\n<p>&nbsp;<\/p>\n<p><span data-contrast=\"auto\">En su intervenci\u00f3n, Alix Cruz Contreras relat\u00f3 el caso de una familia entera de migrantes; primero se fue el pap\u00e1, despu\u00e9s sus tres hijos, quienes se extraviaron en el desierto y perdieron contacto, pero gracias a una casualidad todos se reencontraron en un peque\u00f1o local comercial.\u00a0<\/span><span data-ccp-props=\"{&quot;335559731&quot;:708}\">\u00a0<\/span><\/p>\n<p><span data-contrast=\"auto\">Por \u00faltimo, la mam\u00e1 y la cuarta hermana se aventuraron a atravesar la frontera, en una traves\u00eda donde sortearon situaciones dif\u00edciles.\u00a0<\/span><span data-ccp-props=\"{&quot;335559731&quot;:708}\">\u00a0<\/span><\/p>\n<p><span data-contrast=\"auto\">El estudiante mencion\u00f3 que al d\u00eda de hoy todos habitan en el mismo vecindario, por lo cual se le podr\u00eda etiquetar a esta historia como un final feliz, pero debieron arriesgar la vida, lo que pudo derivar en un desenlace m\u00e1s tr\u00e1gico.\u00a0<\/span><span data-ccp-props=\"{&quot;335559731&quot;:708}\">\u00a0<\/span><\/p>\n<p><span data-contrast=\"auto\">Finalmente, Jacqueline Terry Gallegos describi\u00f3 el viaje de su t\u00eda, quien enfrent\u00f3 trayectos complicados y lo intent\u00f3 cuatro veces antes de lograrlo.\u00a0<\/span><span data-ccp-props=\"{&quot;335559731&quot;:708}\">\u00a0<\/span><\/p>\n<p>&nbsp;<\/p>\n<div id=\"attachment_137621\" style=\"width: 732px\" class=\"wp-caption aligncenter\"><a href=\"https:\/\/www.uv.mx\/prensa\/files\/2023\/11\/241123-CARLOS-Cruzar-la-Frontera-4.jpg\"><img aria-describedby=\"caption-attachment-137621\" decoding=\"async\" loading=\"lazy\" class=\"size-full wp-image-137621\" src=\"https:\/\/www.uv.mx\/prensa\/files\/2023\/11\/241123-CARLOS-Cruzar-la-Frontera-4.jpg\" alt=\"\" width=\"722\" height=\"458\" srcset=\"https:\/\/www.uv.mx\/prensa\/files\/2023\/11\/241123-CARLOS-Cruzar-la-Frontera-4.jpg 722w, https:\/\/www.uv.mx\/prensa\/files\/2023\/11\/241123-CARLOS-Cruzar-la-Frontera-4-300x190.jpg 300w\" sizes=\"(max-width: 722px) 100vw, 722px\" \/><\/a><p id=\"caption-attachment-137621\" class=\"wp-caption-text\">Alix Cruz Contreras<\/p><\/div>\n<p>&nbsp;<\/p>\n<p><span data-contrast=\"auto\">\u201cElla enferm\u00f3 de c\u00e1ncer, y por esta situaci\u00f3n toda su familia emigr\u00f3 a fin de solventar los gastos que conlleva el padecimiento; aunque ya san\u00f3, tiene contemplado quedarse all\u00e1\u201d, mencion\u00f3.<\/span><span data-ccp-props=\"{&quot;335559731&quot;:708}\">\u00a0<\/span><\/p>\n<p><span data-contrast=\"auto\">La estudiante manifest\u00f3 que dejar atr\u00e1s a los seres queridos es una decisi\u00f3n dura para los migrantes, pero la necesidad les obliga a sobrellevarla, lo cual significa vivir en un estado de a\u00f1oranza continuo.<\/span><span data-ccp-props=\"{&quot;335559731&quot;:708}\">\u00a0<\/span><\/p>\n<p>&nbsp;<\/p>\n<div id=\"attachment_137625\" style=\"width: 732px\" class=\"wp-caption aligncenter\"><a href=\"https:\/\/www.uv.mx\/prensa\/files\/2023\/11\/241123-CARLOS-Cruzar-la-Frontera-5.jpg\"><img aria-describedby=\"caption-attachment-137625\" decoding=\"async\" loading=\"lazy\" class=\"size-full wp-image-137625\" src=\"https:\/\/www.uv.mx\/prensa\/files\/2023\/11\/241123-CARLOS-Cruzar-la-Frontera-5.jpg\" alt=\"\" width=\"722\" height=\"434\" srcset=\"https:\/\/www.uv.mx\/prensa\/files\/2023\/11\/241123-CARLOS-Cruzar-la-Frontera-5.jpg 722w, https:\/\/www.uv.mx\/prensa\/files\/2023\/11\/241123-CARLOS-Cruzar-la-Frontera-5-300x180.jpg 300w\" sizes=\"(max-width: 722px) 100vw, 722px\" \/><\/a><p id=\"caption-attachment-137625\" class=\"wp-caption-text\">Jacqueline Terry Gallegos<\/p><\/div>\n","protected":false},"excerpt":{"rendered":"<p>En la segunda edici\u00f3n del evento \u201cCruzar la frontera M\u00e9xico-Estados Unidos. Testimonios\u201d <\/p>\n","protected":false},"author":1809,"featured_media":137620,"comment_status":"closed","ping_status":"closed","sticky":false,"template":"","format":"standard","meta":[],"categories":[47,1,61],"tags":[4161,2835,1235,254,14762,6641,9282,8122,3929,6698],"_links":{"self":[{"href":"https:\/\/www.uv.mx\/prensa\/wp-json\/wp\/v2\/posts\/137630"}],"collection":[{"href":"https:\/\/www.uv.mx\/prensa\/wp-json\/wp\/v2\/posts"}],"about":[{"href":"https:\/\/www.uv.mx\/prensa\/wp-json\/wp\/v2\/types\/post"}],"author":[{"embeddable":true,"href":"https:\/\/www.uv.mx\/prensa\/wp-json\/wp\/v2\/users\/1809"}],"replies":[{"embeddable":true,"href":"https:\/\/www.uv.mx\/prensa\/wp-json\/wp\/v2\/comments?post=137630"}],"version-history":[{"count":1,"href":"https:\/\/www.uv.mx\/prensa\/wp-json\/wp\/v2\/posts\/137630\/revisions"}],"predecessor-version":[{"id":137632,"href":"https:\/\/www.uv.mx\/prensa\/wp-json\/wp\/v2\/posts\/137630\/revisions\/137632"}],"wp:featuredmedia":[{"embeddable":true,"href":"https:\/\/www.uv.mx\/prensa\/wp-json\/wp\/v2\/media\/137620"}],"wp:attachment":[{"href":"https:\/\/www.uv.mx\/prensa\/wp-json\/wp\/v2\/media?parent=137630"}],"wp:term":[{"taxonomy":"category","embeddable":true,"href":"https:\/\/www.uv.mx\/prensa\/wp-json\/wp\/v2\/categories?post=137630"},{"taxonomy":"post_tag","embeddable":true,"href":"https:\/\/www.uv.mx\/prensa\/wp-json\/wp\/v2\/tags?post=137630"}],"curies":[{"name":"wp","href":"https:\/\/api.w.org\/{rel}","templated":true}]}}