{"id":137639,"date":"2023-11-24T19:33:15","date_gmt":"2023-11-25T01:33:15","guid":{"rendered":"https:\/\/www.uv.mx\/prensa\/?p=137639"},"modified":"2023-11-24T19:33:15","modified_gmt":"2023-11-25T01:33:15","slug":"uv-sede-de-foro-internacional-de-educacion-medica-y-derechos-humanos","status":"publish","type":"post","link":"https:\/\/www.uv.mx\/prensa\/regiones\/uv-sede-de-foro-internacional-de-educacion-medica-y-derechos-humanos\/","title":{"rendered":"UV, sede de Foro Internacional de Educaci\u00f3n M\u00e9dica y Derechos Humanos"},"content":{"rendered":"<ul>\n<li data-leveltext=\"\uf0b7\" data-font=\"Symbol\" data-listid=\"1\" data-list-defn-props=\"{&quot;335552541&quot;:1,&quot;335559684&quot;:-2,&quot;335559685&quot;:720,&quot;335559991&quot;:360,&quot;469769226&quot;:&quot;Symbol&quot;,&quot;469769242&quot;:[8226],&quot;469777803&quot;:&quot;left&quot;,&quot;469777804&quot;:&quot;\uf0b7&quot;,&quot;469777815&quot;:&quot;multilevel&quot;}\" data-aria-posinset=\"1\" data-aria-level=\"1\"><i><span data-contrast=\"auto\">Se realiza en la Facultad de Medicina, regi\u00f3n Veracruz, del 23 al 25 de noviembre<\/span><\/i><span data-ccp-props=\"{&quot;134233279&quot;:true,&quot;201341983&quot;:0,&quot;335559739&quot;:0,&quot;335559740&quot;:240}\">\u00a0<\/span><\/li>\n<li data-leveltext=\"\uf0b7\" data-font=\"Symbol\" data-listid=\"1\" data-list-defn-props=\"{&quot;335552541&quot;:1,&quot;335559684&quot;:-2,&quot;335559685&quot;:720,&quot;335559991&quot;:360,&quot;469769226&quot;:&quot;Symbol&quot;,&quot;469769242&quot;:[8226],&quot;469777803&quot;:&quot;left&quot;,&quot;469777804&quot;:&quot;\uf0b7&quot;,&quot;469777815&quot;:&quot;multilevel&quot;}\" data-aria-posinset=\"2\" data-aria-level=\"1\"><i><span data-contrast=\"none\">El vicerrector Rub\u00e9n Edel Navarro reconoci\u00f3 el trabajo de los profesionales de la salud y subray\u00f3 la importancia de impulsar su formaci\u00f3n de excelencia<\/span><\/i><span data-ccp-props=\"{&quot;134233279&quot;:true,&quot;201341983&quot;:0,&quot;335559739&quot;:0,&quot;335559740&quot;:240}\">\u00a0<\/span><\/li>\n<\/ul>\n<p><span data-ccp-props=\"{&quot;134233279&quot;:true,&quot;201341983&quot;:0,&quot;335559739&quot;:0,&quot;335559740&quot;:240}\">\u00a0<\/span><\/p>\n<div id=\"attachment_137635\" style=\"width: 732px\" class=\"wp-caption aligncenter\"><img aria-describedby=\"caption-attachment-137635\" decoding=\"async\" loading=\"lazy\" class=\"size-full wp-image-137635\" src=\"https:\/\/www.uv.mx\/prensa\/files\/2023\/11\/241123-Shuguey-Veracruz-VI-Foro-Educacion-Medica-DH-1-100k.jpg\" alt=\"\" width=\"722\" height=\"481\" \/><p id=\"caption-attachment-137635\" class=\"wp-caption-text\">Rub\u00e9n Edel Navarro durante su mensaje en el acto inaugural<\/p><\/div>\n<p><span data-ccp-props=\"{&quot;134233279&quot;:true,&quot;201341983&quot;:0,&quot;335559739&quot;:0,&quot;335559740&quot;:240}\">\u00a0<\/span><\/p>\n<p><b><i><span data-contrast=\"none\">Shuguey Enr\u00edquez Ambell y Aracely Hern\u00e1ndez Rodr\u00edguez<\/span><\/i><\/b><span data-ccp-props=\"{&quot;134233279&quot;:true,&quot;201341983&quot;:0,&quot;335559739&quot;:0,&quot;335559740&quot;:240}\">\u00a0<\/span><\/p>\n<p><b><i><span data-contrast=\"none\">Fotos: Aracely Hern\u00e1ndez Rodr\u00edguez<\/span><\/i><\/b><span data-ccp-props=\"{&quot;134233279&quot;:true,&quot;201341983&quot;:0,&quot;335559739&quot;:0,&quot;335559740&quot;:240}\">\u00a0<\/span><\/p>\n<p><b><i><span data-contrast=\"none\">24\/11\/2023, Boca del R\u00edo, Ver.- <\/span><\/i><\/b><span data-contrast=\"none\">La Facultad de Medicina de la Universidad Veracruzana (UV) es sede del VI Foro Internacional de Educaci\u00f3n M\u00e9dica y Derechos Humanos, que se realiza del 23 al 25 de noviembre y al que asisten integrantes de instituciones nacionales y de otros pa\u00edses como Colombia y Costa Rica, quienes participan en conferencias magistrales, talleres, presentaciones de libros y mesas redondas, entre otras actividades.<\/span><span data-ccp-props=\"{&quot;134233279&quot;:true,&quot;201341983&quot;:0,&quot;335559739&quot;:0,&quot;335559740&quot;:240}\">\u00a0<\/span><\/p>\n<p><span data-contrast=\"none\">Julio C\u00e9sar Vi\u00f1as Dozal, director de la entidad acad\u00e9mica, destac\u00f3 que el objetivo del foro es contribuir a la formaci\u00f3n integral de los futuros profesionales de la medicina, con base en los derechos humanos a la educaci\u00f3n, a la vida y a la salud.<\/span><span data-ccp-props=\"{&quot;134233279&quot;:true,&quot;201341983&quot;:0,&quot;335559739&quot;:0,&quot;335559740&quot;:240}\">\u00a0<\/span><\/p>\n<p><span data-contrast=\"none\">En el acto inaugural, el vicerrector Rub\u00e9n Edel Navarro reconoci\u00f3 el trabajo y compromiso de los profesionales de la salud, y subray\u00f3 la importancia de impulsar su formaci\u00f3n de excelencia.<\/span><\/p>\n<p>&nbsp;<\/p>\n<div id=\"attachment_137636\" style=\"width: 732px\" class=\"wp-caption aligncenter\"><img aria-describedby=\"caption-attachment-137636\" decoding=\"async\" loading=\"lazy\" class=\"size-full wp-image-137636\" src=\"https:\/\/www.uv.mx\/prensa\/files\/2023\/11\/241123-Shuguey-Veracruz-VI-Foro-Educacion-Medica-DH-2-100k.jpg\" alt=\"\" width=\"722\" height=\"481\" srcset=\"https:\/\/www.uv.mx\/prensa\/files\/2023\/11\/241123-Shuguey-Veracruz-VI-Foro-Educacion-Medica-DH-2-100k.jpg 722w, https:\/\/www.uv.mx\/prensa\/files\/2023\/11\/241123-Shuguey-Veracruz-VI-Foro-Educacion-Medica-DH-2-100k-300x200.jpg 300w\" sizes=\"(max-width: 722px) 100vw, 722px\" \/><p id=\"caption-attachment-137636\" class=\"wp-caption-text\">Inauguraci\u00f3n del Foro Internacional de Educaci\u00f3n M\u00e9dica y Derechos Humanos en la regi\u00f3n Veracruz<\/p><\/div>\n<p>&nbsp;<\/p>\n<p><span data-contrast=\"auto\">Agreg\u00f3 que el foro es un espacio para explorar y debatir dos temas cruciales en la sociedad: la educaci\u00f3n m\u00e9dica y los derechos humanos, as\u00ed como para proponer soluciones innovadoras a los desaf\u00edos que se plantean en este \u00e1mbito.<\/span><span data-ccp-props=\"{&quot;134233279&quot;:true,&quot;201341983&quot;:0,&quot;335559739&quot;:0,&quot;335559740&quot;:240}\">\u00a0<\/span><\/p>\n<p><span data-contrast=\"auto\">\u201cNo s\u00f3lo se trata de intercambiar ideas, sino de impulsar acciones concretas que impacten positivamente en nuestras comunidades, porque nuestra responsabilidad va m\u00e1s all\u00e1 de las discusiones en estas jornadas. Hay que llevar a la pr\u00e1ctica los principios y valores que aqu\u00ed se discuten para lograr un cambio real y significativo en la sociedad\u201d, enfatiz\u00f3 el Vicerrector.<\/span><span data-ccp-props=\"{&quot;134233279&quot;:true,&quot;201341983&quot;:0,&quot;335559739&quot;:0,&quot;335559740&quot;:240}\">\u00a0<\/span><\/p>\n<p><span data-contrast=\"auto\">A su vez, Francisco Domingo V\u00e1zquez Mart\u00ednez, coordinador del Observatorio de Educaci\u00f3n M\u00e9dica (<\/span><i><span data-contrast=\"auto\">Obeme<\/span><\/i><span data-contrast=\"auto\">), explic\u00f3 que este evento es resultado del trabajo de investigaci\u00f3n que realiza el organismo a su cargo, enfocado en conocer la situaci\u00f3n de los estudiantes de Medicina y los residentes en los hospitales.<\/span><\/p>\n<p>&nbsp;<\/p>\n<div id=\"attachment_137637\" style=\"width: 732px\" class=\"wp-caption aligncenter\"><img aria-describedby=\"caption-attachment-137637\" decoding=\"async\" loading=\"lazy\" class=\"size-full wp-image-137637\" src=\"https:\/\/www.uv.mx\/prensa\/files\/2023\/11\/241123-Shuguey-Veracruz-VI-Foro-Educacion-Medica-DH-3-100k.jpg\" alt=\"\" width=\"722\" height=\"481\" srcset=\"https:\/\/www.uv.mx\/prensa\/files\/2023\/11\/241123-Shuguey-Veracruz-VI-Foro-Educacion-Medica-DH-3-100k.jpg 722w, https:\/\/www.uv.mx\/prensa\/files\/2023\/11\/241123-Shuguey-Veracruz-VI-Foro-Educacion-Medica-DH-3-100k-300x200.jpg 300w\" sizes=\"(max-width: 722px) 100vw, 722px\" \/><p id=\"caption-attachment-137637\" class=\"wp-caption-text\">Estudiantes de la Facultad de Medicina UV asistieron al evento<\/p><\/div>\n<p>&nbsp;<\/p>\n<p><span data-contrast=\"auto\">El <\/span><i><span data-contrast=\"auto\">Obeme<\/span><\/i><span data-contrast=\"auto\">, abund\u00f3 V\u00e1zquez Mart\u00ednez, surge de las recomendaciones que hace la Comisi\u00f3n Nacional de los Derechos Humanos a las instituciones del sector salud en torno a la atenci\u00f3n m\u00e9dica, la salud y la participaci\u00f3n de internos, pasantes y residentes no supervisados en estos procesos.<\/span><span data-ccp-props=\"{&quot;134233279&quot;:true,&quot;201341983&quot;:0,&quot;335559739&quot;:0,&quot;335559740&quot;:240}\">\u00a0<\/span><\/p>\n<p><span data-contrast=\"none\">A la ceremonia tambi\u00e9n asistieron: Hugo Reyes Devesa, director del Hospital de Alta Especialidad de Veracruz; Cristina Ortiz Le\u00f3n, directora del Instituto de Salud P\u00fablica; Jos\u00e9 Oth\u00f3n Flores Consejo, coordinador Universitario de Observatorios, y Marcela Gonz\u00e1lez de Coss\u00edo Ortiz, presidenta de la Academia Nacional de Educaci\u00f3n M\u00e9dica y Formaci\u00f3n Profesional.<\/span><span data-ccp-props=\"{&quot;134233279&quot;:true,&quot;201341983&quot;:0,&quot;335559739&quot;:0,&quot;335559740&quot;:240}\">\u00a0<\/span><\/p>\n","protected":false},"excerpt":{"rendered":"<p>La sexta edici\u00f3n de este ejercicio acad\u00e9mico tiene como objetivo contribuir a la formaci\u00f3n integral de los futuros profesionales de la Facultad de Medicina, con base en los derechos a la educaci\u00f3n, la vida y la salud\u00a0<\/p>\n","protected":false},"author":2349,"featured_media":137638,"comment_status":"closed","ping_status":"closed","sticky":false,"template":"","format":"standard","meta":[],"categories":[6301,47,61,32,55],"tags":[10990,12765,294,872,14459,14768,3613,13265,6964,78,14767],"_links":{"self":[{"href":"https:\/\/www.uv.mx\/prensa\/wp-json\/wp\/v2\/posts\/137639"}],"collection":[{"href":"https:\/\/www.uv.mx\/prensa\/wp-json\/wp\/v2\/posts"}],"about":[{"href":"https:\/\/www.uv.mx\/prensa\/wp-json\/wp\/v2\/types\/post"}],"author":[{"embeddable":true,"href":"https:\/\/www.uv.mx\/prensa\/wp-json\/wp\/v2\/users\/2349"}],"replies":[{"embeddable":true,"href":"https:\/\/www.uv.mx\/prensa\/wp-json\/wp\/v2\/comments?post=137639"}],"version-history":[{"count":1,"href":"https:\/\/www.uv.mx\/prensa\/wp-json\/wp\/v2\/posts\/137639\/revisions"}],"predecessor-version":[{"id":137640,"href":"https:\/\/www.uv.mx\/prensa\/wp-json\/wp\/v2\/posts\/137639\/revisions\/137640"}],"wp:featuredmedia":[{"embeddable":true,"href":"https:\/\/www.uv.mx\/prensa\/wp-json\/wp\/v2\/media\/137638"}],"wp:attachment":[{"href":"https:\/\/www.uv.mx\/prensa\/wp-json\/wp\/v2\/media?parent=137639"}],"wp:term":[{"taxonomy":"category","embeddable":true,"href":"https:\/\/www.uv.mx\/prensa\/wp-json\/wp\/v2\/categories?post=137639"},{"taxonomy":"post_tag","embeddable":true,"href":"https:\/\/www.uv.mx\/prensa\/wp-json\/wp\/v2\/tags?post=137639"}],"curies":[{"name":"wp","href":"https:\/\/api.w.org\/{rel}","templated":true}]}}