{"id":137740,"date":"2023-11-28T15:44:33","date_gmt":"2023-11-28T21:44:33","guid":{"rendered":"https:\/\/www.uv.mx\/prensa\/?p=137740"},"modified":"2023-11-28T15:44:53","modified_gmt":"2023-11-28T21:44:53","slug":"uv-presento-libros-digitales-en-derechos-humanos-y-sustentabilidad","status":"publish","type":"post","link":"https:\/\/www.uv.mx\/prensa\/banner\/uv-presento-libros-digitales-en-derechos-humanos-y-sustentabilidad\/","title":{"rendered":"UV present\u00f3 libros digitales en derechos humanos y sustentabilidad"},"content":{"rendered":"<ul>\n<li data-leveltext=\"\uf0b7\" data-font=\"Symbol\" data-listid=\"6\" data-list-defn-props=\"{&quot;335552541&quot;:1,&quot;335559684&quot;:-2,&quot;335559685&quot;:720,&quot;335559991&quot;:360,&quot;469769226&quot;:&quot;Symbol&quot;,&quot;469769242&quot;:[8226],&quot;469777803&quot;:&quot;left&quot;,&quot;469777804&quot;:&quot;\uf0b7&quot;,&quot;469777815&quot;:&quot;hybridMultilevel&quot;}\" data-aria-posinset=\"1\" data-aria-level=\"1\"><i><span data-contrast=\"auto\">Fueron realizados por convenio interinstitucional en cumplimiento al Plan Estrat\u00e9gico para el Fortalecimiento de la Investigaci\u00f3n y el Posgrado 2022-2031<\/span><\/i><span data-ccp-props=\"{}\">\u00a0<\/span><\/li>\n<li data-leveltext=\"\uf0b7\" data-font=\"Symbol\" data-listid=\"6\" data-list-defn-props=\"{&quot;335552541&quot;:1,&quot;335559684&quot;:-2,&quot;335559685&quot;:720,&quot;335559991&quot;:360,&quot;469769226&quot;:&quot;Symbol&quot;,&quot;469769242&quot;:[8226],&quot;469777803&quot;:&quot;left&quot;,&quot;469777804&quot;:&quot;\uf0b7&quot;,&quot;469777815&quot;:&quot;hybridMultilevel&quot;}\" data-aria-posinset=\"2\" data-aria-level=\"1\"><i><span data-contrast=\"auto\">En ellos colaboraron expertos tanto de la UV como de instituciones educativas con las que se mantienen acuerdos<\/span><\/i><span data-ccp-props=\"{}\">\u00a0<\/span><\/li>\n<\/ul>\n<p><span data-ccp-props=\"{}\">\u00a0<\/span><\/p>\n<div id=\"attachment_137711\" style=\"width: 732px\" class=\"wp-caption aligncenter\"><img aria-describedby=\"caption-attachment-137711\" decoding=\"async\" loading=\"lazy\" class=\"size-full wp-image-137711\" src=\"https:\/\/www.uv.mx\/prensa\/files\/2023\/11\/281123-CARLOS-Libros-maestria-1-100k.jpg\" alt=\"\" width=\"722\" height=\"426\" srcset=\"https:\/\/www.uv.mx\/prensa\/files\/2023\/11\/281123-CARLOS-Libros-maestria-1-100k.jpg 722w, https:\/\/www.uv.mx\/prensa\/files\/2023\/11\/281123-CARLOS-Libros-maestria-1-100k-300x177.jpg 300w\" sizes=\"(max-width: 722px) 100vw, 722px\" \/><p id=\"caption-attachment-137711\" class=\"wp-caption-text\">C\u00e9sar Vega, Rosa Mar\u00eda Cu\u00e9llar y Guillermo Cruz presentaron las publicaciones<\/p><\/div>\n<p><span data-ccp-props=\"{}\">\u00a0<\/span><\/p>\n<p><b><i><span data-contrast=\"auto\">Carlos Hugo Hermida Rosales<\/span><\/i><\/b><span data-ccp-props=\"{}\">\u00a0<\/span><\/p>\n<p><b><i><span data-contrast=\"auto\">Fotos: Omar Portilla Palacios<\/span><\/i><\/b><span data-ccp-props=\"{}\">\u00a0<\/span><\/p>\n<p><b><i><span data-contrast=\"auto\">28\/11\/2023, Xalapa, Ver.-<\/span><\/i><\/b><span data-contrast=\"auto\"> La Maestr\u00eda en Derechos Humanos y Justicia Constitucional (MDHJC) del Sistema de Ense\u00f1anza Abierta de la Universidad Veracruzana (UV) present\u00f3 en el Campus Arco Sur una serie de libros digitales en derechos humanos y sustentabilidad, realizados por convenio interinstitucional en cumplimiento al Plan Estrat\u00e9gico para el Fortalecimiento de la Investigaci\u00f3n y el Posgrado 2022-2031.<\/span><span data-ccp-props=\"{}\">\u00a0<\/span><\/p>\n<p><span data-contrast=\"auto\">Los panelistas del evento fueron <\/span><span data-contrast=\"none\">Rosa Mar\u00eda Cu\u00e9llar Guti\u00e9rrez y C\u00e9sar Vega Z\u00e1rate, coordinadores de la <\/span><span data-contrast=\"auto\">MDHJC<\/span><span data-contrast=\"none\"> y el <\/span><span data-contrast=\"auto\">Doctorado en Ciencias Administrativas y Gesti\u00f3n para el Desarrollo, respectivamente; y Guillermo Cruz Gonz\u00e1lez, de la Direcci\u00f3n General de la Unidad de Estudios de Posgrado.\u00a0<\/span><span data-ccp-props=\"{&quot;335559731&quot;:708}\">\u00a0<\/span><\/p>\n<p><span data-contrast=\"auto\">Las obras presentadas son: <\/span><i><span data-contrast=\"auto\">G\u00e9nero y Derechos Humanos;<\/span><\/i> <i><span data-contrast=\"auto\">Hacia una cultura organizacional inclusiva: El papel de la Tecnolog\u00eda y la Diversidad de G\u00e9nero<\/span><\/i><span data-contrast=\"auto\">; <\/span><i><span data-contrast=\"auto\">Gobernanza y derechos humanos<\/span><\/i><span data-contrast=\"auto\">; <\/span><i><span data-contrast=\"auto\">Derechos medioambientales y desarrollo sustentable;<\/span><\/i> <i><span data-contrast=\"auto\">Derechos de ni\u00f1os, ni\u00f1as y adolescentes<\/span><\/i><span data-contrast=\"auto\">; <\/span><i><span data-contrast=\"auto\">Derechos humanos y justicia;<\/span><\/i> <i><span data-contrast=\"auto\">Derechos humanos y salud<\/span><\/i><span data-contrast=\"auto\">; <\/span><i><span data-contrast=\"auto\">Interpretaci\u00f3n y argumentaci\u00f3n jur\u00eddica desde la perspectiva de los derechos humanos<\/span><\/i><span data-contrast=\"auto\">, y <\/span><i><span data-contrast=\"auto\">Nueva generaci\u00f3n de derechos humanos y violencia de g\u00e9nero<\/span><\/i><span data-contrast=\"auto\">.\u00a0<\/span><\/p>\n<p>&nbsp;<\/p>\n<div id=\"attachment_137712\" style=\"width: 732px\" class=\"wp-caption aligncenter\"><img aria-describedby=\"caption-attachment-137712\" decoding=\"async\" loading=\"lazy\" class=\"size-full wp-image-137712\" src=\"https:\/\/www.uv.mx\/prensa\/files\/2023\/11\/281123-CARLOS-Libros-maestria-2-100k.jpg\" alt=\"\" width=\"722\" height=\"347\" srcset=\"https:\/\/www.uv.mx\/prensa\/files\/2023\/11\/281123-CARLOS-Libros-maestria-2-100k.jpg 722w, https:\/\/www.uv.mx\/prensa\/files\/2023\/11\/281123-CARLOS-Libros-maestria-2-100k-300x144.jpg 300w\" sizes=\"(max-width: 722px) 100vw, 722px\" \/><p id=\"caption-attachment-137712\" class=\"wp-caption-text\">A la presentaci\u00f3n de los libros acudieron docentes e investigadores que colaboraron en su redacci\u00f3n<\/p><\/div>\n<p>&nbsp;<\/p>\n<p><span data-contrast=\"none\">Rosa Mar\u00eda Cu\u00e9llar <\/span><span data-contrast=\"auto\">mencion\u00f3 que en los libros, cuyo acceso es libre, colaboraron expertos tanto de la UV como de instituciones educativas con las que se mantienen convenios.\u00a0<\/span><span data-ccp-props=\"{&quot;335559731&quot;:708}\">\u00a0<\/span><\/p>\n<p><span data-contrast=\"none\">C\u00e9sar Vega, quien coordin\u00f3 <\/span><i><span data-contrast=\"auto\">Gobernanza y derechos humanos<\/span><\/i><span data-contrast=\"auto\">, comparti\u00f3 que sus temas fortalecen al Doctorado en Ciencias Administrativas y Gesti\u00f3n para el Desarrollo en las perspectivas te\u00f3ricas y metodol\u00f3gicas, pues brindan conocimiento en el \u00e1rea de gobernanza y algunos enfoques jur\u00eddicos.<\/span><span data-ccp-props=\"{&quot;335559731&quot;:708}\">\u00a0<\/span><\/p>\n<p><span data-contrast=\"auto\">\u201cSe destacan aportes que no s\u00f3lo se dejan en aspectos cr\u00edticos reflexivos, sino como contribuciones te\u00f3ricas capaces de ampliar l\u00edneas de investigaci\u00f3n\u201d, afirm\u00f3.\u00a0<\/span><span data-ccp-props=\"{&quot;335559731&quot;:708}\">\u00a0<\/span><\/p>\n<p><span data-contrast=\"auto\">Por su parte, Mar\u00eda Rossana Cu\u00e9llar Guti\u00e9rrez, de la Facultad de Contadur\u00eda y Administraci\u00f3n, coordinadora de <\/span><i><span data-contrast=\"auto\">Derechos medioambientales y desarrollo sustentable<\/span><\/i><span data-contrast=\"auto\">, coment\u00f3 que la obra est\u00e1 compuesta por una amalgama de cinco cap\u00edtulos donde se trata el derecho al agua, la log\u00edstica verde en la producci\u00f3n, y el desplazamiento forzado por razones clim\u00e1ticas, entre otras cuestiones.\u00a0<\/span><\/p>\n<p>&nbsp;<\/p>\n<div id=\"attachment_137710\" style=\"width: 732px\" class=\"wp-caption aligncenter\"><img aria-describedby=\"caption-attachment-137710\" decoding=\"async\" loading=\"lazy\" class=\"size-full wp-image-137710\" src=\"https:\/\/www.uv.mx\/prensa\/files\/2023\/11\/281123-CARLOS-Libros-maestria-3-100k.jpg\" alt=\"\" width=\"722\" height=\"409\" srcset=\"https:\/\/www.uv.mx\/prensa\/files\/2023\/11\/281123-CARLOS-Libros-maestria-3-100k.jpg 722w, https:\/\/www.uv.mx\/prensa\/files\/2023\/11\/281123-CARLOS-Libros-maestria-3-100k-300x170.jpg 300w\" sizes=\"(max-width: 722px) 100vw, 722px\" \/><p id=\"caption-attachment-137710\" class=\"wp-caption-text\">Las obras son de libre acceso en la direcci\u00f3n web www.foneia.org<\/p><\/div>\n<p>&nbsp;<\/p>\n<p><span data-contrast=\"auto\">\u201cLa publicaci\u00f3n busca enfatizar la importancia de los convenios institucionales para reforzar los temas de medio ambiente y desarrollo sustentable en todas sus facetas\u201d, puntualiz\u00f3.\u00a0<\/span><span data-ccp-props=\"{&quot;335559731&quot;:708}\">\u00a0<\/span><\/p>\n<p><span data-contrast=\"auto\">La serie de libros mencionada tiene cuatro ejemplares m\u00e1s que se encuentran en proceso de revisi\u00f3n de estilo: <\/span><i><span data-contrast=\"auto\">Derechos humanos LGBTTTIQ+<\/span><\/i><span data-contrast=\"auto\">; <\/span><i><span data-contrast=\"auto\">Derecho humano a la educaci\u00f3n<\/span><\/i><span data-contrast=\"auto\">; <\/span><i><span data-contrast=\"auto\">Derecho de la protecci\u00f3n internacional de las personas<\/span><\/i><span data-contrast=\"auto\">, y <\/span><i><span data-contrast=\"auto\">Derechos humanos laborales desde la perspectiva de la contadur\u00eda<\/span><\/i><span data-contrast=\"auto\">.\u00a0<\/span><span data-ccp-props=\"{&quot;335559731&quot;:708}\">\u00a0<\/span><\/p>\n<p><span data-contrast=\"auto\">Todos los textos est\u00e1n disponibles de manera gratuita en el sitio web <\/span><a href=\"http:\/\/www.foneia.org\/\"><span data-contrast=\"none\">www.foneia.org<\/span><\/a><span data-ccp-props=\"{&quot;335559731&quot;:708}\">\u00a0<\/span><\/p>\n","protected":false},"excerpt":{"rendered":"<p>A trav\u00e9s de la Maestr\u00eda en Derechos Humanos y Justicia Constitucional del Sistema de Ense\u00f1anza Abierta\u00a0<\/p>\n","protected":false},"author":2349,"featured_media":137713,"comment_status":"closed","ping_status":"closed","sticky":false,"template":"","format":"standard","meta":[],"categories":[6301,8445,61,6299],"tags":[14798,4161,14800,2943,7641,699,527,4550,12604,6462,14799,687,9393,78,10352,742],"_links":{"self":[{"href":"https:\/\/www.uv.mx\/prensa\/wp-json\/wp\/v2\/posts\/137740"}],"collection":[{"href":"https:\/\/www.uv.mx\/prensa\/wp-json\/wp\/v2\/posts"}],"about":[{"href":"https:\/\/www.uv.mx\/prensa\/wp-json\/wp\/v2\/types\/post"}],"author":[{"embeddable":true,"href":"https:\/\/www.uv.mx\/prensa\/wp-json\/wp\/v2\/users\/2349"}],"replies":[{"embeddable":true,"href":"https:\/\/www.uv.mx\/prensa\/wp-json\/wp\/v2\/comments?post=137740"}],"version-history":[{"count":1,"href":"https:\/\/www.uv.mx\/prensa\/wp-json\/wp\/v2\/posts\/137740\/revisions"}],"predecessor-version":[{"id":137741,"href":"https:\/\/www.uv.mx\/prensa\/wp-json\/wp\/v2\/posts\/137740\/revisions\/137741"}],"wp:featuredmedia":[{"embeddable":true,"href":"https:\/\/www.uv.mx\/prensa\/wp-json\/wp\/v2\/media\/137713"}],"wp:attachment":[{"href":"https:\/\/www.uv.mx\/prensa\/wp-json\/wp\/v2\/media?parent=137740"}],"wp:term":[{"taxonomy":"category","embeddable":true,"href":"https:\/\/www.uv.mx\/prensa\/wp-json\/wp\/v2\/categories?post=137740"},{"taxonomy":"post_tag","embeddable":true,"href":"https:\/\/www.uv.mx\/prensa\/wp-json\/wp\/v2\/tags?post=137740"}],"curies":[{"name":"wp","href":"https:\/\/api.w.org\/{rel}","templated":true}]}}