{"id":137901,"date":"2023-12-01T18:54:54","date_gmt":"2023-12-02T00:54:54","guid":{"rendered":"https:\/\/www.uv.mx\/prensa\/?p=137901"},"modified":"2023-12-01T18:54:54","modified_gmt":"2023-12-02T00:54:54","slug":"quehacer-de-quimicos-clinicos-hace-diverso-su-campo-laboral","status":"publish","type":"post","link":"https:\/\/www.uv.mx\/prensa\/ciencia\/quehacer-de-quimicos-clinicos-hace-diverso-su-campo-laboral\/","title":{"rendered":"Quehacer de qu\u00edmicos cl\u00ednicos hace diverso su campo laboral"},"content":{"rendered":"<ul>\n<li data-leveltext=\"\uf0b7\" data-font=\"Symbol\" data-listid=\"2\" data-list-defn-props=\"{&quot;335551671&quot;:0,&quot;335552541&quot;:1,&quot;335559684&quot;:-2,&quot;335559685&quot;:720,&quot;335559991&quot;:360,&quot;469769226&quot;:&quot;Symbol&quot;,&quot;469769242&quot;:[8226],&quot;469777803&quot;:&quot;left&quot;,&quot;469777804&quot;:&quot;\uf0b7&quot;,&quot;469777815&quot;:&quot;hybridMultilevel&quot;}\" data-aria-posinset=\"0\" data-aria-level=\"1\"><i><span data-contrast=\"auto\">\u201cEl tronco com\u00fan de su formaci\u00f3n profesional est\u00e1 enfocado al laboratorio de an\u00e1lisis cl\u00ednicos, pero pueden incursionar en la docencia, investigaci\u00f3n y la administraci\u00f3n p\u00fablica o privada\u201d: Daniel Omar Torres Theurel<\/span><\/i><span data-ccp-props=\"{&quot;201341983&quot;:0,&quot;335559739&quot;:0,&quot;335559740&quot;:240}\">\u00a0<\/span><\/li>\n<li data-leveltext=\"\uf0b7\" data-font=\"Symbol\" data-listid=\"2\" data-list-defn-props=\"{&quot;335551671&quot;:0,&quot;335552541&quot;:1,&quot;335559684&quot;:-2,&quot;335559685&quot;:720,&quot;335559991&quot;:360,&quot;469769226&quot;:&quot;Symbol&quot;,&quot;469769242&quot;:[8226],&quot;469777803&quot;:&quot;left&quot;,&quot;469777804&quot;:&quot;\uf0b7&quot;,&quot;469777815&quot;:&quot;hybridMultilevel&quot;}\" data-aria-posinset=\"0\" data-aria-level=\"1\"><i><span data-contrast=\"auto\">La Facultad de Bioan\u00e1lisis de la UV celebr\u00f3 el D\u00eda del Qu\u00edmico<\/span><\/i><\/li>\n<\/ul>\n<p>&nbsp;<\/p>\n<div id=\"attachment_137861\" style=\"width: 732px\" class=\"wp-caption aligncenter\"><img aria-describedby=\"caption-attachment-137861\" decoding=\"async\" loading=\"lazy\" class=\"size-full wp-image-137861\" src=\"https:\/\/www.uv.mx\/prensa\/files\/2023\/12\/011223-COUTTOLENC-Dia-del-Quimico-1.jpg\" alt=\"Con un evento acad\u00e9mico, la Facultad de Bioan\u00e1lisis de la UV celebr\u00f3 el D\u00eda del Qu\u00edmico \" width=\"722\" height=\"413\" srcset=\"https:\/\/www.uv.mx\/prensa\/files\/2023\/12\/011223-COUTTOLENC-Dia-del-Quimico-1.jpg 722w, https:\/\/www.uv.mx\/prensa\/files\/2023\/12\/011223-COUTTOLENC-Dia-del-Quimico-1-300x172.jpg 300w\" sizes=\"(max-width: 722px) 100vw, 722px\" \/><p id=\"caption-attachment-137861\" class=\"wp-caption-text\">Con un evento acad\u00e9mico, la Facultad de Bioan\u00e1lisis de la UV celebr\u00f3 el D\u00eda del Qu\u00edmico<\/p><\/div>\n<p>&nbsp;<\/p>\n<p><b><i><span data-contrast=\"auto\">Jos\u00e9 Luis Couttolenc Soto<\/span><\/i><\/b><span data-ccp-props=\"{&quot;201341983&quot;:0,&quot;335559739&quot;:0,&quot;335559740&quot;:240}\">\u00a0<\/span><\/p>\n<p><b><i><span data-contrast=\"auto\">Fotos: Luis Fernando Fern\u00e1ndez<\/span><\/i><\/b><\/p>\n<p><b><i><span data-contrast=\"auto\">01\/12\/2023, Xalapa, Ver.- <\/span><\/i><\/b><span data-contrast=\"auto\">Los egresados de la Licenciatura en Qu\u00edmica Cl\u00ednica de la Universidad Veracruzana (UV) cuentan con amplias vertientes en el campo laboral puesto que no necesariamente pueden desempe\u00f1arse en laboratorios, sino tambi\u00e9n en la docencia, investigaci\u00f3n, administraci\u00f3n p\u00fablica o privada, industria de alimentos, o dise\u00f1o y venta de equipos de laboratorio.<\/span><span data-ccp-props=\"{&quot;201341983&quot;:0,&quot;335559739&quot;:0,&quot;335559740&quot;:240}\">\u00a0<\/span><\/p>\n<p><span data-contrast=\"auto\">As\u00ed lo afirm\u00f3 Daniel Omar Torres Theurel, egresado de la Facultad de Bioan\u00e1lisis, en su conferencia \u201cPapel del profesional de laboratorio cl\u00ednico en el \u00e1rea de hematolog\u00eda\u201d, que ofreci\u00f3 en el Aula Magna de la Unidad de Ciencias de la Salud, con motivo del D\u00eda del Qu\u00edmico, que se celebra el 1 de diciembre.<\/span><span data-ccp-props=\"{&quot;201341983&quot;:0,&quot;335559739&quot;:0,&quot;335559740&quot;:240}\">\u00a0<\/span><\/p>\n<p><span data-contrast=\"auto\">El especialista en hematolog\u00eda diagn\u00f3stica por el Instituto de Hemapatolog\u00eda de Quer\u00e9taro, se desempe\u00f1a actualmente como responsable del \u00e1rea de hematolog\u00eda del Laboratorio de An\u00e1lisis Cl\u00ednicos AB+ de Huatusco.<\/span><\/p>\n<div id=\"attachment_137862\" style=\"width: 732px\" class=\"wp-caption aligncenter\"><img aria-describedby=\"caption-attachment-137862\" decoding=\"async\" loading=\"lazy\" class=\"size-full wp-image-137862\" src=\"https:\/\/www.uv.mx\/prensa\/files\/2023\/12\/011223-COUTTOLENC-Dia-del-Quimico-2.jpg\" alt=\"Daniel Omar Torres Theurel ofreci\u00f3 una pl\u00e1tica \u201cPapel del profesional de laboratorio cl\u00ednico en el \u00e1rea de hematolog\u00eda\u201d \" width=\"722\" height=\"493\" srcset=\"https:\/\/www.uv.mx\/prensa\/files\/2023\/12\/011223-COUTTOLENC-Dia-del-Quimico-2.jpg 722w, https:\/\/www.uv.mx\/prensa\/files\/2023\/12\/011223-COUTTOLENC-Dia-del-Quimico-2-300x205.jpg 300w\" sizes=\"(max-width: 722px) 100vw, 722px\" \/><p id=\"caption-attachment-137862\" class=\"wp-caption-text\">Daniel Omar Torres Theurel ofreci\u00f3 una pl\u00e1tica \u201cPapel del profesional de laboratorio cl\u00ednico en el \u00e1rea de hematolog\u00eda\u201d<\/p><\/div>\n<p>&nbsp;<\/p>\n<p><span data-contrast=\"auto\">En su exposici\u00f3n comparti\u00f3 experiencias laborales y puntualiz\u00f3 a los estudiantes que el trabajo que desempe\u00f1ar\u00e1n durante su desarrollo profesional es de suma importancia para el personal de salud, dado que del resultado de los an\u00e1lisis que hagan depender\u00e1 el diagn\u00f3stico de pacientes y ser\u00e1n la base para los tratamientos m\u00e9dicos.<\/span><span data-ccp-props=\"{&quot;201341983&quot;:0,&quot;335559739&quot;:0,&quot;335559740&quot;:240}\">\u00a0<\/span><\/p>\n<p><span data-contrast=\"auto\">\u201cHay enfermedades que tienen un enfoque hematol\u00f3gico, los qu\u00edmicos analizamos la sangre de los pacientes y entregamos al m\u00e9dico los resultados para que conozca las alteraciones y el espectro cl\u00ednico, y as\u00ed se establece el diagn\u00f3stico.\u201d<\/span><span data-ccp-props=\"{&quot;201341983&quot;:0,&quot;335559739&quot;:0,&quot;335559740&quot;:240}\">\u00a0<\/span><\/p>\n<p><span data-contrast=\"auto\">El ponente resalt\u00f3 que la Facultad de Bioan\u00e1lisis de la UV tiene buenos maestros, con experiencia en el campo cl\u00ednico que comparten con sus alumnos. \u201cNo lo desaprovechen, est\u00e1n en muy buen momento de su vida, es algo que valoramos cuando egresamos de la carrera; tampoco dejen de actualizarse en conocimientos para el mejor desempe\u00f1o de su profesi\u00f3n\u201d.<\/span><\/p>\n<div id=\"attachment_137863\" style=\"width: 732px\" class=\"wp-caption aligncenter\"><img aria-describedby=\"caption-attachment-137863\" decoding=\"async\" loading=\"lazy\" class=\"size-full wp-image-137863\" src=\"https:\/\/www.uv.mx\/prensa\/files\/2023\/12\/011223-COUTTOLENC-Dia-del-Quimico-3.jpg\" alt=\"Egresados de Bioan\u00e1lisis cuentan con amplias vertientes dentro del campo laboral \" width=\"722\" height=\"448\" \/><p id=\"caption-attachment-137863\" class=\"wp-caption-text\">Egresados de Bioan\u00e1lisis cuentan con amplias vertientes dentro del campo laboral<\/p><\/div>\n<p>&nbsp;<\/p>\n<p><span data-contrast=\"auto\">Por su parte la directora de la entidad acad\u00e9mica, Sandra Luz Gonz\u00e1lez Herrera, en su mensaje inaugural de las actividades conmemorativas reconoci\u00f3 el trabajo que desarrollan los qu\u00edmicos cl\u00ednicos, quienes de manera eficiente, responsable y con compromiso social, contribuyen a la soluci\u00f3n de problemas de salud de las comunidades, ya sea desde el laboratorio de an\u00e1lisis, el cub\u00edculo o la investigaci\u00f3n.<\/span><span data-ccp-props=\"{&quot;201341983&quot;:0,&quot;335559739&quot;:0,&quot;335559740&quot;:240}\">\u00a0<\/span><\/p>\n","protected":false},"excerpt":{"rendered":"<p>Los estudios que realizan son fundamentales para el diagn\u00f3stico de enfermedades y tratamientos<\/p>\n","protected":false},"author":1775,"featured_media":137903,"comment_status":"closed","ping_status":"closed","sticky":false,"template":"","format":"standard","meta":[],"categories":[45,47,61],"tags":[10970,9519,2537,10530,726,1164,80,4162,1982,10727,6592,1974,13926,14894,1794],"_links":{"self":[{"href":"https:\/\/www.uv.mx\/prensa\/wp-json\/wp\/v2\/posts\/137901"}],"collection":[{"href":"https:\/\/www.uv.mx\/prensa\/wp-json\/wp\/v2\/posts"}],"about":[{"href":"https:\/\/www.uv.mx\/prensa\/wp-json\/wp\/v2\/types\/post"}],"author":[{"embeddable":true,"href":"https:\/\/www.uv.mx\/prensa\/wp-json\/wp\/v2\/users\/1775"}],"replies":[{"embeddable":true,"href":"https:\/\/www.uv.mx\/prensa\/wp-json\/wp\/v2\/comments?post=137901"}],"version-history":[{"count":1,"href":"https:\/\/www.uv.mx\/prensa\/wp-json\/wp\/v2\/posts\/137901\/revisions"}],"predecessor-version":[{"id":137902,"href":"https:\/\/www.uv.mx\/prensa\/wp-json\/wp\/v2\/posts\/137901\/revisions\/137902"}],"wp:featuredmedia":[{"embeddable":true,"href":"https:\/\/www.uv.mx\/prensa\/wp-json\/wp\/v2\/media\/137903"}],"wp:attachment":[{"href":"https:\/\/www.uv.mx\/prensa\/wp-json\/wp\/v2\/media?parent=137901"}],"wp:term":[{"taxonomy":"category","embeddable":true,"href":"https:\/\/www.uv.mx\/prensa\/wp-json\/wp\/v2\/categories?post=137901"},{"taxonomy":"post_tag","embeddable":true,"href":"https:\/\/www.uv.mx\/prensa\/wp-json\/wp\/v2\/tags?post=137901"}],"curies":[{"name":"wp","href":"https:\/\/api.w.org\/{rel}","templated":true}]}}