{"id":137946,"date":"2023-12-04T15:08:48","date_gmt":"2023-12-04T21:08:48","guid":{"rendered":"https:\/\/www.uv.mx\/prensa\/?p=137946"},"modified":"2023-12-04T15:08:48","modified_gmt":"2023-12-04T21:08:48","slug":"violencia-psicologica-deteriora-la-capacidad-de-solucionar-problemas","status":"publish","type":"post","link":"https:\/\/www.uv.mx\/prensa\/banner\/violencia-psicologica-deteriora-la-capacidad-de-solucionar-problemas\/","title":{"rendered":"Violencia psicol\u00f3gica deteriora la capacidad de solucionar problemas\u00a0"},"content":{"rendered":"<ul>\n<li data-leveltext=\"\uf0b7\" data-font=\"Symbol\" data-listid=\"1\" data-list-defn-props=\"{&quot;335551671&quot;:0,&quot;335552541&quot;:1,&quot;335559684&quot;:-2,&quot;335559685&quot;:720,&quot;335559991&quot;:360,&quot;469769226&quot;:&quot;Symbol&quot;,&quot;469769242&quot;:[8226],&quot;469777803&quot;:&quot;left&quot;,&quot;469777804&quot;:&quot;\uf0b7&quot;,&quot;469777815&quot;:&quot;hybridMultilevel&quot;}\" data-aria-posinset=\"0\" data-aria-level=\"1\"><i><span data-contrast=\"auto\">En ocasiones lleva a las personas a tomar la determinaci\u00f3n del suicidio, plante\u00f3 la psic\u00f3loga Alejandra Bonola Jim\u00e9nez<\/span><\/i><span data-ccp-props=\"{&quot;134233117&quot;:false,&quot;134233118&quot;:false,&quot;201341983&quot;:0,&quot;335559738&quot;:0,&quot;335559739&quot;:0,&quot;335559740&quot;:240}\">\u00a0<\/span><\/li>\n<li data-leveltext=\"\uf0b7\" data-font=\"Symbol\" data-listid=\"1\" data-list-defn-props=\"{&quot;335551671&quot;:0,&quot;335552541&quot;:1,&quot;335559684&quot;:-2,&quot;335559685&quot;:720,&quot;335559991&quot;:360,&quot;469769226&quot;:&quot;Symbol&quot;,&quot;469769242&quot;:[8226],&quot;469777803&quot;:&quot;left&quot;,&quot;469777804&quot;:&quot;\uf0b7&quot;,&quot;469777815&quot;:&quot;hybridMultilevel&quot;}\" data-aria-posinset=\"0\" data-aria-level=\"1\"><i><span data-contrast=\"auto\">Facultad de Enfermer\u00eda de la UV realiz\u00f3 el Foro \u201cPor la cultura de la no violencia a la mujer\u201d<\/span><\/i><span data-ccp-props=\"{&quot;134233117&quot;:false,&quot;134233118&quot;:false,&quot;201341983&quot;:0,&quot;335559738&quot;:0,&quot;335559739&quot;:0,&quot;335559740&quot;:240}\">\u00a0<\/span><\/li>\n<\/ul>\n<p><span data-ccp-props=\"{&quot;134233117&quot;:false,&quot;134233118&quot;:false,&quot;201341983&quot;:0,&quot;335559738&quot;:0,&quot;335559739&quot;:0,&quot;335559740&quot;:240}\">\u00a0<\/span><\/p>\n<p><span data-ccp-props=\"{&quot;134233117&quot;:false,&quot;134233118&quot;:false,&quot;201341983&quot;:0,&quot;335559738&quot;:0,&quot;335559739&quot;:0,&quot;335559740&quot;:240}\"> <img decoding=\"async\" loading=\"lazy\" class=\"aligncenter size-full wp-image-137941\" src=\"https:\/\/www.uv.mx\/prensa\/files\/2023\/12\/041223-COUTTOLENC-Foro-violencia-mujer-1.jpg\" alt=\"\" width=\"722\" height=\"481\" srcset=\"https:\/\/www.uv.mx\/prensa\/files\/2023\/12\/041223-COUTTOLENC-Foro-violencia-mujer-1.jpg 722w, https:\/\/www.uv.mx\/prensa\/files\/2023\/12\/041223-COUTTOLENC-Foro-violencia-mujer-1-300x200.jpg 300w\" sizes=\"(max-width: 722px) 100vw, 722px\" \/><\/span><\/p>\n<p>&nbsp;<\/p>\n<p><b><i><span data-contrast=\"auto\">Jos\u00e9 Luis Couttolenc Soto<\/span><\/i><\/b><span data-ccp-props=\"{&quot;134233117&quot;:false,&quot;134233118&quot;:false,&quot;201341983&quot;:0,&quot;335559738&quot;:0,&quot;335559739&quot;:0,&quot;335559740&quot;:240}\">\u00a0<\/span><\/p>\n<p><b><i><span data-contrast=\"auto\">Fotos: Luis Fernando Fern\u00e1ndez<\/span><\/i><\/b><span data-ccp-props=\"{&quot;134233117&quot;:false,&quot;134233118&quot;:false,&quot;201341983&quot;:0,&quot;335559738&quot;:0,&quot;335559739&quot;:0,&quot;335559740&quot;:240}\">\u00a0<\/span><\/p>\n<p><span data-ccp-props=\"{&quot;134233117&quot;:false,&quot;134233118&quot;:false,&quot;201341983&quot;:0,&quot;335559738&quot;:0,&quot;335559739&quot;:0,&quot;335559740&quot;:240}\">\u00a0<\/span><\/p>\n<p><b><i><span data-contrast=\"auto\">04\/12\/2023, Xalapa, Ver.-<\/span><\/i><\/b> <span data-contrast=\"auto\">La violencia psicol\u00f3gica deteriora emocionalmente a las personas, incluso puede hacerlas llegar al suicidio, siendo \u00e9sta la peor consecuencia de la violencia de g\u00e9nero, expres\u00f3 Alejandra Bonola Jim\u00e9nez, maestra en Investigaci\u00f3n en Psicolog\u00eda Aplicada a la Educaci\u00f3n.<\/span><span data-ccp-props=\"{&quot;134233117&quot;:false,&quot;134233118&quot;:false,&quot;201341983&quot;:0,&quot;335559738&quot;:0,&quot;335559739&quot;:0,&quot;335559740&quot;:240}\">\u00a0<\/span><\/p>\n<p><span data-contrast=\"auto\">La tambi\u00e9n coordinadora de la Red de Servicios de Salud Mental en la Jurisdicci\u00f3n Sanitaria N\u00famero V de los Servicios de Salud de Veracruz (<\/span><i><span data-contrast=\"auto\">Sesver<\/span><\/i><span data-contrast=\"auto\">), particip\u00f3 en el Foro \u201cPor la cultura de la no violencia a la mujer\u201d con la conferencia \u201cRelaci\u00f3n suicidio y violencia en la mujer\u201d.<\/span><span data-ccp-props=\"{&quot;134233117&quot;:false,&quot;134233118&quot;:false,&quot;201341983&quot;:0,&quot;335559738&quot;:0,&quot;335559739&quot;:0,&quot;335559740&quot;:240}\">\u00a0<\/span><\/p>\n<p><span data-contrast=\"auto\">El evento organizado por la Facultad de Enfermer\u00eda de la Universidad Veracruzana (UV) fue inaugurado por Silvia Lara Arellano, coordinadora de Equidad y G\u00e9nero de la entidad acad\u00e9mica en el Aula Magna de la Unidad de Ciencias de la Salud, en el marco del D\u00eda Internacional de la Eliminaci\u00f3n de la Violencia contra la Mujer (25 de noviembre).<\/span><span data-ccp-props=\"{&quot;134233117&quot;:false,&quot;134233118&quot;:false,&quot;201341983&quot;:0,&quot;335559738&quot;:0,&quot;335559739&quot;:0,&quot;335559740&quot;:240}\">\u00a0<\/span><\/p>\n<p>&nbsp;<\/p>\n<div id=\"attachment_137940\" style=\"width: 732px\" class=\"wp-caption aligncenter\"><img aria-describedby=\"caption-attachment-137940\" decoding=\"async\" loading=\"lazy\" class=\"size-full wp-image-137940\" src=\"https:\/\/www.uv.mx\/prensa\/files\/2023\/12\/041223-COUTTOLENC-Foro-violencia-mujer-2.jpg\" alt=\"\" width=\"722\" height=\"481\" srcset=\"https:\/\/www.uv.mx\/prensa\/files\/2023\/12\/041223-COUTTOLENC-Foro-violencia-mujer-2.jpg 722w, https:\/\/www.uv.mx\/prensa\/files\/2023\/12\/041223-COUTTOLENC-Foro-violencia-mujer-2-300x200.jpg 300w\" sizes=\"(max-width: 722px) 100vw, 722px\" \/><p id=\"caption-attachment-137940\" class=\"wp-caption-text\">Importante que estudiantes conozcan el contexto de la violencia a la mujer<\/p><\/div>\n<p>&nbsp;<\/p>\n<p><span data-contrast=\"auto\">La especialista enumer\u00f3 los distintos elementos por los que atraviesa una persona que atenta contra su vida: \u201cno se quiere morir, lo que busca es dejar de sentirse mal; en quienes han vivido violencia psicol\u00f3gica por un periodo largo de tiempo, se va deteriorando su capacidad de soluci\u00f3n de problemas, enfrentan una situaci\u00f3n de salud mental compleja o crisis de vida, lo que hace que el suicidio sea m\u00e1s probable\u201d.<\/span><span data-ccp-props=\"{&quot;134233117&quot;:false,&quot;134233118&quot;:false,&quot;201341983&quot;:0,&quot;335559738&quot;:0,&quot;335559739&quot;:0,&quot;335559740&quot;:240}\">\u00a0<\/span><\/p>\n<p><span data-contrast=\"auto\">Para disminuir riesgos, destac\u00f3 la detecci\u00f3n oportuna de problemas en la salud mental y a trav\u00e9s del diagn\u00f3stico, un manejo adecuado con base en el tratamiento dise\u00f1ado por especialistas.<\/span><span data-ccp-props=\"{&quot;134233117&quot;:false,&quot;134233118&quot;:false,&quot;201341983&quot;:0,&quot;335559738&quot;:0,&quot;335559739&quot;:0,&quot;335559740&quot;:240}\">\u00a0<\/span><\/p>\n<p><span data-contrast=\"auto\">Por su parte Rosal\u00eda Hern\u00e1ndez Landa, coordinadora del foro, resalt\u00f3 que, como formadores de estudiantes en el \u00e1rea de la salud, es importante que conozcan de estos temas para que tengan un panorama completo y puedan trabajar en la prevenci\u00f3n.<\/span><span data-ccp-props=\"{&quot;134233117&quot;:false,&quot;134233118&quot;:false,&quot;201341983&quot;:0,&quot;335559738&quot;:0,&quot;335559739&quot;:0,&quot;335559740&quot;:240}\">\u00a0<\/span><\/p>\n<p><span data-contrast=\"auto\">Estuvieron: Acela Medina Serv\u00edn, presidenta estatal del organismo Mujeres Transformando Vidas, A.C.; Manuel Montero Ram\u00edrez, consejero alumno; Romina Granados Monta\u00f1o, integrante del Comit\u00e9 de Equidad y G\u00e9nero de la Facultad de Enfermer\u00eda, y la acad\u00e9mica Ruth Ang\u00e9lica Landa Rivera.<\/span><span data-ccp-props=\"{&quot;134233117&quot;:false,&quot;134233118&quot;:false,&quot;201341983&quot;:0,&quot;335559738&quot;:0,&quot;335559739&quot;:0,&quot;335559740&quot;:240}\">\u00a0<\/span><\/p>\n<p><span data-ccp-props=\"{&quot;134233117&quot;:false,&quot;134233118&quot;:false,&quot;201341983&quot;:0,&quot;335559738&quot;:0,&quot;335559739&quot;:0,&quot;335559740&quot;:240}\">\u00a0<\/span><\/p>\n<div id=\"attachment_137942\" style=\"width: 732px\" class=\"wp-caption aligncenter\"><img aria-describedby=\"caption-attachment-137942\" decoding=\"async\" loading=\"lazy\" class=\"size-full wp-image-137942\" src=\"https:\/\/www.uv.mx\/prensa\/files\/2023\/12\/041223-COUTTOLENC-Foro-violencia-mujer-3.jpg\" alt=\"\" width=\"722\" height=\"481\" srcset=\"https:\/\/www.uv.mx\/prensa\/files\/2023\/12\/041223-COUTTOLENC-Foro-violencia-mujer-3.jpg 722w, https:\/\/www.uv.mx\/prensa\/files\/2023\/12\/041223-COUTTOLENC-Foro-violencia-mujer-3-300x200.jpg 300w\" sizes=\"(max-width: 722px) 100vw, 722px\" \/><p id=\"caption-attachment-137942\" class=\"wp-caption-text\">Alejandra Bonola Jim\u00e9nez ofreci\u00f3 la conferencia \u201cRelaci\u00f3n suicidio y violencia en la mujer<\/p><\/div>\n","protected":false},"excerpt":{"rendered":"<p>Es importante que desde el \u00e1rea de la salud, estudiantes conozcan el contexto para prevenirla\u00a0<\/p>\n","protected":false},"author":1869,"featured_media":137938,"comment_status":"closed","ping_status":"closed","sticky":false,"template":"","format":"standard","meta":[],"categories":[6301,8445,61],"tags":[10020,7838,14827,14912,114,14911,4162,6592,4916,7881,5236,14913],"_links":{"self":[{"href":"https:\/\/www.uv.mx\/prensa\/wp-json\/wp\/v2\/posts\/137946"}],"collection":[{"href":"https:\/\/www.uv.mx\/prensa\/wp-json\/wp\/v2\/posts"}],"about":[{"href":"https:\/\/www.uv.mx\/prensa\/wp-json\/wp\/v2\/types\/post"}],"author":[{"embeddable":true,"href":"https:\/\/www.uv.mx\/prensa\/wp-json\/wp\/v2\/users\/1869"}],"replies":[{"embeddable":true,"href":"https:\/\/www.uv.mx\/prensa\/wp-json\/wp\/v2\/comments?post=137946"}],"version-history":[{"count":1,"href":"https:\/\/www.uv.mx\/prensa\/wp-json\/wp\/v2\/posts\/137946\/revisions"}],"predecessor-version":[{"id":137950,"href":"https:\/\/www.uv.mx\/prensa\/wp-json\/wp\/v2\/posts\/137946\/revisions\/137950"}],"wp:featuredmedia":[{"embeddable":true,"href":"https:\/\/www.uv.mx\/prensa\/wp-json\/wp\/v2\/media\/137938"}],"wp:attachment":[{"href":"https:\/\/www.uv.mx\/prensa\/wp-json\/wp\/v2\/media?parent=137946"}],"wp:term":[{"taxonomy":"category","embeddable":true,"href":"https:\/\/www.uv.mx\/prensa\/wp-json\/wp\/v2\/categories?post=137946"},{"taxonomy":"post_tag","embeddable":true,"href":"https:\/\/www.uv.mx\/prensa\/wp-json\/wp\/v2\/tags?post=137946"}],"curies":[{"name":"wp","href":"https:\/\/api.w.org\/{rel}","templated":true}]}}