{"id":138160,"date":"2023-12-08T16:36:35","date_gmt":"2023-12-08T22:36:35","guid":{"rendered":"https:\/\/www.uv.mx\/prensa\/?p=138160"},"modified":"2024-01-19T13:47:13","modified_gmt":"2024-01-19T19:47:13","slug":"mas-alla-de-la-muerte-raul-moral-inspiro-a-la-comunidad-de-la-fap-uv","status":"publish","type":"post","link":"https:\/\/www.uv.mx\/prensa\/general\/mas-alla-de-la-muerte-raul-moral-inspiro-a-la-comunidad-de-la-fap-uv\/","title":{"rendered":"M\u00e1s all\u00e1 de la muerte, Ra\u00fal Moral inspir\u00f3 a la comunidad de la FAP-UV"},"content":{"rendered":"<ul>\n<li data-leveltext=\"\uf0b7\" data-font=\"Symbol\" data-listid=\"1\" data-list-defn-props=\"{&quot;335552541&quot;:1,&quot;335559684&quot;:-2,&quot;335559685&quot;:720,&quot;335559991&quot;:360,&quot;469769226&quot;:&quot;Symbol&quot;,&quot;469769242&quot;:[8226],&quot;469777803&quot;:&quot;left&quot;,&quot;469777804&quot;:&quot;\uf0b7&quot;,&quot;469777815&quot;:&quot;hybridMultilevel&quot;}\" data-aria-posinset=\"1\" data-aria-level=\"1\"><i><span data-contrast=\"auto\">Con exposici\u00f3n <\/span><\/i><span data-contrast=\"auto\">Vistiendo el dolor<\/span><i><span data-contrast=\"auto\">, estudiantes y acad\u00e9micos honraron su memoria<\/span><\/i><span data-ccp-props=\"{&quot;201341983&quot;:0,&quot;335559739&quot;:0,&quot;335559740&quot;:240}\">\u00a0<\/span><\/li>\n<li data-leveltext=\"\uf0b7\" data-font=\"Symbol\" data-listid=\"1\" data-list-defn-props=\"{&quot;335552541&quot;:1,&quot;335559684&quot;:-2,&quot;335559685&quot;:720,&quot;335559991&quot;:360,&quot;469769226&quot;:&quot;Symbol&quot;,&quot;469769242&quot;:[8226],&quot;469777803&quot;:&quot;left&quot;,&quot;469777804&quot;:&quot;\uf0b7&quot;,&quot;469777815&quot;:&quot;hybridMultilevel&quot;}\" data-aria-posinset=\"2\" data-aria-level=\"1\"><i><span data-contrast=\"auto\">Era reci\u00e9n egresado de la Licenciatura de Artes Visuales; falleci\u00f3 por c\u00e1ncer en mayo pasado, su pasi\u00f3n era pintar vestidos<\/span><\/i><span data-ccp-props=\"{&quot;201341983&quot;:0,&quot;335559739&quot;:0,&quot;335559740&quot;:240}\">\u00a0<\/span><\/li>\n<li data-leveltext=\"\uf0b7\" data-font=\"Symbol\" data-listid=\"1\" data-list-defn-props=\"{&quot;335552541&quot;:1,&quot;335559684&quot;:-2,&quot;335559685&quot;:720,&quot;335559991&quot;:360,&quot;469769226&quot;:&quot;Symbol&quot;,&quot;469769242&quot;:[8226],&quot;469777803&quot;:&quot;left&quot;,&quot;469777804&quot;:&quot;\uf0b7&quot;,&quot;469777815&quot;:&quot;hybridMultilevel&quot;}\" data-aria-posinset=\"3\" data-aria-level=\"1\"><i><span data-contrast=\"auto\">Cada participante proyect\u00f3 intervino un vestido para expresar su sentir<\/span><\/i><span data-ccp-props=\"{&quot;201341983&quot;:0,&quot;335559739&quot;:0,&quot;335559740&quot;:240}\">\u00a0<\/span><\/li>\n<\/ul>\n<p><span data-ccp-props=\"{&quot;201341983&quot;:0,&quot;335559739&quot;:0,&quot;335559740&quot;:240}\">\u00a0<\/span><\/p>\n<div id=\"attachment_138132\" style=\"width: 732px\" class=\"wp-caption aligncenter\"><img aria-describedby=\"caption-attachment-138132\" decoding=\"async\" loading=\"lazy\" class=\"size-full wp-image-138132\" src=\"https:\/\/www.uv.mx\/prensa\/files\/2023\/12\/071223-VISTIENDO-EL-DOLOR-1.jpg\" alt=\"\" width=\"722\" height=\"482\" srcset=\"https:\/\/www.uv.mx\/prensa\/files\/2023\/12\/071223-VISTIENDO-EL-DOLOR-1.jpg 722w, https:\/\/www.uv.mx\/prensa\/files\/2023\/12\/071223-VISTIENDO-EL-DOLOR-1-300x200.jpg 300w\" sizes=\"(max-width: 722px) 100vw, 722px\" \/><p id=\"caption-attachment-138132\" class=\"wp-caption-text\">Acad\u00e9micos y estudiantes de la FAP-UV montaron la exposici\u00f3n <em>Vistiendo el dolor<\/em><\/p><\/div>\n<p><span data-ccp-props=\"{&quot;201341983&quot;:0,&quot;335559739&quot;:0,&quot;335559740&quot;:240}\">\u00a0<\/span><\/p>\n<p><b><i><span data-contrast=\"auto\">Claudia Peralta V\u00e1zquez<\/span><\/i><\/b><span data-ccp-props=\"{&quot;201341983&quot;:0,&quot;335559739&quot;:0,&quot;335559740&quot;:240}\">\u00a0<\/span><\/p>\n<p><b><i><span data-contrast=\"auto\">Fotos: C\u00e9sar Pisil Ramos<\/span><\/i><\/b><span data-ccp-props=\"{&quot;201341983&quot;:0,&quot;335559739&quot;:0,&quot;335559740&quot;:240}\">\u00a0<\/span><\/p>\n<p><b><i><span data-contrast=\"auto\">08\/12\/2023, Xalapa, Ver.- <\/span><\/i><\/b><span data-contrast=\"auto\">En mayo pasado, Ra\u00fal Moral, egresado de la <a href=\"https:\/\/www.uv.mx\/artesplasticas\/\" target=\"_blank\" rel=\"noopener\">Facultad de Artes Pl\u00e1sticas<\/a> (FAP) de la Universidad Veracruzana (UV), falleci\u00f3 a causa de c\u00e1ncer, ten\u00eda apenas 27 a\u00f1os. Era tan apreciado entre la comunidad estudiantil y acad\u00e9mica que para honrar su memoria instalaron la exposici\u00f3n <\/span><i><span data-contrast=\"auto\">Vistiendo el dolor<\/span><\/i><span data-contrast=\"auto\">.<\/span><span data-ccp-props=\"{&quot;201341983&quot;:0,&quot;335559739&quot;:0,&quot;335559740&quot;:240}\">\u00a0<\/span><\/p>\n<p><span data-contrast=\"auto\">El joven, oriundo de Ojo de Agua, Chiapas, era un artista de vestidos, sobre todo de la cultura chol; los dise\u00f1aba, interven\u00eda y pintaba, emulando los que portaban las representantes de Pueblos M\u00e1gicos.<\/span><span data-ccp-props=\"{&quot;201341983&quot;:0,&quot;335559739&quot;:0,&quot;335559740&quot;:240}\">\u00a0<\/span><\/p>\n<p><span data-contrast=\"auto\">Por ello, en la exposici\u00f3n montada en la Galer\u00eda de Artes Pl\u00e1sticas, cada participante, alumna, alumno, acad\u00e9mico, acad\u00e9mica y autoridades, proyectaron el dolor que les dej\u00f3 la p\u00e9rdida de un gran compa\u00f1ero, artista y persona, a trav\u00e9s de la intervenci\u00f3n de vestidos a los que impregnaron de colores, dise\u00f1os, t\u00e9cnicas visuales y textiles.<\/span><span data-ccp-props=\"{&quot;201341983&quot;:0,&quot;335559731&quot;:708,&quot;335559739&quot;:0,&quot;335559740&quot;:240}\">\u00a0<\/span><\/p>\n<p><span data-contrast=\"auto\">El proyecto colaborativo de intervenci\u00f3n fue iniciativa de Minerva Torres Vicente, docente de la Licenciatura de Artes Visuales de la FAP, en un af\u00e1n de duelo para cada uno de los estudiantes y profesores de la entidad acad\u00e9mica.<\/span><span data-ccp-props=\"{&quot;201341983&quot;:0,&quot;335559731&quot;:708,&quot;335559739&quot;:0,&quot;335559740&quot;:240}\">\u00a0<\/span><\/p>\n<p><span data-contrast=\"auto\">\u201cRa\u00fal Moral era un artista multidisciplinario con mucha creatividad y esp\u00edritu de alegr\u00eda\u201d, expres\u00f3.<\/span><span data-ccp-props=\"{&quot;201341983&quot;:0,&quot;335559731&quot;:708,&quot;335559739&quot;:0,&quot;335559740&quot;:240}\">\u00a0<\/span><\/p>\n<p><span data-contrast=\"auto\">El dolor padecido llev\u00f3 a Minerva Torres a rescatar una pieza chol, obra de Ra\u00fal, lo cual la hizo sentir m\u00e1s tranquila. Esa necesidad de consuelo, poco tiempo despu\u00e9s se convirti\u00f3 en una propuesta y proyecto interdisciplinario de arte expandido hacia el textil.<\/span><span data-ccp-props=\"{&quot;201341983&quot;:0,&quot;335559731&quot;:708,&quot;335559739&quot;:0,&quot;335559740&quot;:240}\">\u00a0<\/span><\/p>\n<p><span data-contrast=\"auto\">\u201cMe gusta la fusi\u00f3n t\u00e9cnica de expandir el arte a otros medios, en mi clase lo llevo hacia la madera, los muebles; finalmente, unir fuerzas es el mejor proceso de aprendizaje porque el arte puede ser demasiado \u00edntimo.\u201d<\/span><span data-ccp-props=\"{&quot;201341983&quot;:0,&quot;335559731&quot;:708,&quot;335559739&quot;:0,&quot;335559740&quot;:240}\">\u00a0<\/span><\/p>\n<p><span data-contrast=\"auto\">La generaci\u00f3n de Ra\u00fal fue convocada en el \u00e1nimo de subsanar un poco el dolor por su partida. As\u00ed llegaron ocho vestidos en honor a su amigo.<\/span><span data-ccp-props=\"{&quot;201341983&quot;:0,&quot;335559731&quot;:708,&quot;335559739&quot;:0,&quot;335559740&quot;:240}\">\u00a0<\/span><\/p>\n<p>&nbsp;<\/p>\n<div id=\"attachment_138134\" style=\"width: 732px\" class=\"wp-caption aligncenter\"><img aria-describedby=\"caption-attachment-138134\" decoding=\"async\" loading=\"lazy\" class=\"size-full wp-image-138134\" src=\"https:\/\/www.uv.mx\/prensa\/files\/2023\/12\/071223-VISTIENDO-EL-DOLOR-2.jpg\" alt=\"\" width=\"722\" height=\"482\" srcset=\"https:\/\/www.uv.mx\/prensa\/files\/2023\/12\/071223-VISTIENDO-EL-DOLOR-2.jpg 722w, https:\/\/www.uv.mx\/prensa\/files\/2023\/12\/071223-VISTIENDO-EL-DOLOR-2-300x200.jpg 300w\" sizes=\"(max-width: 722px) 100vw, 722px\" \/><p id=\"caption-attachment-138134\" class=\"wp-caption-text\">La muestra se realiz\u00f3 en honor de Ra\u00fal Moral, ex alumno fallecido este a\u00f1o, para quien los vestidos eran su mejor expresi\u00f3n<\/p><\/div>\n<p>&nbsp;<\/p>\n<p><span data-contrast=\"auto\">A este proceso interdisciplinario tambi\u00e9n se sum\u00f3 Ana Gabriela Ram\u00edrez Liz\u00e1rraga, directora de la FAP; Carlos Francisco Torralba Ibarra, consejero maestro; Roxana C\u00e1mara V\u00e1zquez, coordinadora de Tutor\u00edas de Artes Visuales, entre otros.<\/span><span data-ccp-props=\"{&quot;201341983&quot;:0,&quot;335559731&quot;:708,&quot;335559739&quot;:0,&quot;335559740&quot;:240}\">\u00a0<\/span><\/p>\n<p><span data-contrast=\"auto\">En total, se reunieron alrededor de 18 vestidos para la exposici\u00f3n que tuvo lugar entre octubre y principios de diciembre del presente a\u00f1o, con la intenci\u00f3n de seguir creciendo y hacer una segunda muestra el 8 de marzo de 2024, en el marco del D\u00eda Internacional de la Mujer.<\/span><span data-ccp-props=\"{&quot;201341983&quot;:0,&quot;335559731&quot;:708,&quot;335559739&quot;:0,&quot;335559740&quot;:240}\">\u00a0<\/span><\/p>\n<p><span data-contrast=\"auto\">\u201cFue un momento importante rendir homenaje a un alumno fallecido, un artista visual tan joven que tuvo mucho eco en nosotros\u201d, expres\u00f3 Itzel Velasco P\u00e9rez, alumna de s\u00e9ptimo semestre de la Licenciatura de Artes Visuales.<\/span><span data-ccp-props=\"{&quot;201341983&quot;:0,&quot;335559731&quot;:708,&quot;335559739&quot;:0,&quot;335559740&quot;:240}\">\u00a0<\/span><\/p>\n<p><span data-contrast=\"auto\">Opin\u00f3 que iniciativas como \u00e9sta demuestran que el trabajo de los estudiantes trasciende, como el de Ra\u00fal, que logr\u00f3 inspirar a muchas personas, incluso m\u00e1s all\u00e1 de la muerte.<\/span><span data-ccp-props=\"{&quot;201341983&quot;:0,&quot;335559731&quot;:708,&quot;335559739&quot;:0,&quot;335559740&quot;:240}\">\u00a0<\/span><\/p>\n<p><span data-contrast=\"auto\">\u201cEs un gesto muy lindo de los docentes, es un trabajo hecho desde el amor y el dolor.\u201d<\/span><span data-ccp-props=\"{&quot;201341983&quot;:0,&quot;335559731&quot;:708,&quot;335559739&quot;:0,&quot;335559740&quot;:240}\">\u00a0<\/span><\/p>\n<p><span data-contrast=\"auto\">Narr\u00f3 que al inicio la propuesta la sac\u00f3 de su zona de confort porque nunca hab\u00eda trabajado con la intervenci\u00f3n de textiles; su labor est\u00e1 m\u00e1s enfocada en la gr\u00e1fica e ilustraci\u00f3n.<\/span><span data-ccp-props=\"{&quot;201341983&quot;:0,&quot;335559731&quot;:708,&quot;335559739&quot;:0,&quot;335559740&quot;:240}\">\u00a0<\/span><\/p>\n<p><span data-contrast=\"auto\">Al mismo tiempo, la actividad la anim\u00f3 a indagar en sus propios dolores. Su vestido refleja el sentimiento que dej\u00f3 la enfermedad, fruto del periodo de confinamiento por la pandemia.<\/span><span data-ccp-props=\"{&quot;201341983&quot;:0,&quot;335559731&quot;:708,&quot;335559739&quot;:0,&quot;335559740&quot;:240}\">\u00a0<\/span><\/p>\n<p><span data-contrast=\"auto\">\u201cMi vestido aborda el dolor de haber enfermado durante la pandemia, ese sentimiento que ten\u00eda, me dol\u00eda tanto que me quemaba de los pies hacia el pecho, el vestido tiene llamas y unas gotitas que representan el llanto, el llanto me dio paz y empec\u00e9 a salir de ese dolor.\u201d<\/span><span data-ccp-props=\"{&quot;201341983&quot;:0,&quot;335559731&quot;:708,&quot;335559739&quot;:0,&quot;335559740&quot;:240}\">\u00a0<\/span><\/p>\n<p><span data-contrast=\"auto\">Para Itzel result\u00f3 interesante ver la perspectiva del resto de sus compa\u00f1eros; cada uno, a su manera, canalizaron el dolor por medio del arte. \u201cSignific\u00f3 mucho trabajo, introspecci\u00f3n, y dio pie a que como artistas pudi\u00e9ramos manejar otras t\u00e9cnicas visuales\u201d.<\/span><span data-ccp-props=\"{&quot;201341983&quot;:0,&quot;335559731&quot;:708,&quot;335559739&quot;:0,&quot;335559740&quot;:240}\">\u00a0<\/span><\/p>\n<p><span data-contrast=\"auto\">Roxana C\u00e1mara V\u00e1zquez expres\u00f3 su emoci\u00f3n por ver el resultado de la exposici\u00f3n para honrar el recuerdo de Ra\u00fal. Finalmente, dijo, la grandeza, versatilidad y creatividad que siempre lo caracterizaron sirvi\u00f3 para vestir el dolor.<\/span><span data-ccp-props=\"{&quot;201341983&quot;:0,&quot;335559739&quot;:0,&quot;335559740&quot;:240}\">\u00a0<\/span><\/p>\n<p><span data-contrast=\"auto\">\u201cM\u00e1s que ex alumno, Ra\u00fal era amigo y muy talentoso, el vestido era su mejor expresi\u00f3n.\u201d<\/span><span data-ccp-props=\"{&quot;201341983&quot;:0,&quot;335559731&quot;:708,&quot;335559739&quot;:0,&quot;335559740&quot;:240}\">\u00a0<\/span><\/p>\n<p>&nbsp;<\/p>\n<div id=\"attachment_138133\" style=\"width: 732px\" class=\"wp-caption aligncenter\"><img aria-describedby=\"caption-attachment-138133\" decoding=\"async\" loading=\"lazy\" class=\"size-full wp-image-138133\" src=\"https:\/\/www.uv.mx\/prensa\/files\/2023\/12\/041223-VISTIENDO-EL-DOLOR-3.jpg\" alt=\"\" width=\"722\" height=\"351\" srcset=\"https:\/\/www.uv.mx\/prensa\/files\/2023\/12\/041223-VISTIENDO-EL-DOLOR-3.jpg 722w, https:\/\/www.uv.mx\/prensa\/files\/2023\/12\/041223-VISTIENDO-EL-DOLOR-3-300x146.jpg 300w\" sizes=\"(max-width: 722px) 100vw, 722px\" \/><p id=\"caption-attachment-138133\" class=\"wp-caption-text\">Vistiendo el dolor es un proyecto que esperan crezca y se fortalezca con la participaci\u00f3n de personas que deseen sumarse<\/p><\/div>\n<p>&nbsp;<\/p>\n<p><span data-contrast=\"auto\">Record\u00f3 el viaje de intercambio que el joven hizo a Colombia antes de la pandemia, donde organiz\u00f3 una exposici\u00f3n de D\u00eda de Muertos que fue celebrada y aplaudida en ese pa\u00eds.<\/span><span data-ccp-props=\"{&quot;201341983&quot;:0,&quot;335559739&quot;:0,&quot;335559740&quot;:240}\">\u00a0<\/span><\/p>\n<p><span data-contrast=\"auto\">Cuando surgi\u00f3 la idea de la muestra, ella reflexion\u00f3 sobre todos los par\u00e1metros del dolor. En su caso, plasm\u00f3 en el vestido el tema de personas desaparecidas.<\/span><span data-ccp-props=\"{&quot;201341983&quot;:0,&quot;335559731&quot;:708,&quot;335559739&quot;:0,&quot;335559740&quot;:240}\">\u00a0<\/span><\/p>\n<p><span data-contrast=\"auto\">El atuendo, uno de los m\u00e1s amplios y largos de la exposici\u00f3n, cobr\u00f3 vida en el cuerpo y movimientos de una bailarina, durante un evento efectuado en la FAP, donde hubo arte sonoro y corporal.<\/span><span data-ccp-props=\"{&quot;201341983&quot;:0,&quot;335559731&quot;:708,&quot;335559739&quot;:0,&quot;335559740&quot;:240}\">\u00a0<\/span><\/p>\n<p><span data-contrast=\"auto\">Coment\u00f3 que al hablar de la propuesta a sus estudiantes, ellos se mostraron sorprendidos de saber que pod\u00edan decorarlo, adornarlo, pintarlo e intervenirlo a su manera, pues en sus clases siempre busca provocarlos y motivarlos a salir de su espacio de confort.<\/span><span data-ccp-props=\"{&quot;201341983&quot;:0,&quot;335559731&quot;:708,&quot;335559739&quot;:0,&quot;335559740&quot;:240}\">\u00a0<\/span><\/p>\n<p><span data-contrast=\"auto\">\u201cEso provoca que tengan otros procesos creativos, emocionales y t\u00e1ctiles.\u201d<\/span><span data-ccp-props=\"{&quot;201341983&quot;:0,&quot;335559731&quot;:708,&quot;335559739&quot;:0,&quot;335559740&quot;:240}\">\u00a0<\/span><\/p>\n<p><span data-contrast=\"auto\">A\u00f1adi\u00f3 que procesos colaborativos como \u00e9ste fortalecen no s\u00f3lo la ense\u00f1anza-aprendizaje de los estudiantes, sino tambi\u00e9n a la comunidad para hablar de esos temas que no son nada f\u00e1ciles de transmitir.<\/span><span data-ccp-props=\"{&quot;201341983&quot;:0,&quot;335559731&quot;:708,&quot;335559739&quot;:0,&quot;335559740&quot;:240}\">\u00a0<\/span><\/p>\n","protected":false},"excerpt":{"rendered":"<p>\u201cFue un artista multidisciplinario con mucha creatividad y esp\u00edritu de alegr\u00eda\u201d, expres\u00f3 una de sus profesoras<\/p>\n","protected":false},"author":2349,"featured_media":138131,"comment_status":"closed","ping_status":"closed","sticky":false,"template":"","format":"standard","meta":[],"categories":[1],"tags":[6263,4163,15023,8042,15025,4311,914,15027,358,15026,15024],"_links":{"self":[{"href":"https:\/\/www.uv.mx\/prensa\/wp-json\/wp\/v2\/posts\/138160"}],"collection":[{"href":"https:\/\/www.uv.mx\/prensa\/wp-json\/wp\/v2\/posts"}],"about":[{"href":"https:\/\/www.uv.mx\/prensa\/wp-json\/wp\/v2\/types\/post"}],"author":[{"embeddable":true,"href":"https:\/\/www.uv.mx\/prensa\/wp-json\/wp\/v2\/users\/2349"}],"replies":[{"embeddable":true,"href":"https:\/\/www.uv.mx\/prensa\/wp-json\/wp\/v2\/comments?post=138160"}],"version-history":[{"count":1,"href":"https:\/\/www.uv.mx\/prensa\/wp-json\/wp\/v2\/posts\/138160\/revisions"}],"predecessor-version":[{"id":138954,"href":"https:\/\/www.uv.mx\/prensa\/wp-json\/wp\/v2\/posts\/138160\/revisions\/138954"}],"wp:featuredmedia":[{"embeddable":true,"href":"https:\/\/www.uv.mx\/prensa\/wp-json\/wp\/v2\/media\/138131"}],"wp:attachment":[{"href":"https:\/\/www.uv.mx\/prensa\/wp-json\/wp\/v2\/media?parent=138160"}],"wp:term":[{"taxonomy":"category","embeddable":true,"href":"https:\/\/www.uv.mx\/prensa\/wp-json\/wp\/v2\/categories?post=138160"},{"taxonomy":"post_tag","embeddable":true,"href":"https:\/\/www.uv.mx\/prensa\/wp-json\/wp\/v2\/tags?post=138160"}],"curies":[{"name":"wp","href":"https:\/\/api.w.org\/{rel}","templated":true}]}}