{"id":138165,"date":"2023-12-08T16:53:34","date_gmt":"2023-12-08T22:53:34","guid":{"rendered":"https:\/\/www.uv.mx\/prensa\/?p=138165"},"modified":"2024-01-19T13:45:13","modified_gmt":"2024-01-19T19:45:13","slug":"region-de-altas-montanas-posible-refugio-de-esclavos-africanos","status":"publish","type":"post","link":"https:\/\/www.uv.mx\/prensa\/general\/region-de-altas-montanas-posible-refugio-de-esclavos-africanos\/","title":{"rendered":"Regi\u00f3n de Altas Monta\u00f1as, posible refugio de esclavos africanos"},"content":{"rendered":"<ul>\n<li data-leveltext=\"\uf0b7\" data-font=\"Symbol\" data-listid=\"2\" data-list-defn-props=\"{&quot;335552541&quot;:1,&quot;335559684&quot;:-2,&quot;335559685&quot;:720,&quot;335559991&quot;:360,&quot;469769226&quot;:&quot;Symbol&quot;,&quot;469769242&quot;:[8226],&quot;469777803&quot;:&quot;left&quot;,&quot;469777804&quot;:&quot;\uf0b7&quot;,&quot;469777815&quot;:&quot;hybridMultilevel&quot;}\" data-aria-posinset=\"1\" data-aria-level=\"1\"><i><span data-contrast=\"auto\">Plante\u00f3 Ram\u00f3n Moreno, investigador independiente, en su participaci\u00f3n en el IV Coloquio Internacional Antropolog\u00eda, Historia y Arte en el Caribe<\/span><\/i><span data-ccp-props=\"{}\">\u00a0<\/span><\/li>\n<li data-leveltext=\"\uf0b7\" data-font=\"Symbol\" data-listid=\"2\" data-list-defn-props=\"{&quot;335552541&quot;:1,&quot;335559684&quot;:-2,&quot;335559685&quot;:720,&quot;335559991&quot;:360,&quot;469769226&quot;:&quot;Symbol&quot;,&quot;469769242&quot;:[8226],&quot;469777803&quot;:&quot;left&quot;,&quot;469777804&quot;:&quot;\uf0b7&quot;,&quot;469777815&quot;:&quot;hybridMultilevel&quot;}\" data-aria-posinset=\"2\" data-aria-level=\"1\"><i><span data-contrast=\"auto\">Brenhis Xochihua y Alejandro Jim\u00e9nez hablaron sobre la Danza de los Negritos, que relata la historia de un esclavo y su madre<\/span><\/i><span data-ccp-props=\"{}\">\u00a0<\/span><\/li>\n<\/ul>\n<p><span data-ccp-props=\"{}\">\u00a0<\/span><\/p>\n<div id=\"attachment_138151\" style=\"width: 732px\" class=\"wp-caption aligncenter\"><img aria-describedby=\"caption-attachment-138151\" decoding=\"async\" loading=\"lazy\" class=\"size-full wp-image-138151\" src=\"https:\/\/www.uv.mx\/prensa\/files\/2023\/12\/081223-PAOLA-Afrodescendencia-1.jpg\" alt=\"\" width=\"722\" height=\"459\" srcset=\"https:\/\/www.uv.mx\/prensa\/files\/2023\/12\/081223-PAOLA-Afrodescendencia-1.jpg 722w, https:\/\/www.uv.mx\/prensa\/files\/2023\/12\/081223-PAOLA-Afrodescendencia-1-300x191.jpg 300w\" sizes=\"(max-width: 722px) 100vw, 722px\" \/><p id=\"caption-attachment-138151\" class=\"wp-caption-text\">Participantes de la Mesa 7 \u201cAfrodescendencia\u201d del IV Coloquio Internacional Antropolog\u00eda, Historia y Arte en el Caribe<\/p><\/div>\n<p><span data-ccp-props=\"{}\">\u00a0<\/span><\/p>\n<p><b><i><span data-contrast=\"auto\">Paola Cort\u00e9s P\u00e9rez<\/span><\/i><\/b><span data-ccp-props=\"{}\">\u00a0<\/span><\/p>\n<p><b><i><span data-contrast=\"auto\">08\/12\/2023, Xalapa, Ver.-<\/span><\/i><\/b><span data-contrast=\"auto\"> La regi\u00f3n de las Altas Monta\u00f1as del estado de Veracruz tambi\u00e9n fue refugio para los esclavos africanos que hu\u00edan de los malos tratos que recib\u00edan en las haciendas azucareras, plante\u00f3 Ram\u00f3n Moreno Alvarado, investigador independiente, en su participaci\u00f3n en la Mesa 7 \u201cAfrodescendencia\u201d del IV Coloquio Internacional Antropolog\u00eda, Historia y Arte en el Caribe.<\/span><span data-ccp-props=\"{}\">\u00a0<\/span><\/p>\n<p><span data-contrast=\"auto\">El encuentro lo organizaron el <a href=\"https:\/\/www.uv.mx\/ida\/\" target=\"_blank\" rel=\"noopener\">Instituto de Antropolog\u00eda<\/a> y la <a href=\"https:\/\/www.uv.mx\/historia\/\" target=\"_blank\" rel=\"noopener\">Facultad de Historia<\/a>, ambas de la Universidad Veracruzana (UV), en el Sal\u00f3n Azul de la Unidad Acad\u00e9mica de Humanidades.<\/span><span data-ccp-props=\"{&quot;335559731&quot;:708}\">\u00a0<\/span><\/p>\n<p><span data-contrast=\"auto\">Ram\u00f3n Moreno present\u00f3 la ponencia \u201cEn busca del habla perdida. Geograf\u00eda del idiolecto afromonta\u00f1\u00e9s en la narrativa oral rural en la zona de las Altas Monta\u00f1as de Veracruz\u201d, donde sostuvo que al realizarse un an\u00e1lisis de las expresiones y la variabilidad ling\u00fc\u00edsticas de algunas localidades de la zona monta\u00f1osa, puede verse la similitud con algunas comunidades africanas asentadas en la costa del estado.<\/span><span data-ccp-props=\"{&quot;335559731&quot;:708}\">\u00a0<\/span><\/p>\n<p><span data-contrast=\"auto\">\u201cEncontr\u00e9 que el habla de algunos lugares de la sierra es parecido al de Tlacojalpan, as\u00ed que en este espacio no s\u00f3lo habitaron los ind\u00edgenas, sino que tambi\u00e9n fundaron sus comunidades los esclavos africanos.\u201d<\/span><span data-ccp-props=\"{&quot;335559731&quot;:708}\">\u00a0<\/span><\/p>\n<p><span data-contrast=\"auto\">En tanto, Brenhis Daniel Xochihua Garc\u00eda, egresado de la Facultad de Historia, y Alejandro Jim\u00e9nez M\u00e9ndez, estudiante de la Universidad Veracruzana Intercultural (UV-Intercultural), sede Totonacapan, impartieron la charla \u201cLa ceremonia de la v\u00edbora en la Danza de los Negritos. La presencia afrocaribe\u00f1a en la costa del Totonacapan\u201d.<\/span><span data-ccp-props=\"{&quot;335559731&quot;:708}\">\u00a0<\/span><\/p>\n<p>&nbsp;<\/p>\n<div id=\"attachment_138152\" style=\"width: 732px\" class=\"wp-caption aligncenter\"><img aria-describedby=\"caption-attachment-138152\" decoding=\"async\" loading=\"lazy\" class=\"size-full wp-image-138152\" src=\"https:\/\/www.uv.mx\/prensa\/files\/2023\/12\/081223-PAOLA-Afrodescendencia-2.jpg\" alt=\"\" width=\"722\" height=\"406\" srcset=\"https:\/\/www.uv.mx\/prensa\/files\/2023\/12\/081223-PAOLA-Afrodescendencia-2.jpg 722w, https:\/\/www.uv.mx\/prensa\/files\/2023\/12\/081223-PAOLA-Afrodescendencia-2-300x169.jpg 300w\" sizes=\"(max-width: 722px) 100vw, 722px\" \/><p id=\"caption-attachment-138152\" class=\"wp-caption-text\">Egresado y estudiante UV hablaron sobre la Danza de los Negritos en la regi\u00f3n del Totonacapan<\/p><\/div>\n<p>&nbsp;<\/p>\n<p><span data-contrast=\"auto\">Alejandro Jim\u00e9nez dijo que esta danza relata la historia de un joven esclavo africano, quien al ser enviado al monte a trabajar fue mordido por una v\u00edbora; su madre al enterarse de lo sucedido fue a auxiliarlo \u2013junto con otros esclavos e ind\u00edgenas\u2013. Al ver que morir\u00eda, comenz\u00f3 a realizar una ceremonia que consist\u00eda en un baile, canto y gritos alrededor del joven, que dur\u00f3 toda la noche. Los totonacos al quedar asombrados, comenzaron a imitarla y as\u00ed se origin\u00f3 dicho baile.<\/span><span data-ccp-props=\"{&quot;335559731&quot;:708}\">\u00a0<\/span><\/p>\n<p><span data-contrast=\"auto\">\u201cDura de entre seis u ocho horas, aunque puede ser m\u00e1s el tiempo dependiendo de cada grupo de danzantes; s\u00f3lo se baila en ocasiones especiales, pero cada vez se presenta menos porque se ha ido perdiendo, conforme son menos las personas que la conocen.\u201d<\/span><span data-ccp-props=\"{&quot;335559731&quot;:708}\">\u00a0<\/span><\/p>\n<p><span data-contrast=\"auto\">Brenhis Daniel Xochihua dijo que es importante registrar y estudiar la danza porque muestra una parte de la historia de la llegada de los sones africanos, los cuales s\u00f3lo los hac\u00edan de noche, despu\u00e9s de las largas jornadas en los plant\u00edos de ca\u00f1a.<\/span><\/p>\n","protected":false},"excerpt":{"rendered":"<p>Ram\u00f3n Moreno dijo que es necesario hacer un an\u00e1lisis de la variabilidad y expresiones ling\u00fc\u00edsticas de algunas localidades de la zona monta\u00f1osa de Veracruz, por su similitud con las de algunas comunidades africanas asentadas en la costa del estado\u00a0<\/p>\n","protected":false},"author":2349,"featured_media":138153,"comment_status":"closed","ping_status":"closed","sticky":false,"template":"","format":"standard","meta":[],"categories":[11,47,1,8444],"tags":[15035,15032,1993,2284,15036,15034,247,3807,10521,73,15031,4164,15033,13649],"_links":{"self":[{"href":"https:\/\/www.uv.mx\/prensa\/wp-json\/wp\/v2\/posts\/138165"}],"collection":[{"href":"https:\/\/www.uv.mx\/prensa\/wp-json\/wp\/v2\/posts"}],"about":[{"href":"https:\/\/www.uv.mx\/prensa\/wp-json\/wp\/v2\/types\/post"}],"author":[{"embeddable":true,"href":"https:\/\/www.uv.mx\/prensa\/wp-json\/wp\/v2\/users\/2349"}],"replies":[{"embeddable":true,"href":"https:\/\/www.uv.mx\/prensa\/wp-json\/wp\/v2\/comments?post=138165"}],"version-history":[{"count":1,"href":"https:\/\/www.uv.mx\/prensa\/wp-json\/wp\/v2\/posts\/138165\/revisions"}],"predecessor-version":[{"id":138952,"href":"https:\/\/www.uv.mx\/prensa\/wp-json\/wp\/v2\/posts\/138165\/revisions\/138952"}],"wp:featuredmedia":[{"embeddable":true,"href":"https:\/\/www.uv.mx\/prensa\/wp-json\/wp\/v2\/media\/138153"}],"wp:attachment":[{"href":"https:\/\/www.uv.mx\/prensa\/wp-json\/wp\/v2\/media?parent=138165"}],"wp:term":[{"taxonomy":"category","embeddable":true,"href":"https:\/\/www.uv.mx\/prensa\/wp-json\/wp\/v2\/categories?post=138165"},{"taxonomy":"post_tag","embeddable":true,"href":"https:\/\/www.uv.mx\/prensa\/wp-json\/wp\/v2\/tags?post=138165"}],"curies":[{"name":"wp","href":"https:\/\/api.w.org\/{rel}","templated":true}]}}