{"id":138289,"date":"2023-12-12T19:57:57","date_gmt":"2023-12-13T01:57:57","guid":{"rendered":"https:\/\/www.uv.mx\/prensa\/?p=138289"},"modified":"2024-01-16T14:30:20","modified_gmt":"2024-01-16T20:30:20","slug":"uv-participa-en-evaluacion-de-docencia-colaborativa-internacional","status":"publish","type":"post","link":"https:\/\/www.uv.mx\/prensa\/general\/uv-participa-en-evaluacion-de-docencia-colaborativa-internacional\/","title":{"rendered":"UV participa en evaluaci\u00f3n de docencia colaborativa internacional"},"content":{"rendered":"<ul>\n<li data-leveltext=\"\uf0b7\" data-font=\"Symbol\" data-listid=\"1\" data-list-defn-props=\"{&quot;335551671&quot;:0,&quot;335552541&quot;:1,&quot;335559684&quot;:-2,&quot;335559685&quot;:720,&quot;335559991&quot;:360,&quot;469769226&quot;:&quot;Symbol&quot;,&quot;469769242&quot;:[8226],&quot;469777803&quot;:&quot;left&quot;,&quot;469777804&quot;:&quot;\uf0b7&quot;,&quot;469777815&quot;:&quot;hybridMultilevel&quot;}\" data-aria-posinset=\"0\" data-aria-level=\"1\"><i><span data-contrast=\"auto\">Intervinieron dos universidades de M\u00e9xico y cuatro colombianas<\/span><\/i><span data-ccp-props=\"{&quot;201341983&quot;:0,&quot;335559739&quot;:0,&quot;335559740&quot;:240}\">\u00a0<\/span><\/li>\n<li data-leveltext=\"\uf0b7\" data-font=\"Symbol\" data-listid=\"1\" data-list-defn-props=\"{&quot;335551671&quot;:0,&quot;335552541&quot;:1,&quot;335559684&quot;:-2,&quot;335559685&quot;:720,&quot;335559991&quot;:360,&quot;469769226&quot;:&quot;Symbol&quot;,&quot;469769242&quot;:[8226],&quot;469777803&quot;:&quot;left&quot;,&quot;469777804&quot;:&quot;\uf0b7&quot;,&quot;469777815&quot;:&quot;hybridMultilevel&quot;}\" data-aria-posinset=\"0\" data-aria-level=\"1\"><i><span data-contrast=\"auto\">El proyecto \u201cCaja de herramientas para fortalecer los procesos de evaluaci\u00f3n de las estrategias de docencia colaborativa internacional virtual\u201d, es promovido por la AMPEI y la RCI<\/span><\/i><span data-ccp-props=\"{&quot;201341983&quot;:0,&quot;335559739&quot;:0,&quot;335559740&quot;:240}\">\u00a0<\/span><\/li>\n<\/ul>\n<p><span data-ccp-props=\"{&quot;201341983&quot;:0,&quot;335559739&quot;:0,&quot;335559740&quot;:240}\">\u00a0<\/span><\/p>\n<div id=\"attachment_138292\" style=\"width: 732px\" class=\"wp-caption aligncenter\"><img aria-describedby=\"caption-attachment-138292\" decoding=\"async\" loading=\"lazy\" class=\"size-full wp-image-138292\" src=\"https:\/\/www.uv.mx\/prensa\/files\/2023\/12\/111223-COUTTOLENC-Proyecto-docencia-colaborativa-1-100k.jpg\" alt=\"\" width=\"722\" height=\"406\" srcset=\"https:\/\/www.uv.mx\/prensa\/files\/2023\/12\/111223-COUTTOLENC-Proyecto-docencia-colaborativa-1-100k.jpg 722w, https:\/\/www.uv.mx\/prensa\/files\/2023\/12\/111223-COUTTOLENC-Proyecto-docencia-colaborativa-1-100k-300x169.jpg 300w\" sizes=\"(max-width: 722px) 100vw, 722px\" \/><p id=\"caption-attachment-138292\" class=\"wp-caption-text\">En sesi\u00f3n virtual se present\u00f3 el proyecto \u201cCaja de herramientas para fortalecer los procesos de evaluaci\u00f3n de las estrategias de docencia colaborativa internacional virtual\u201d<\/p><\/div>\n<p><span data-ccp-props=\"{&quot;201341983&quot;:0,&quot;335559739&quot;:0,&quot;335559740&quot;:240}\">\u00a0<\/span><\/p>\n<p><b><i><span data-contrast=\"auto\">Jos\u00e9 Luis Couttolenc Soto<\/span><\/i><\/b><span data-ccp-props=\"{&quot;201341983&quot;:0,&quot;335559739&quot;:0,&quot;335559740&quot;:240}\">\u00a0<\/span><\/p>\n<p><b><i><span data-contrast=\"auto\">Fotos: Jos\u00e9 Rujiro Hern\u00e1ndez Temis<\/span><\/i><\/b><span data-ccp-props=\"{&quot;201341983&quot;:0,&quot;335559739&quot;:0,&quot;335559740&quot;:240}\">\u00a0<\/span><\/p>\n<p><b><i><span data-contrast=\"auto\">12\/12\/2023, Xalapa, Ver.- <\/span><\/i><\/b><span data-contrast=\"auto\">Desde hace poco m\u00e1s de 18 meses la <a href=\"https:\/\/www.uv.mx\/\" target=\"_blank\" rel=\"noopener\">Universidad Veracruzana<\/a> (UV) forma parte de un equipo de trabajo encargado del dise\u00f1o, elaboraci\u00f3n y puesta en pr\u00e1ctica del proyecto \u201cCaja de herramientas para fortalecer los procesos de evaluaci\u00f3n de las estrategias de docencia colaborativa internacional virtual\u201d, el cual ya rinde sus primeros frutos.<\/span><span data-ccp-props=\"{&quot;201341983&quot;:0,&quot;335559739&quot;:0,&quot;335559740&quot;:240}\">\u00a0<\/span><\/p>\n<p><span data-contrast=\"auto\">En el desarrollo del mismo participan dos universidades de M\u00e9xico: la UV y la Universidad de Guadalajara, y cuatro colombianas: Sim\u00f3n Bol\u00edvar, la Corporaci\u00f3n Universitaria del Caribe, La Guajira y Cat\u00f3lica de Manizales.<\/span><span data-ccp-props=\"{&quot;134233117&quot;:false,&quot;134233118&quot;:false,&quot;201341983&quot;:0,&quot;335559738&quot;:0,&quot;335559739&quot;:0,&quot;335559740&quot;:240}\">\u00a0<\/span><\/p>\n<p>&nbsp;<\/p>\n<div id=\"attachment_138293\" style=\"width: 732px\" class=\"wp-caption aligncenter\"><img aria-describedby=\"caption-attachment-138293\" decoding=\"async\" loading=\"lazy\" class=\"size-full wp-image-138293\" src=\"https:\/\/www.uv.mx\/prensa\/files\/2023\/12\/111223-COUTTOLENC-Proyecto-docencia-colaborativa-2-100k.jpg\" alt=\"\" width=\"722\" height=\"406\" srcset=\"https:\/\/www.uv.mx\/prensa\/files\/2023\/12\/111223-COUTTOLENC-Proyecto-docencia-colaborativa-2-100k.jpg 722w, https:\/\/www.uv.mx\/prensa\/files\/2023\/12\/111223-COUTTOLENC-Proyecto-docencia-colaborativa-2-100k-300x169.jpg 300w\" sizes=\"(max-width: 722px) 100vw, 722px\" \/><p id=\"caption-attachment-138293\" class=\"wp-caption-text\">Estar\u00e1 disponible para las IES interesadas en consolidar sus esquemas y procesos de internacionalizaci\u00f3n<\/p><\/div>\n<p>&nbsp;<\/p>\n<p><span data-contrast=\"auto\">El financiamiento fue de la Red Colombiana para la Internacionalizaci\u00f3n (RCI) de la educaci\u00f3n superior, y la coordinaci\u00f3n estuvo a cargo de \u00e9sta misma y de la Asociaci\u00f3n Mexicana para la Educaci\u00f3n Internacional (AMPEI).<\/span><span data-ccp-props=\"{&quot;134233117&quot;:false,&quot;134233118&quot;:false,&quot;201341983&quot;:0,&quot;335559731&quot;:708,&quot;335559738&quot;:0,&quot;335559739&quot;:0,&quot;335559740&quot;:240}\">\u00a0<\/span><\/p>\n<p><span data-contrast=\"auto\">Durante una sesi\u00f3n virtual se present\u00f3 el proyecto y algunos de sus avances.<\/span><span data-ccp-props=\"{&quot;134233117&quot;:false,&quot;134233118&quot;:false,&quot;201341983&quot;:0,&quot;335559738&quot;:0,&quot;335559739&quot;:0,&quot;335559740&quot;:240}\">\u00a0<\/span><\/p>\n<p><span data-contrast=\"auto\">Daniel Arturo Romero Le\u00f3n, coordinador de Movilidad Estudiantil y Acad\u00e9mica de la Direcci\u00f3n General de Relaciones Internacionales de la UV, dio a conocer que durante poco m\u00e1s de un a\u00f1o las instituciones de Educaci\u00f3n Superior (IES) participaron en el trazo de una l\u00ednea de trabajo de un proyecto que estar\u00e1 disponible de forma gratuita para cualquier universidad interesada en consolidar sus esquemas y procesos de internacionalizaci\u00f3n, particularmente en la utilizaci\u00f3n de la tecnolog\u00eda.<\/span><span data-ccp-props=\"{&quot;134233117&quot;:false,&quot;134233118&quot;:false,&quot;201341983&quot;:0,&quot;335559738&quot;:0,&quot;335559739&quot;:0,&quot;335559740&quot;:240}\">\u00a0<\/span><\/p>\n<p><span data-contrast=\"auto\">Resalt\u00f3 que con la pandemia, las IES se abocaron al tema digital y virtual, por lo que era importante contar con un punto de partida, y \u00e9ste lo constituye la caja de herramientas para las instituciones que quieran seguir por estos esquemas, que entre sus prop\u00f3sitos est\u00e1n: documentar, sistematizar y analizar experiencias previas de colaboraci\u00f3n internacional virtual docente.<\/span><span data-ccp-props=\"{&quot;201341983&quot;:0,&quot;335559739&quot;:0,&quot;335559740&quot;:240}\">\u00a0<\/span><\/p>\n<p>&nbsp;<\/p>\n<div id=\"attachment_138294\" style=\"width: 732px\" class=\"wp-caption aligncenter\"><img aria-describedby=\"caption-attachment-138294\" decoding=\"async\" loading=\"lazy\" class=\"size-full wp-image-138294\" src=\"https:\/\/www.uv.mx\/prensa\/files\/2023\/12\/111223-COUTTOLENC-Proyecto-docencia-colaborativa-3-100k.jpg\" alt=\"\" width=\"722\" height=\"406\" srcset=\"https:\/\/www.uv.mx\/prensa\/files\/2023\/12\/111223-COUTTOLENC-Proyecto-docencia-colaborativa-3-100k.jpg 722w, https:\/\/www.uv.mx\/prensa\/files\/2023\/12\/111223-COUTTOLENC-Proyecto-docencia-colaborativa-3-100k-300x169.jpg 300w\" sizes=\"(max-width: 722px) 100vw, 722px\" \/><p id=\"caption-attachment-138294\" class=\"wp-caption-text\">M\u00e9xico y Colombia tienen amplia colecci\u00f3n de experiencias de trabajo virtual y online<\/p><\/div>\n<p>&nbsp;<\/p>\n<p><span data-contrast=\"auto\">Romero Le\u00f3n dijo que de acuerdo al reporte de investigaci\u00f3n sobre experiencias de implementaci\u00f3n de servicios de colaboraci\u00f3n, tanto Colombia como M\u00e9xico refieren una amplia colecci\u00f3n de trabajo virtual y <\/span><i><span data-contrast=\"auto\">online<\/span><\/i><span data-contrast=\"auto\">.<\/span><span data-ccp-props=\"{&quot;201341983&quot;:0,&quot;335559739&quot;:0,&quot;335559740&quot;:240}\">\u00a0<\/span><\/p>\n<p><span data-contrast=\"auto\">Por su parte Tania Lafont Castillo, coordinadora de Internacionalizaci\u00f3n de la Investigaci\u00f3n de la Universidad Sim\u00f3n Bol\u00edvar, se refiri\u00f3 a algunos de los resultados del proyecto, entre los que se encuentran: un glosario de los principales t\u00e9rminos relacionados con la colaboraci\u00f3n virtual docente; manual que indica las acciones fundamentales en cada etapa de la colaboraci\u00f3n (planeaci\u00f3n, ejecuci\u00f3n y evaluaci\u00f3n); una lista de chequeo para examinar las diferentes dimensiones de esta colaboraci\u00f3n y un curso sobre la misma tem\u00e1tica que alojar\u00e1 M\u00e9xico.<\/span><span data-ccp-props=\"{&quot;201341983&quot;:0,&quot;335559739&quot;:0,&quot;335559740&quot;:240}\">\u00a0<\/span><\/p>\n","protected":false},"excerpt":{"rendered":"<p>El proyecto estar\u00e1 disponible gratuitamente para IES interesadas en consolidar sus procesos de internacionalizaci\u00f3n\u00a0<\/p>\n","protected":false},"author":2349,"featured_media":138295,"comment_status":"closed","ping_status":"closed","sticky":false,"template":"","format":"standard","meta":[],"categories":[47,1,8455],"tags":[15114,384,15116,15112,4162,6767,15113,15115,13533,786,454],"_links":{"self":[{"href":"https:\/\/www.uv.mx\/prensa\/wp-json\/wp\/v2\/posts\/138289"}],"collection":[{"href":"https:\/\/www.uv.mx\/prensa\/wp-json\/wp\/v2\/posts"}],"about":[{"href":"https:\/\/www.uv.mx\/prensa\/wp-json\/wp\/v2\/types\/post"}],"author":[{"embeddable":true,"href":"https:\/\/www.uv.mx\/prensa\/wp-json\/wp\/v2\/users\/2349"}],"replies":[{"embeddable":true,"href":"https:\/\/www.uv.mx\/prensa\/wp-json\/wp\/v2\/comments?post=138289"}],"version-history":[{"count":1,"href":"https:\/\/www.uv.mx\/prensa\/wp-json\/wp\/v2\/posts\/138289\/revisions"}],"predecessor-version":[{"id":138795,"href":"https:\/\/www.uv.mx\/prensa\/wp-json\/wp\/v2\/posts\/138289\/revisions\/138795"}],"wp:featuredmedia":[{"embeddable":true,"href":"https:\/\/www.uv.mx\/prensa\/wp-json\/wp\/v2\/media\/138295"}],"wp:attachment":[{"href":"https:\/\/www.uv.mx\/prensa\/wp-json\/wp\/v2\/media?parent=138289"}],"wp:term":[{"taxonomy":"category","embeddable":true,"href":"https:\/\/www.uv.mx\/prensa\/wp-json\/wp\/v2\/categories?post=138289"},{"taxonomy":"post_tag","embeddable":true,"href":"https:\/\/www.uv.mx\/prensa\/wp-json\/wp\/v2\/tags?post=138289"}],"curies":[{"name":"wp","href":"https:\/\/api.w.org\/{rel}","templated":true}]}}