{"id":138386,"date":"2023-12-14T19:01:30","date_gmt":"2023-12-15T01:01:30","guid":{"rendered":"https:\/\/www.uv.mx\/prensa\/?p=138386"},"modified":"2024-01-12T14:34:00","modified_gmt":"2024-01-12T20:34:00","slug":"informacion-compartida-en-internet-nunca-podra-ser-borrada","status":"publish","type":"post","link":"https:\/\/www.uv.mx\/prensa\/tecnologia\/informacion-compartida-en-internet-nunca-podra-ser-borrada\/","title":{"rendered":"Informaci\u00f3n compartida en internet nunca podr\u00e1 ser borrada"},"content":{"rendered":"<ul>\n<li data-leveltext=\"\uf0b7\" data-font=\"Symbol\" data-listid=\"1\" data-list-defn-props=\"{&quot;335552541&quot;:1,&quot;335559684&quot;:-2,&quot;335559685&quot;:720,&quot;335559991&quot;:360,&quot;469769226&quot;:&quot;Symbol&quot;,&quot;469769242&quot;:[8226],&quot;469777803&quot;:&quot;left&quot;,&quot;469777804&quot;:&quot;\uf0b7&quot;,&quot;469777815&quot;:&quot;hybridMultilevel&quot;}\" data-aria-posinset=\"1\" data-aria-level=\"1\"><i><span data-contrast=\"auto\">Estudiantes de la LICIC-UV advirtieron de repercusiones por pr\u00e1cticas inseguras<\/span><\/i><span data-ccp-props=\"{&quot;201341983&quot;:0,&quot;335559739&quot;:0,&quot;335559740&quot;:240}\">\u00a0<\/span><\/li>\n<li data-leveltext=\"\uf0b7\" data-font=\"Symbol\" data-listid=\"1\" data-list-defn-props=\"{&quot;335552541&quot;:1,&quot;335559684&quot;:-2,&quot;335559685&quot;:720,&quot;335559991&quot;:360,&quot;469769226&quot;:&quot;Symbol&quot;,&quot;469769242&quot;:[8226],&quot;469777803&quot;:&quot;left&quot;,&quot;469777804&quot;:&quot;\uf0b7&quot;,&quot;469777815&quot;:&quot;hybridMultilevel&quot;}\" data-aria-posinset=\"2\" data-aria-level=\"1\"><i><span data-contrast=\"auto\">En el marco de la Semana de la Ciberseguridad, organizada por la Facultad de Estad\u00edstica e Inform\u00e1tica<\/span><\/i><span data-ccp-props=\"{&quot;201341983&quot;:0,&quot;335559739&quot;:0,&quot;335559740&quot;:240}\">\u00a0<\/span><\/li>\n<li data-leveltext=\"\uf0b7\" data-font=\"Symbol\" data-listid=\"1\" data-list-defn-props=\"{&quot;335552541&quot;:1,&quot;335559684&quot;:-2,&quot;335559685&quot;:720,&quot;335559991&quot;:360,&quot;469769226&quot;:&quot;Symbol&quot;,&quot;469769242&quot;:[8226],&quot;469777803&quot;:&quot;left&quot;,&quot;469777804&quot;:&quot;\uf0b7&quot;,&quot;469777815&quot;:&quot;hybridMultilevel&quot;}\" data-aria-posinset=\"3\" data-aria-level=\"1\"><i><span data-contrast=\"auto\">Algunas consecuencias son: filtraci\u00f3n de datos, manipulaci\u00f3n de redes sociales, amenazas, acoso y reputaci\u00f3n en l\u00ednea<\/span><\/i><\/li>\n<\/ul>\n<p>&nbsp;<\/p>\n<div id=\"attachment_138372\" style=\"width: 732px\" class=\"wp-caption aligncenter\"><img aria-describedby=\"caption-attachment-138372\" decoding=\"async\" loading=\"lazy\" class=\"size-full wp-image-138372\" src=\"https:\/\/www.uv.mx\/prensa\/files\/2023\/12\/141223-CIBERSEGURIDAD-1.jpg\" alt=\"Estudiantes de la FEI impartieron charla sobre ciberseguridad en redes sociales y protecci\u00f3n de la informaci\u00f3n personal \" width=\"722\" height=\"405\" srcset=\"https:\/\/www.uv.mx\/prensa\/files\/2023\/12\/141223-CIBERSEGURIDAD-1.jpg 722w, https:\/\/www.uv.mx\/prensa\/files\/2023\/12\/141223-CIBERSEGURIDAD-1-300x168.jpg 300w\" sizes=\"(max-width: 722px) 100vw, 722px\" \/><p id=\"caption-attachment-138372\" class=\"wp-caption-text\">Estudiantes de la FEI impartieron charla sobre ciberseguridad en redes sociales y protecci\u00f3n de la informaci\u00f3n personal<\/p><\/div>\n<p>&nbsp;<\/p>\n<p><b><i><span data-contrast=\"auto\">Claudia Peralta V\u00e1zquez<\/span><\/i><\/b><span data-ccp-props=\"{&quot;201341983&quot;:0,&quot;335559739&quot;:0,&quot;335559740&quot;:240}\">\u00a0<\/span><\/p>\n<p><b><i><span data-contrast=\"auto\">Fotos: Omar Portilla Palacios<\/span><\/i><\/b><\/p>\n<p><b><i><span data-contrast=\"auto\">14\/12\/2023, Xalapa, Ver.- <\/span><\/i><\/b><span data-contrast=\"auto\">Estudiantes de la Licenciatura en Ingenier\u00eda de Ciberseguridad e Infraestructura de C\u00f3mputo (LICIC) de la Universidad Veracruzana (UV) advirtieron que todo contenido e informaci\u00f3n compartida en internet, m\u00e1s all\u00e1 de la plataforma o aplicaci\u00f3n, nunca podr\u00e1 ser borrada.<\/span><span data-ccp-props=\"{&quot;201341983&quot;:0,&quot;335559739&quot;:0,&quot;335559740&quot;:240}\">\u00a0<\/span><\/p>\n<p><span data-contrast=\"auto\">Dentro de la Semana de la Ciberseguridad, organizada por la <a href=\"https:\/\/www.uv.mx\/fei\/\" target=\"_blank\" rel=\"noopener\">Facultad de Estad\u00edstica e Inform\u00e1tica<\/a> (FEI), Maya Alejandra Barrios Su\u00e1rez, M\u00e1ximo Diego Florencia Zetina, Diana Esther Huesca Prado, Josu\u00e9 Ju\u00e1rez Gonz\u00e1lez y Alex Sa\u00fal Solano Reyes, ofrecieron la pl\u00e1tica \u201cNavegando seguro: ciberseguridad en redes sociales y protecci\u00f3n de la informaci\u00f3n personal\u201d.<\/span><span data-ccp-props=\"{&quot;201341983&quot;:0,&quot;335559739&quot;:0,&quot;335559740&quot;:240}\">\u00a0<\/span><\/p>\n<p><span data-contrast=\"auto\">En el Sal\u00f3n Cristal de la entidad acad\u00e9mica, los j\u00f3venes detallaron las repercusiones de no llevar a cabo pr\u00e1cticas seguras, tales como: filtraci\u00f3n de datos, manipulaci\u00f3n de redes sociales, amenazas, acoso y reputaci\u00f3n en l\u00ednea.<\/span><span data-ccp-props=\"{&quot;201341983&quot;:0,&quot;335559739&quot;:0,&quot;335559740&quot;:240}\">\u00a0<\/span><\/p>\n<p><span data-contrast=\"auto\">Dijeron que las redes sociales tienen un gran impacto en la identidad digital y privacidad personal.<\/span><span data-ccp-props=\"{&quot;201341983&quot;:0,&quot;335559731&quot;:708,&quot;335559739&quot;:0,&quot;335559740&quot;:240}\">\u00a0<\/span><\/p>\n<p><span data-contrast=\"auto\">Tan s\u00f3lo en 2022 hab\u00eda m\u00e1s de 4.2 mil millones de usuarios activos en redes sociales en todo el mundo, lo que representa m\u00e1s de la mitad de la poblaci\u00f3n global.<\/span><\/p>\n<div id=\"attachment_138373\" style=\"width: 732px\" class=\"wp-caption aligncenter\"><img aria-describedby=\"caption-attachment-138373\" decoding=\"async\" loading=\"lazy\" class=\"size-full wp-image-138373\" src=\"https:\/\/www.uv.mx\/prensa\/files\/2023\/12\/141223-CIBERSEGURIDAD-2.jpg\" alt=\"En la Semana de la Ciberseguridad, organizada por la FEI-UV, universitarios advirtieron del contenido que se comparte en internet \" width=\"722\" height=\"417\" srcset=\"https:\/\/www.uv.mx\/prensa\/files\/2023\/12\/141223-CIBERSEGURIDAD-2.jpg 722w, https:\/\/www.uv.mx\/prensa\/files\/2023\/12\/141223-CIBERSEGURIDAD-2-300x173.jpg 300w\" sizes=\"(max-width: 722px) 100vw, 722px\" \/><p id=\"caption-attachment-138373\" class=\"wp-caption-text\">En la Semana de la Ciberseguridad, organizada por la FEI-UV, universitarios advirtieron del contenido que se comparte en internet<\/p><\/div>\n<p>&nbsp;<\/p>\n<p><span data-contrast=\"auto\">La identidad digital o la representaci\u00f3n de la f\u00edsica en l\u00ednea es la base del tema y se constituye por toda la informaci\u00f3n disponible sobre cada persona en el ciberespacio.<\/span><span data-ccp-props=\"{&quot;201341983&quot;:0,&quot;335559731&quot;:708,&quot;335559739&quot;:0,&quot;335559740&quot;:240}\">\u00a0<\/span><\/p>\n<p><span data-contrast=\"auto\">Incluye intervenciones propias como comentarios o publicaciones que otros pudieran hacer sobre cada persona en internet y se compone de seis estructuras que son: datos personales, de comportamiento, uso, imagen digital, datos de contactos y enlace.<\/span><span data-ccp-props=\"{&quot;201341983&quot;:0,&quot;335559731&quot;:708,&quot;335559739&quot;:0,&quot;335559740&quot;:240}\">\u00a0<\/span><\/p>\n<p><span data-contrast=\"auto\">De igual forma, es una parte integral de la vida en l\u00ednea y tiene consecuencias significativas en el mundo real.<\/span><span data-ccp-props=\"{&quot;201341983&quot;:0,&quot;335559731&quot;:708,&quot;335559739&quot;:0,&quot;335559740&quot;:240}\">\u00a0<\/span><\/p>\n<p><span data-contrast=\"auto\">Desde un me gusta, un comentario, una compra virtual, y gran cantidad de datos son almacenados en la nube, es decir, en internet. Dicha informaci\u00f3n se ha almacenado de forma continua desde el inicio y funcionamiento de la red.<\/span><span data-ccp-props=\"{&quot;201341983&quot;:0,&quot;335559731&quot;:708,&quot;335559739&quot;:0,&quot;335559740&quot;:240}\">\u00a0<\/span><\/p>\n<p><span data-contrast=\"auto\">Por ello, el contenido que cada persona comparte nunca se podr\u00e1 borrar definitivamente, siempre estar\u00e1 disponible en alg\u00fan rinc\u00f3n.<\/span><\/p>\n<div id=\"attachment_138374\" style=\"width: 732px\" class=\"wp-caption aligncenter\"><img aria-describedby=\"caption-attachment-138374\" decoding=\"async\" loading=\"lazy\" class=\"size-full wp-image-138374\" src=\"https:\/\/www.uv.mx\/prensa\/files\/2023\/12\/141223-CIBERSEGURIDAD-3.jpg\" alt=\"La protecci\u00f3n de la imagen digital es necesaria para evitar filtraci\u00f3n de datos, manipulaci\u00f3n de redes sociales, amenazas y acoso \" width=\"722\" height=\"403\" srcset=\"https:\/\/www.uv.mx\/prensa\/files\/2023\/12\/141223-CIBERSEGURIDAD-3.jpg 722w, https:\/\/www.uv.mx\/prensa\/files\/2023\/12\/141223-CIBERSEGURIDAD-3-300x167.jpg 300w\" sizes=\"(max-width: 722px) 100vw, 722px\" \/><p id=\"caption-attachment-138374\" class=\"wp-caption-text\">La protecci\u00f3n de la imagen digital es necesaria para evitar filtraci\u00f3n de datos, manipulaci\u00f3n de redes sociales, amenazas y acoso<\/p><\/div>\n<p>&nbsp;<\/p>\n<p><span data-contrast=\"auto\">Si no se sabe gestionar puede generar afectaciones a las relaciones personales, oportunidades y reputaci\u00f3n, como la suplantaci\u00f3n de identidad digital o amenazas contra la privacidad.<\/span><span data-ccp-props=\"{&quot;201341983&quot;:0,&quot;335559731&quot;:708,&quot;335559739&quot;:0,&quot;335559740&quot;:240}\">\u00a0<\/span><\/p>\n<p><span data-contrast=\"auto\">Durante la charla, los universitarios recomendaron asegurar siempre qu\u00e9 decir, qu\u00e9 ubicaci\u00f3n dar, y cu\u00e1les fotos o videos publicar, para proteger la imagen digital.<\/span><span data-ccp-props=\"{&quot;201341983&quot;:0,&quot;335559731&quot;:708,&quot;335559739&quot;:0,&quot;335559740&quot;:240}\">\u00a0<\/span><\/p>\n<p><span data-contrast=\"auto\">Tambi\u00e9n, ejercer pr\u00e1cticas seguras en redes sociales, entre ellas: uso de contrase\u00f1as seguras, perfiles privados, aplicaci\u00f3n constante de aplicaciones y dispositivos, evitar compartir informaci\u00f3n sensible, utilizar antivirus y antimalware adem\u00e1s de leer las pol\u00edticas de seguridad.<\/span><span data-ccp-props=\"{&quot;201341983&quot;:0,&quot;335559731&quot;:708,&quot;335559739&quot;:0,&quot;335559740&quot;:240}\">\u00a0<\/span><\/p>\n","protected":false},"excerpt":{"rendered":"<p>La identidad digital es una parte integral de la vida en l\u00ednea y tiene consecuencias significativas en el mundo real <\/p>\n","protected":false},"author":1775,"featured_media":138375,"comment_status":"closed","ping_status":"closed","sticky":false,"template":"","format":"standard","meta":[],"categories":[61,51],"tags":[6711,15156,4163,14861,484,120,15154,15157,10029,15152,15153,15155,6462,15139,14097,15137],"_links":{"self":[{"href":"https:\/\/www.uv.mx\/prensa\/wp-json\/wp\/v2\/posts\/138386"}],"collection":[{"href":"https:\/\/www.uv.mx\/prensa\/wp-json\/wp\/v2\/posts"}],"about":[{"href":"https:\/\/www.uv.mx\/prensa\/wp-json\/wp\/v2\/types\/post"}],"author":[{"embeddable":true,"href":"https:\/\/www.uv.mx\/prensa\/wp-json\/wp\/v2\/users\/1775"}],"replies":[{"embeddable":true,"href":"https:\/\/www.uv.mx\/prensa\/wp-json\/wp\/v2\/comments?post=138386"}],"version-history":[{"count":1,"href":"https:\/\/www.uv.mx\/prensa\/wp-json\/wp\/v2\/posts\/138386\/revisions"}],"predecessor-version":[{"id":138687,"href":"https:\/\/www.uv.mx\/prensa\/wp-json\/wp\/v2\/posts\/138386\/revisions\/138687"}],"wp:featuredmedia":[{"embeddable":true,"href":"https:\/\/www.uv.mx\/prensa\/wp-json\/wp\/v2\/media\/138375"}],"wp:attachment":[{"href":"https:\/\/www.uv.mx\/prensa\/wp-json\/wp\/v2\/media?parent=138386"}],"wp:term":[{"taxonomy":"category","embeddable":true,"href":"https:\/\/www.uv.mx\/prensa\/wp-json\/wp\/v2\/categories?post=138386"},{"taxonomy":"post_tag","embeddable":true,"href":"https:\/\/www.uv.mx\/prensa\/wp-json\/wp\/v2\/tags?post=138386"}],"curies":[{"name":"wp","href":"https:\/\/api.w.org\/{rel}","templated":true}]}}