{"id":138394,"date":"2023-12-15T12:37:23","date_gmt":"2023-12-15T18:37:23","guid":{"rendered":"https:\/\/www.uv.mx\/prensa\/?p=138394"},"modified":"2024-01-12T14:29:45","modified_gmt":"2024-01-12T20:29:45","slug":"uv-promueve-la-cultura-de-la-prevencion-en-salud","status":"publish","type":"post","link":"https:\/\/www.uv.mx\/prensa\/general\/uv-promueve-la-cultura-de-la-prevencion-en-salud\/","title":{"rendered":"UV promueve la cultura de la prevenci\u00f3n en salud"},"content":{"rendered":"<ul>\n<li data-leveltext=\"\uf0b7\" data-font=\"Symbol\" data-listid=\"1\" data-list-defn-props=\"{&quot;335551671&quot;:0,&quot;335552541&quot;:1,&quot;335559684&quot;:-2,&quot;335559685&quot;:720,&quot;335559991&quot;:360,&quot;469769226&quot;:&quot;Symbol&quot;,&quot;469769242&quot;:[8226],&quot;469777803&quot;:&quot;left&quot;,&quot;469777804&quot;:&quot;\uf0b7&quot;,&quot;469777815&quot;:&quot;hybridMultilevel&quot;}\" data-aria-posinset=\"0\" data-aria-level=\"1\"><i><span data-contrast=\"auto\">Alumnos de Bioan\u00e1lisis y Medicina realizaron Feria de la Salud y Bienestar en la Escuela Primaria M\u00e9xico de la Colonia El Moral<\/span><\/i><span data-ccp-props=\"{&quot;134233117&quot;:false,&quot;134233118&quot;:false,&quot;201341983&quot;:0,&quot;335559738&quot;:0,&quot;335559739&quot;:0,&quot;335559740&quot;:240}\">\u00a0<\/span><\/li>\n<li data-leveltext=\"\uf0b7\" data-font=\"Symbol\" data-listid=\"1\" data-list-defn-props=\"{&quot;335551671&quot;:0,&quot;335552541&quot;:1,&quot;335559684&quot;:-2,&quot;335559685&quot;:720,&quot;335559991&quot;:360,&quot;469769226&quot;:&quot;Symbol&quot;,&quot;469769242&quot;:[8226],&quot;469777803&quot;:&quot;left&quot;,&quot;469777804&quot;:&quot;\uf0b7&quot;,&quot;469777815&quot;:&quot;hybridMultilevel&quot;}\" data-aria-posinset=\"0\" data-aria-level=\"1\"><i><span data-contrast=\"auto\">\u201cQu\u00e9 bueno que la Universidad nos acerque estos servicios, porque vivimos muy lejos\u201d: beneficiadas<\/span><\/i><span data-ccp-props=\"{&quot;134233117&quot;:false,&quot;134233118&quot;:false,&quot;201341983&quot;:0,&quot;335559738&quot;:0,&quot;335559739&quot;:0,&quot;335559740&quot;:240}\">\u00a0<\/span><\/li>\n<\/ul>\n<p><span data-ccp-props=\"{&quot;134233117&quot;:false,&quot;134233118&quot;:false,&quot;201341983&quot;:0,&quot;335559738&quot;:0,&quot;335559739&quot;:0,&quot;335559740&quot;:240}\">\u00a0<\/span><\/p>\n<div id=\"attachment_138170\" style=\"width: 732px\" class=\"wp-caption aligncenter\"><img aria-describedby=\"caption-attachment-138170\" decoding=\"async\" loading=\"lazy\" class=\"size-full wp-image-138170\" src=\"https:\/\/www.uv.mx\/prensa\/files\/2023\/12\/081223-COUTTOLENC-1-Jornada-salud-en-colonia-1-100k.jpg\" alt=\"\" width=\"722\" height=\"482\" srcset=\"https:\/\/www.uv.mx\/prensa\/files\/2023\/12\/081223-COUTTOLENC-1-Jornada-salud-en-colonia-1-100k.jpg 722w, https:\/\/www.uv.mx\/prensa\/files\/2023\/12\/081223-COUTTOLENC-1-Jornada-salud-en-colonia-1-100k-300x200.jpg 300w\" sizes=\"(max-width: 722px) 100vw, 722px\" \/><p id=\"caption-attachment-138170\" class=\"wp-caption-text\">Estudiantes de la UV realizaron jornada para promover la cultura y cuidado de la salud en la Colonia El Moral, en Xalapa<\/p><\/div>\n<p><span data-ccp-props=\"{&quot;134233117&quot;:false,&quot;134233118&quot;:false,&quot;201341983&quot;:0,&quot;335559738&quot;:0,&quot;335559739&quot;:0,&quot;335559740&quot;:240}\">\u00a0<\/span><\/p>\n<p>&nbsp;<\/p>\n<p><b><i><span data-contrast=\"auto\">Jos\u00e9 Luis Couttolenc Soto<\/span><\/i><\/b><span data-ccp-props=\"{&quot;134233117&quot;:false,&quot;134233118&quot;:false,&quot;201341983&quot;:0,&quot;335559738&quot;:0,&quot;335559739&quot;:0,&quot;335559740&quot;:240}\">\u00a0<\/span><\/p>\n<p><b><i><span data-contrast=\"auto\">Fotos: C\u00e9sar Pisil Ramos<\/span><\/i><\/b><span data-ccp-props=\"{&quot;134233117&quot;:false,&quot;134233118&quot;:false,&quot;201341983&quot;:0,&quot;335559738&quot;:0,&quot;335559739&quot;:0,&quot;335559740&quot;:240}\">\u00a0<\/span><\/p>\n<p><b><i><span data-contrast=\"auto\">15\/12\/2023, Xalapa, Ver.- <\/span><\/i><\/b><span data-contrast=\"auto\">Con la finalidad de promover la cultura de la prevenci\u00f3n en salud entre la poblaci\u00f3n, la Universidad Veracruzana (UV), a trav\u00e9s de las Facultades de <a href=\"https:\/\/www.uv.mx\/bioanalisis\/\" target=\"_blank\" rel=\"noopener\">Bioan\u00e1lisis<\/a> y <a href=\"https:\/\/www.uv.mx\/medicina\/\" target=\"_blank\" rel=\"noopener\">Medicina<\/a>, realiz\u00f3 una Feria de la Salud y Bienestar en la Colonia El Moral, en la que estudiantes atendieron a solicitantes de los servicios y ofrecieron pl\u00e1ticas a alumnas y alumnos.<\/span><span data-ccp-props=\"{&quot;134233117&quot;:false,&quot;134233118&quot;:false,&quot;201341983&quot;:0,&quot;335559738&quot;:0,&quot;335559739&quot;:0,&quot;335559740&quot;:240}\">\u00a0<\/span><\/p>\n<p><span data-contrast=\"auto\">Carlos Arturo Gallardo Hern\u00e1ndez, responsable de las experiencias educativas (EE) Procesos Educativos en Salud (en Bioan\u00e1lisis) y Bioqu\u00edmica (en Medicina), dio a conocer que el objetivo de la actividad es promover acciones preventivas y educar a la poblaci\u00f3n en materia de salud.<\/span><span data-ccp-props=\"{&quot;134233117&quot;:false,&quot;134233118&quot;:false,&quot;201341983&quot;:0,&quot;335559738&quot;:0,&quot;335559739&quot;:0,&quot;335559740&quot;:240}\">\u00a0<\/span><\/p>\n<p>&nbsp;<\/p>\n<div id=\"attachment_138171\" style=\"width: 732px\" class=\"wp-caption aligncenter\"><img aria-describedby=\"caption-attachment-138171\" decoding=\"async\" loading=\"lazy\" class=\"size-full wp-image-138171\" src=\"https:\/\/www.uv.mx\/prensa\/files\/2023\/12\/081223-COUTTOLENC-1-Jornada-salud-en-colonia-2-100k.jpg\" alt=\"\" width=\"722\" height=\"482\" srcset=\"https:\/\/www.uv.mx\/prensa\/files\/2023\/12\/081223-COUTTOLENC-1-Jornada-salud-en-colonia-2-100k.jpg 722w, https:\/\/www.uv.mx\/prensa\/files\/2023\/12\/081223-COUTTOLENC-1-Jornada-salud-en-colonia-2-100k-300x200.jpg 300w\" sizes=\"(max-width: 722px) 100vw, 722px\" \/><p id=\"caption-attachment-138171\" class=\"wp-caption-text\">Los alumnos midieron glucosa, presi\u00f3n arterial, peso corporal y talla, e integraron expedientes cl\u00ednicos<\/p><\/div>\n<p>&nbsp;<\/p>\n<p><span data-contrast=\"auto\">Se busca tambi\u00e9n que alumnos y alumnas, en este caso de primer semestre, empiecen a identificar factores de riesgo que propicien el desarrollo de enfermedades, y conozcan los problemas reales que enfrentar\u00e1n en el desarrollo de su profesi\u00f3n.<\/span><span data-ccp-props=\"{&quot;134233117&quot;:false,&quot;134233118&quot;:false,&quot;201341983&quot;:0,&quot;335559731&quot;:708,&quot;335559738&quot;:0,&quot;335559739&quot;:0,&quot;335559740&quot;:240}\">\u00a0<\/span><\/p>\n<p><span data-contrast=\"auto\">Las actividades se desarrollaron en la explanada de la Escuela Primaria M\u00e9xico, en donde las y los estudiantes universitarios integraron expedientes cl\u00ednicos de las personas interesadas en los servicios que se ofertaron, midieron glucosa, presi\u00f3n arterial, peso corporal y talla, hicieron recomendaciones para adquirir h\u00e1bitos saludables, evitar el consumo de drogas, educaci\u00f3n emocional, infecciones intestinales y c\u00f3mo evitarlas.<\/span><span data-ccp-props=\"{&quot;134233117&quot;:false,&quot;134233118&quot;:false,&quot;201341983&quot;:0,&quot;335559731&quot;:708,&quot;335559738&quot;:0,&quot;335559739&quot;:0,&quot;335559740&quot;:240}\">\u00a0<\/span><\/p>\n<p>&nbsp;<\/p>\n<div id=\"attachment_138177\" style=\"width: 732px\" class=\"wp-caption aligncenter\"><img aria-describedby=\"caption-attachment-138177\" decoding=\"async\" loading=\"lazy\" class=\"size-full wp-image-138177\" src=\"https:\/\/www.uv.mx\/prensa\/files\/2023\/12\/081223-COUTTOLENC-1-Jornada-salud-en-colonia-3b-100k.jpg\" alt=\"\" width=\"722\" height=\"482\" srcset=\"https:\/\/www.uv.mx\/prensa\/files\/2023\/12\/081223-COUTTOLENC-1-Jornada-salud-en-colonia-3b-100k.jpg 722w, https:\/\/www.uv.mx\/prensa\/files\/2023\/12\/081223-COUTTOLENC-1-Jornada-salud-en-colonia-3b-100k-300x200.jpg 300w\" sizes=\"(max-width: 722px) 100vw, 722px\" \/><p id=\"caption-attachment-138177\" class=\"wp-caption-text\">A los peque\u00f1os les ofrecieron pl\u00e1ticas sobre temas de salud e higiene<\/p><\/div>\n<p>&nbsp;<\/p>\n<p><span data-contrast=\"auto\">En tanto, a los ni\u00f1os y ni\u00f1as de los diferentes grados les dieron pl\u00e1ticas sobre temas de salud e higiene.<\/span><span data-ccp-props=\"{&quot;134233117&quot;:false,&quot;134233118&quot;:false,&quot;201341983&quot;:0,&quot;335559731&quot;:708,&quot;335559738&quot;:0,&quot;335559739&quot;:0,&quot;335559740&quot;:240}\">\u00a0<\/span><\/p>\n<p><span data-contrast=\"auto\">Alexis Francisco Hern\u00e1ndez Mendoza, alumno del primer semestre de la Licenciatura en Qu\u00edmica Cl\u00ednica, dijo sentirse emocionado por experimentar por primera vez el participar como profesional de la salud, \u201cdarles pl\u00e1ticas a ni\u00f1os de primaria, ense\u00f1arles un poco de los temas que nos causan problemas a la salud y c\u00f3mo prevenirlos para que tengan una vida saludable y de calidad\u201d.<\/span><span data-ccp-props=\"{&quot;134233117&quot;:false,&quot;134233118&quot;:false,&quot;201341983&quot;:0,&quot;335559731&quot;:708,&quot;335559738&quot;:0,&quot;335559739&quot;:0,&quot;335559740&quot;:240}\">\u00a0<\/span><\/p>\n<p>&nbsp;<\/p>\n<div id=\"attachment_138173\" style=\"width: 732px\" class=\"wp-caption aligncenter\"><img aria-describedby=\"caption-attachment-138173\" decoding=\"async\" loading=\"lazy\" class=\"size-full wp-image-138173\" src=\"https:\/\/www.uv.mx\/prensa\/files\/2023\/12\/081223-COUTTOLENC-Jornada-salud-en-colonia-4-100k.jpg\" alt=\"\" width=\"722\" height=\"482\" srcset=\"https:\/\/www.uv.mx\/prensa\/files\/2023\/12\/081223-COUTTOLENC-Jornada-salud-en-colonia-4-100k.jpg 722w, https:\/\/www.uv.mx\/prensa\/files\/2023\/12\/081223-COUTTOLENC-Jornada-salud-en-colonia-4-100k-300x200.jpg 300w\" sizes=\"(max-width: 722px) 100vw, 722px\" \/><p id=\"caption-attachment-138173\" class=\"wp-caption-text\">El acad\u00e9mico Carlos Arturo Gallardo Hern\u00e1ndez coordin\u00f3 la jornada de salud<\/p><\/div>\n<p>&nbsp;<\/p>\n<p><span data-contrast=\"auto\">Por su parte Grisel Yaneli Blanco Mancera, madre de familia, manifest\u00f3 sentirse contenta \u201cporque la Universidad Veracruzana nos traiga estos servicios, ya que nosotros vivimos muy lejos del centro de la ciudad y al venir los estudiantes nos ayuda mucho, ojal\u00e1 sigan haci\u00e9ndolo\u201d.<\/span><span data-ccp-props=\"{&quot;134233117&quot;:false,&quot;134233118&quot;:false,&quot;201341983&quot;:0,&quot;335559731&quot;:708,&quot;335559738&quot;:0,&quot;335559739&quot;:0,&quot;335559740&quot;:240}\">\u00a0<\/span><\/p>\n<p>&nbsp;<\/p>\n<div id=\"attachment_138174\" style=\"width: 732px\" class=\"wp-caption aligncenter\"><img aria-describedby=\"caption-attachment-138174\" decoding=\"async\" loading=\"lazy\" class=\"size-full wp-image-138174\" src=\"https:\/\/www.uv.mx\/prensa\/files\/2023\/12\/081223-COUTTOLENC-Jornada-salud-en-colonia-5-100k.jpg\" alt=\"\" width=\"722\" height=\"482\" srcset=\"https:\/\/www.uv.mx\/prensa\/files\/2023\/12\/081223-COUTTOLENC-Jornada-salud-en-colonia-5-100k.jpg 722w, https:\/\/www.uv.mx\/prensa\/files\/2023\/12\/081223-COUTTOLENC-Jornada-salud-en-colonia-5-100k-300x200.jpg 300w\" sizes=\"(max-width: 722px) 100vw, 722px\" \/><p id=\"caption-attachment-138174\" class=\"wp-caption-text\">Alexis Francisco Hern\u00e1ndez Mendoza, alumno de la Licenciatura en Qu\u00edmica Cl\u00ednica, particip\u00f3 en la jornada<\/p><\/div>\n<p>&nbsp;<\/p>\n<p><span data-contrast=\"auto\">Al t\u00e9rmino de las actividades, el director del plantel, Ulises Fernando Mir\u00f3n Gonz\u00e1lez, mencion\u00f3 que es importante mantener la vinculaci\u00f3n con instituciones de educaci\u00f3n superior, \u201cen este caso con la m\u00e1xima casa de estudios de Veracruz, especialmente con el \u00e1rea de la salud, que nos permite complementar lo que vamos abordando como instituci\u00f3n educativa en materia de prevenci\u00f3n y cuidado de la salud, y esta oportunidad la extendemos a los padres de familia\u201d.<\/span><\/p>\n<div id=\"attachment_138175\" style=\"width: 732px\" class=\"wp-caption aligncenter\"><img aria-describedby=\"caption-attachment-138175\" decoding=\"async\" loading=\"lazy\" class=\"size-full wp-image-138175\" src=\"https:\/\/www.uv.mx\/prensa\/files\/2023\/12\/081223-COUTTOLENC-Jornada-salud-en-colonia-6-100k.jpg\" alt=\"\" width=\"722\" height=\"482\" srcset=\"https:\/\/www.uv.mx\/prensa\/files\/2023\/12\/081223-COUTTOLENC-Jornada-salud-en-colonia-6-100k.jpg 722w, https:\/\/www.uv.mx\/prensa\/files\/2023\/12\/081223-COUTTOLENC-Jornada-salud-en-colonia-6-100k-300x200.jpg 300w\" sizes=\"(max-width: 722px) 100vw, 722px\" \/><p id=\"caption-attachment-138175\" class=\"wp-caption-text\">Grisel Yaneli Blanco Mancera, madre de familia, manifest\u00f3 sentirse contenta porque la UV les acerca servicios de salud<\/p><\/div>\n","protected":false},"excerpt":{"rendered":"<p>Elaboraron expedientes cl\u00ednicos, midieron glucosa, presi\u00f3n arterial, peso corporal y talla, y dieron recomendaciones para h\u00e1bitos saludables\u00a0<\/p>\n","protected":false},"author":2349,"featured_media":138176,"comment_status":"closed","ping_status":"closed","sticky":false,"template":"","format":"standard","meta":[],"categories":[1,8445,61],"tags":[13274,311,15164,15163,15166,726,872,10428,15162,7837,1561,4916,15165,15167],"_links":{"self":[{"href":"https:\/\/www.uv.mx\/prensa\/wp-json\/wp\/v2\/posts\/138394"}],"collection":[{"href":"https:\/\/www.uv.mx\/prensa\/wp-json\/wp\/v2\/posts"}],"about":[{"href":"https:\/\/www.uv.mx\/prensa\/wp-json\/wp\/v2\/types\/post"}],"author":[{"embeddable":true,"href":"https:\/\/www.uv.mx\/prensa\/wp-json\/wp\/v2\/users\/2349"}],"replies":[{"embeddable":true,"href":"https:\/\/www.uv.mx\/prensa\/wp-json\/wp\/v2\/comments?post=138394"}],"version-history":[{"count":1,"href":"https:\/\/www.uv.mx\/prensa\/wp-json\/wp\/v2\/posts\/138394\/revisions"}],"predecessor-version":[{"id":138685,"href":"https:\/\/www.uv.mx\/prensa\/wp-json\/wp\/v2\/posts\/138394\/revisions\/138685"}],"wp:featuredmedia":[{"embeddable":true,"href":"https:\/\/www.uv.mx\/prensa\/wp-json\/wp\/v2\/media\/138176"}],"wp:attachment":[{"href":"https:\/\/www.uv.mx\/prensa\/wp-json\/wp\/v2\/media?parent=138394"}],"wp:term":[{"taxonomy":"category","embeddable":true,"href":"https:\/\/www.uv.mx\/prensa\/wp-json\/wp\/v2\/categories?post=138394"},{"taxonomy":"post_tag","embeddable":true,"href":"https:\/\/www.uv.mx\/prensa\/wp-json\/wp\/v2\/tags?post=138394"}],"curies":[{"name":"wp","href":"https:\/\/api.w.org\/{rel}","templated":true}]}}