{"id":138465,"date":"2024-01-03T15:20:15","date_gmt":"2024-01-03T21:20:15","guid":{"rendered":"https:\/\/www.uv.mx\/prensa\/?p=138465"},"modified":"2024-01-11T11:18:24","modified_gmt":"2024-01-11T17:18:24","slug":"galeria-ramon-alva-de-la-canal-exhibe-hacemos-nuestro-rio","status":"publish","type":"post","link":"https:\/\/www.uv.mx\/prensa\/cultura\/galeria-ramon-alva-de-la-canal-exhibe-hacemos-nuestro-rio\/","title":{"rendered":"Galer\u00eda \u201cRam\u00f3n Alva de la Canal\u201d\u202fexhibe <i>Hacemos nuestro r\u00edo<\/i>"},"content":{"rendered":"<ul>\n<li data-leveltext=\"\uf0b7\" data-font=\"Symbol\" data-listid=\"7\" data-list-defn-props=\"{&quot;335552541&quot;:1,&quot;335559684&quot;:-2,&quot;335559685&quot;:720,&quot;335559991&quot;:360,&quot;469769226&quot;:&quot;Symbol&quot;,&quot;469769242&quot;:[8226],&quot;469777803&quot;:&quot;left&quot;,&quot;469777804&quot;:&quot;\uf0b7&quot;,&quot;469777815&quot;:&quot;hybridMultilevel&quot;}\" data-aria-posinset=\"1\" data-aria-level=\"1\"><i><span data-contrast=\"auto\">La exposici\u00f3n fue realizada por la Universidad Veracruzana en conjunto con Casa Gallina, A.C.<\/span><\/i><span data-ccp-props=\"{}\">\u00a0<\/span><\/li>\n<li data-leveltext=\"\uf0b7\" data-font=\"Symbol\" data-listid=\"7\" data-list-defn-props=\"{&quot;335552541&quot;:1,&quot;335559684&quot;:-2,&quot;335559685&quot;:720,&quot;335559991&quot;:360,&quot;469769226&quot;:&quot;Symbol&quot;,&quot;469769242&quot;:[8226],&quot;469777803&quot;:&quot;left&quot;,&quot;469777804&quot;:&quot;\uf0b7&quot;,&quot;469777815&quot;:&quot;hybridMultilevel&quot;}\" data-aria-posinset=\"2\" data-aria-level=\"1\"><i><span data-contrast=\"auto\">Integra fotograf\u00eda, cartograf\u00edas y literatura que aborda relaciones afectivas y sensoriales de la cuenca del Papaloapan<\/span><\/i><span data-ccp-props=\"{}\">\u00a0<\/span><\/li>\n<\/ul>\n<p><span data-ccp-props=\"{&quot;335559685&quot;:720}\">\u00a0<\/span><\/p>\n<div id=\"attachment_138453\" style=\"width: 732px\" class=\"wp-caption aligncenter\"><img aria-describedby=\"caption-attachment-138453\" decoding=\"async\" loading=\"lazy\" class=\"size-full wp-image-138453\" src=\"https:\/\/www.uv.mx\/prensa\/files\/2024\/01\/151223-CARLOS-Hacemos-nuestro-rio-1-100k.jpg\" alt=\"\" width=\"722\" height=\"458\" \/><p id=\"caption-attachment-138453\" class=\"wp-caption-text\">La exposici\u00f3n ofrece perspectivas po\u00e9ticas de las relaciones posibles con un r\u00edo<\/p><\/div>\n<p><span data-ccp-props=\"{}\">\u00a0<\/span><\/p>\n<p><b><i><span data-contrast=\"auto\">Carlos Hugo Hermida Rosales<\/span><\/i><\/b><span data-ccp-props=\"{}\">\u00a0<\/span><\/p>\n<p><b><i><span data-contrast=\"auto\">Fotos: Omar Portilla Palacios\u00a0<\/span><\/i><\/b><span data-ccp-props=\"{}\">\u00a0<\/span><\/p>\n<p><b><i><span data-contrast=\"auto\">03\/01\/2024, Xalapa, Ver.-<\/span><\/i><\/b><span data-contrast=\"auto\"> La\u202f<a href=\"https:\/\/www.uv.mx\/galeriarac\/\" target=\"_blank\" rel=\"noopener\">Galer\u00eda \u201cRam\u00f3n Alva de la Canal\u201d<\/a>\u202f(RAC) de la Universidad Veracruzana (UV)\u202fexhibir\u00e1 hasta marzo de 2024 la muestra <\/span><i><span data-contrast=\"auto\">Hacemos nuestro r\u00edo<\/span><\/i><span data-contrast=\"auto\">, integrada por fotograf\u00edas, cartograf\u00edas y literatura que aborda las relaciones afectivas y sensoriales de localidades de la cuenca del Papaloapan.\u00a0<\/span><span data-ccp-props=\"{}\">\u00a0<\/span><\/p>\n<p><span data-contrast=\"auto\">El proyecto inici\u00f3 con una serie de recorridos por\u202fpoblados cuenque\u00f1os durante el verano de 2021, en los que se suscitaron encuentros con pescadores, ni\u00f1os, lancheros, cronistas, profesores y actores de las comunidades que compartieron experiencias con los realizadores.\u00a0<\/span><span data-ccp-props=\"{&quot;335559731&quot;:708}\">\u00a0<\/span><\/p>\n<p><span data-contrast=\"auto\">La inauguraci\u00f3n de la exposici\u00f3n creada por la UV en colaboraci\u00f3n con Casa Gallina, A.C., fue encabezada por Santiago P\u00e9rez Garci, coordinador de la Galer\u00eda RAC, quien estuvo acompa\u00f1ado por Dolores Medel, fot\u00f3grafa, y Luis Josu\u00e9 Mart\u00ednez Rodr\u00edguez, curador.<\/span><\/p>\n<p>&nbsp;<\/p>\n<div id=\"attachment_138454\" style=\"width: 810px\" class=\"wp-caption aligncenter\"><img aria-describedby=\"caption-attachment-138454\" decoding=\"async\" loading=\"lazy\" class=\"wp-image-138454\" src=\"https:\/\/www.uv.mx\/prensa\/files\/2024\/01\/151223-CARLOS-Hacemos-nuestro-rio-2-100k.jpg\" alt=\"\" width=\"800\" height=\"520\" \/><p id=\"caption-attachment-138454\" class=\"wp-caption-text\">Dolores Medel<\/p><\/div>\n<p><span data-contrast=\"auto\">\u00a0<\/span><span data-ccp-props=\"{&quot;335559731&quot;:708}\">\u00a0<\/span><\/p>\n<p><span data-contrast=\"auto\">P\u00e9rez Garci destac\u00f3 el car\u00e1cter emblem\u00e1tico y transdisciplinario de <\/span><i><span data-contrast=\"auto\">Hacemos nuestro r\u00edo<\/span><\/i><span data-contrast=\"auto\">, con el que el recinto a su cargo acercar\u00e1 a la comunidad universitaria a las expresiones art\u00edsticas.<\/span><span data-ccp-props=\"{&quot;335559731&quot;:708}\">\u00a0<\/span><\/p>\n<p><span data-contrast=\"auto\">El inter\u00e9s principal de esta exposici\u00f3n, fruto de un trabajo colectivo de fot\u00f3grafos, escritores e ilustradores, es ofrecer perspectivas po\u00e9ticas de las relaciones posibles con un r\u00edo.<\/span><span data-ccp-props=\"{&quot;335559731&quot;:708}\">\u00a0<\/span><\/p>\n<p><span data-contrast=\"auto\">Explic\u00f3 que su exhibici\u00f3n favorece el cumplimiento de los objetivos sustantivos del programa curatorial de la Galer\u00eda RAC: desarrollar proyectos alineados a los ejes de derechos humanos y sustentabilidad, generar estrategias de vinculaci\u00f3n con agentes e instituciones que guarden afinidad en su vocaci\u00f3n, y fomentar experiencias est\u00e9ticas, educativas, reflexivas y significativas entre los p\u00fablicos.<\/span><\/p>\n<p>&nbsp;<\/p>\n<div id=\"attachment_138455\" style=\"width: 732px\" class=\"wp-caption aligncenter\"><img aria-describedby=\"caption-attachment-138455\" decoding=\"async\" loading=\"lazy\" class=\"size-full wp-image-138455\" src=\"https:\/\/www.uv.mx\/prensa\/files\/2024\/01\/151223-CARLOS-Hacemos-nuestro-rio-3-100k.jpg\" alt=\"\" width=\"722\" height=\"464\" srcset=\"https:\/\/www.uv.mx\/prensa\/files\/2024\/01\/151223-CARLOS-Hacemos-nuestro-rio-3-100k.jpg 722w, https:\/\/www.uv.mx\/prensa\/files\/2024\/01\/151223-CARLOS-Hacemos-nuestro-rio-3-100k-300x193.jpg 300w\" sizes=\"(max-width: 722px) 100vw, 722px\" \/><p id=\"caption-attachment-138455\" class=\"wp-caption-text\">Luis Josu\u00e9 Mart\u00ednez Rodr\u00edguez<\/p><\/div>\n<p><span data-contrast=\"auto\">\u00a0<\/span><span data-ccp-props=\"{&quot;335559731&quot;:708}\">\u00a0<\/span><\/p>\n<p><span data-contrast=\"auto\">Dolores Medel expres\u00f3 su agradecimiento, pues esta experiencia le permiti\u00f3 explorar como fot\u00f3grafa un \u00e1rea de Veracruz que deseaba conocer.\u00a0<\/span><span data-ccp-props=\"{&quot;335559731&quot;:708}\">\u00a0<\/span><\/p>\n<p><span data-contrast=\"auto\">Josu\u00e9 Mart\u00ednez asegur\u00f3 que la muestra cuenta con el papel est\u00e9tico de un documental, a la vez que ofrece posibilidades hacia lo sensorial.<\/span><span data-ccp-props=\"{&quot;335559731&quot;:708}\">\u00a0<\/span><\/p>\n<p><span data-contrast=\"auto\">\u201cInvita a reflexionar en torno a la importancia de proteger los r\u00edos y cuerpos de agua, como a los seres humanos\u201d, enfatiz\u00f3.\u00a0<\/span><span data-ccp-props=\"{&quot;335559731&quot;:708}\">\u00a0<\/span><\/p>\n<p><i><span data-contrast=\"auto\">Hacemos nuestro r\u00edo<\/span><\/i><span data-contrast=\"auto\"> estar\u00e1 abierta al p\u00fablico hasta marzo de 2024, de lunes a domingo de 9:00 a 20:00 horas<\/span><span data-contrast=\"none\">.\u202f<\/span><\/p>\n","protected":false},"excerpt":{"rendered":"<p>La muestra estar\u00e1 abierta al p\u00fablico de lunes a domingo de 9:00 a 20:00 horas, hasta el mes de marzo<\/p>\n","protected":false},"author":1869,"featured_media":138456,"comment_status":"closed","ping_status":"closed","sticky":false,"template":"","format":"standard","meta":[],"categories":[11,61],"tags":[4161,15195,1993,15196,4262,13073,11707,4649,6462,15198,803,15197,269],"_links":{"self":[{"href":"https:\/\/www.uv.mx\/prensa\/wp-json\/wp\/v2\/posts\/138465"}],"collection":[{"href":"https:\/\/www.uv.mx\/prensa\/wp-json\/wp\/v2\/posts"}],"about":[{"href":"https:\/\/www.uv.mx\/prensa\/wp-json\/wp\/v2\/types\/post"}],"author":[{"embeddable":true,"href":"https:\/\/www.uv.mx\/prensa\/wp-json\/wp\/v2\/users\/1869"}],"replies":[{"embeddable":true,"href":"https:\/\/www.uv.mx\/prensa\/wp-json\/wp\/v2\/comments?post=138465"}],"version-history":[{"count":1,"href":"https:\/\/www.uv.mx\/prensa\/wp-json\/wp\/v2\/posts\/138465\/revisions"}],"predecessor-version":[{"id":138623,"href":"https:\/\/www.uv.mx\/prensa\/wp-json\/wp\/v2\/posts\/138465\/revisions\/138623"}],"wp:featuredmedia":[{"embeddable":true,"href":"https:\/\/www.uv.mx\/prensa\/wp-json\/wp\/v2\/media\/138456"}],"wp:attachment":[{"href":"https:\/\/www.uv.mx\/prensa\/wp-json\/wp\/v2\/media?parent=138465"}],"wp:term":[{"taxonomy":"category","embeddable":true,"href":"https:\/\/www.uv.mx\/prensa\/wp-json\/wp\/v2\/categories?post=138465"},{"taxonomy":"post_tag","embeddable":true,"href":"https:\/\/www.uv.mx\/prensa\/wp-json\/wp\/v2\/tags?post=138465"}],"curies":[{"name":"wp","href":"https:\/\/api.w.org\/{rel}","templated":true}]}}