{"id":138496,"date":"2024-01-04T13:54:56","date_gmt":"2024-01-04T19:54:56","guid":{"rendered":"https:\/\/www.uv.mx\/prensa\/?p=138496"},"modified":"2024-01-23T11:09:45","modified_gmt":"2024-01-23T17:09:45","slug":"en-el-extranjero-se-reconoce-la-ensenanza-que-da-la-uv-egresada","status":"publish","type":"post","link":"https:\/\/www.uv.mx\/prensa\/entrevista\/en-el-extranjero-se-reconoce-la-ensenanza-que-da-la-uv-egresada\/","title":{"rendered":"En el extranjero se reconoce la ense\u00f1anza que da la UV: egresada"},"content":{"rendered":"<ul style=\"font-weight: 400\">\n<li data-leveltext=\"\uf0b7\" data-font=\"Symbol\" data-listid=\"1\" data-list-defn-props=\"{&quot;335551671&quot;:20,&quot;335552541&quot;:1,&quot;335559684&quot;:-2,&quot;335559685&quot;:720,&quot;335559991&quot;:360,&quot;469769226&quot;:&quot;Symbol&quot;,&quot;469769242&quot;:[8226],&quot;469777803&quot;:&quot;left&quot;,&quot;469777804&quot;:&quot;\uf0b7&quot;,&quot;469777815&quot;:&quot;hybridMultilevel&quot;}\" data-aria-posinset=\"20\" data-aria-level=\"1\"><i><span data-contrast=\"auto\">\u201cNuestra Universidad tiene muy buen nivel\u201d, asegur\u00f3 Abril Alondra Barrientos Bonilla, ganadora del Premio Estatal de la Juventud 2023, categor\u00eda \u201cLogro acad\u00e9mico\u201d<\/span><\/i><span data-ccp-props=\"{&quot;134233117&quot;:false,&quot;134233118&quot;:false,&quot;201341983&quot;:0,&quot;335559738&quot;:0,&quot;335559739&quot;:0,&quot;335559740&quot;:240}\">\u00a0<\/span><\/li>\n<li data-leveltext=\"\uf0b7\" data-font=\"Symbol\" data-listid=\"1\" data-list-defn-props=\"{&quot;335551671&quot;:20,&quot;335552541&quot;:1,&quot;335559684&quot;:-2,&quot;335559685&quot;:720,&quot;335559991&quot;:360,&quot;469769226&quot;:&quot;Symbol&quot;,&quot;469769242&quot;:[8226],&quot;469777803&quot;:&quot;left&quot;,&quot;469777804&quot;:&quot;\uf0b7&quot;,&quot;469777815&quot;:&quot;hybridMultilevel&quot;}\" data-aria-posinset=\"20\" data-aria-level=\"1\"><i><span data-contrast=\"auto\">La alumna de doctorado tambi\u00e9n gan\u00f3 el Premio \u201cArte, Ciencia, Luz\u201d 2020 en el nivel de licenciatura<\/span><\/i><span data-ccp-props=\"{&quot;134233117&quot;:false,&quot;134233118&quot;:false,&quot;201341983&quot;:0,&quot;335559738&quot;:0,&quot;335559739&quot;:0,&quot;335559740&quot;:240}\">\u00a0<\/span><\/li>\n<\/ul>\n<p>&nbsp;<\/p>\n<div id=\"attachment_138481\" style=\"width: 732px\" class=\"wp-caption aligncenter\"><img aria-describedby=\"caption-attachment-138481\" decoding=\"async\" loading=\"lazy\" class=\"size-full wp-image-138481\" src=\"https:\/\/www.uv.mx\/prensa\/files\/2024\/01\/030124-COUTTOLENC-Entrevista-Alondra-Barrientos-1-100k.jpg\" alt=\"\" width=\"722\" height=\"482\" srcset=\"https:\/\/www.uv.mx\/prensa\/files\/2024\/01\/030124-COUTTOLENC-Entrevista-Alondra-Barrientos-1-100k.jpg 722w, https:\/\/www.uv.mx\/prensa\/files\/2024\/01\/030124-COUTTOLENC-Entrevista-Alondra-Barrientos-1-100k-300x200.jpg 300w\" sizes=\"(max-width: 722px) 100vw, 722px\" \/><p id=\"caption-attachment-138481\" class=\"wp-caption-text\">Abril Alondra Barrientos Bonilla afirma que en el extranjero se reconoce la calidad de la ense\u00f1anza de la UV<\/p><\/div>\n<p>&nbsp;<\/p>\n<p><b><i><span data-contrast=\"auto\">Jos\u00e9 Luis Couttolenc Soto<\/span><\/i><\/b><span data-ccp-props=\"{&quot;134233117&quot;:false,&quot;134233118&quot;:false,&quot;201341983&quot;:0,&quot;335559738&quot;:0,&quot;335559739&quot;:0,&quot;335559740&quot;:240}\">\u00a0<\/span><\/p>\n<p><b><i><span data-contrast=\"auto\">Fotos: C\u00e9sar Pisil Ramos y cortes\u00eda Alondra Barrientos<\/span><\/i><\/b><span data-ccp-props=\"{&quot;134233117&quot;:false,&quot;134233118&quot;:false,&quot;201341983&quot;:0,&quot;335559738&quot;:0,&quot;335559739&quot;:0,&quot;335559740&quot;:240}\">\u00a0<\/span><\/p>\n<p><b><i><span data-contrast=\"auto\">04\/01\/2024, Xalapa, Ver.- <\/span><\/i><\/b><span data-contrast=\"auto\">Investigadores extranjeros reconocen la ense\u00f1anza que se da en la<a href=\"https:\/\/www.uv.mx\/\" target=\"_blank\" rel=\"noopener\"> Universidad Veracruzana<\/a> (UV) y la catalogan de muy buen nivel, asegur\u00f3 Abril Alondra Barrientos Bonilla, quien durante su formaci\u00f3n profesional particip\u00f3 en diversos congresos y foros cient\u00edficos de car\u00e1cter nacional e internacional.<\/span><span data-ccp-props=\"{&quot;134233117&quot;:false,&quot;134233118&quot;:false,&quot;201341983&quot;:0,&quot;335559738&quot;:0,&quot;335559739&quot;:0,&quot;335559740&quot;:240}\">\u00a0<\/span><\/p>\n<p><span data-contrast=\"auto\">La joven universitaria, de la generaci\u00f3n 2019-2023 del Doctorado en Ciencias Biom\u00e9dicas que ofrece esta casa de estudios, fue reconocida por el Gobierno de Veracruz con el Premio Estatal de la Juventud 2023 en la categor\u00eda \u201cLogro acad\u00e9mico\u201d, en cumplimiento a la convocatoria emitida a trav\u00e9s del Instituto Veracruzano de la Juventud (IVJ).<\/span><span data-ccp-props=\"{&quot;134233117&quot;:false,&quot;134233118&quot;:false,&quot;201341983&quot;:0,&quot;335559738&quot;:0,&quot;335559739&quot;:0,&quot;335559740&quot;:240}\">\u00a0<\/span><\/p>\n<p><span data-contrast=\"auto\">En charla con <\/span><i><span data-contrast=\"auto\">Universo. Sistema de noticias de la UV<\/span><\/i><span data-contrast=\"auto\">, Barrientos Bonilla, rememorando sus participaciones acad\u00e9micas, dijo: \u201cSe siente muy bonito que al llegar a un congreso fuera del pa\u00eds, los investigadores y estudiosos participantes reconozcan el trabajo que se realiza en nuestra Universidad, porque considero que el conocimiento debe ser para todos, sin importar la lengua que hablemos\u201d.<\/span><span data-ccp-props=\"{&quot;134233117&quot;:false,&quot;134233118&quot;:false,&quot;201341983&quot;:0,&quot;335559738&quot;:0,&quot;335559739&quot;:0,&quot;335559740&quot;:240}\">\u00a0<\/span><\/p>\n<div id=\"attachment_138482\" style=\"width: 455px\" class=\"wp-caption aligncenter\"><img aria-describedby=\"caption-attachment-138482\" decoding=\"async\" loading=\"lazy\" class=\"size-full wp-image-138482\" src=\"https:\/\/www.uv.mx\/prensa\/files\/2024\/01\/030124-COUTTOLENC-Entrevista-Alondra-Barrientos-2-100k.jpg\" alt=\"\" width=\"445\" height=\"480\" srcset=\"https:\/\/www.uv.mx\/prensa\/files\/2024\/01\/030124-COUTTOLENC-Entrevista-Alondra-Barrientos-2-100k.jpg 445w, https:\/\/www.uv.mx\/prensa\/files\/2024\/01\/030124-COUTTOLENC-Entrevista-Alondra-Barrientos-2-100k-278x300.jpg 278w\" sizes=\"(max-width: 445px) 100vw, 445px\" \/><p id=\"caption-attachment-138482\" class=\"wp-caption-text\">El Gobierno del Estado de Veracruz le entreg\u00f3 el Premio Estatal de la Juventud 2023 en la categor\u00eda \u201cLogro acad\u00e9mico\u201d<\/p><\/div>\n<p><span data-contrast=\"auto\">Ganadora tambi\u00e9n del Premio \u201cArte, Ciencia, Luz\u201d (2020) por su mejor trabajo recepcional en el nivel de Licenciatura (Qu\u00edmica Farmac\u00e9utica Biol\u00f3gica), record\u00f3 que a lo largo de su formaci\u00f3n profesional ha obtenido diversos reconocimientos, cuenta con publicaciones en revistas indexadas, as\u00ed como art\u00edculos de divulgaci\u00f3n.<\/span><span data-ccp-props=\"{&quot;134233117&quot;:false,&quot;134233118&quot;:false,&quot;201341983&quot;:0,&quot;335559738&quot;:0,&quot;335559739&quot;:0,&quot;335559740&quot;:240}\">\u00a0<\/span><\/p>\n<p><span data-contrast=\"auto\">Bajo la direcci\u00f3n de Daniel Hern\u00e1ndez Baltazar, investigador del Instituto de Neuroetolog\u00eda de la UV, inici\u00f3 su proyecto de tesis centrado en los cambios neuronales asociados a la regeneraci\u00f3n hep\u00e1tica, \u201cy me enamor\u00e9 de esta l\u00ednea de investigaci\u00f3n\u201d.<\/span><span data-ccp-props=\"{&quot;134233117&quot;:false,&quot;134233118&quot;:false,&quot;201341983&quot;:0,&quot;335559738&quot;:0,&quot;335559739&quot;:0,&quot;335559740&quot;:240}\">\u00a0<\/span><\/p>\n<p><span data-contrast=\"auto\">Posteriormente se desempe\u00f1\u00f3 como asistente de investigaci\u00f3n en el Laboratorio de Inmunopatolog\u00eda Molecular del Instituto de Neurolog\u00eda en donde, afirm\u00f3, \u201csegu\u00ed creciendo acad\u00e9micamente y pude observar que m\u00e1s all\u00e1 de la investigaci\u00f3n para cumplir con un requisito de titulaci\u00f3n se debe investigar con amor, desde ah\u00ed se puede ayudar a otros estudiantes que estaban incursionando en el mundo de la investigaci\u00f3n\u201d.<\/span><span data-ccp-props=\"{&quot;134233117&quot;:false,&quot;134233118&quot;:false,&quot;201341983&quot;:0,&quot;335559738&quot;:0,&quot;335559739&quot;:0,&quot;335559740&quot;:240}\">\u00a0<\/span><\/p>\n<div id=\"attachment_138483\" style=\"width: 370px\" class=\"wp-caption aligncenter\"><img aria-describedby=\"caption-attachment-138483\" decoding=\"async\" loading=\"lazy\" class=\"size-full wp-image-138483\" src=\"https:\/\/www.uv.mx\/prensa\/files\/2024\/01\/030124-COUTTOLENC-Entrevista-Alondra-Barrientos-3-100k.jpg\" alt=\"\" width=\"360\" height=\"480\" srcset=\"https:\/\/www.uv.mx\/prensa\/files\/2024\/01\/030124-COUTTOLENC-Entrevista-Alondra-Barrientos-3-100k.jpg 360w, https:\/\/www.uv.mx\/prensa\/files\/2024\/01\/030124-COUTTOLENC-Entrevista-Alondra-Barrientos-3-100k-225x300.jpg 225w\" sizes=\"(max-width: 360px) 100vw, 360px\" \/><p id=\"caption-attachment-138483\" class=\"wp-caption-text\">En los congresos internacionales se reconoce la calidad de la ense\u00f1anza de la UV, afirm\u00f3 la joven universitaria<\/p><\/div>\n<p><span data-contrast=\"auto\">Resalt\u00f3 que esta actividad le sirvi\u00f3 de base para pensar en hacer algo m\u00e1s, y decidi\u00f3 cursar el Doctorado en Ciencias Biom\u00e9dicas de la UV, desarrollando la l\u00ednea de investigaci\u00f3n \u201cDeterminaci\u00f3n del efecto neuroprotector y\/o citot\u00f3xico de la microglia en el Iocus coeruleus en un modelo murino de donante vivo de h\u00edgado\u201d.<\/span><span data-ccp-props=\"{&quot;134233117&quot;:false,&quot;134233118&quot;:false,&quot;201341983&quot;:0,&quot;335559738&quot;:0,&quot;335559739&quot;:0,&quot;335559740&quot;:240}\">\u00a0<\/span><\/p>\n<p><span data-contrast=\"auto\">De sus participaciones en congresos, mencion\u00f3 que algunos han sido auspiciados por la Sociedad Mexicana de Histolog\u00eda y por la Sociedad Mexicana de Anatom\u00eda; sus trabajos los present\u00f3 tambi\u00e9n en eventos realizados en San Francisco, California; Chicago, Illinois, y Washington, Estados Unidos, as\u00ed como en el Colegio Colombiano de Neurociencias.<\/span><span data-ccp-props=\"{&quot;134233117&quot;:false,&quot;134233118&quot;:false,&quot;201341983&quot;:0,&quot;335559738&quot;:0,&quot;335559739&quot;:0,&quot;335559740&quot;:240}\">\u00a0<\/span><\/p>\n<p><span data-contrast=\"auto\">De sus planes a futuro, Abril Alondra Barrientos dijo que busca ser profesora investigadora, y formar parte del Sistema Nacional de Investigadoras e Investigadores.<\/span><span data-ccp-props=\"{&quot;134233117&quot;:false,&quot;134233118&quot;:false,&quot;201341983&quot;:0,&quot;335559738&quot;:0,&quot;335559739&quot;:0,&quot;335559740&quot;:240}\">\u00a0<\/span><\/p>\n<p><span data-ccp-props=\"{&quot;134233117&quot;:false,&quot;134233118&quot;:false,&quot;201341983&quot;:0,&quot;335559738&quot;:0,&quot;335559739&quot;:0,&quot;335559740&quot;:240}\">\u00a0<\/span><\/p>\n<p>&nbsp;<\/p>\n","protected":false},"excerpt":{"rendered":"<p>El Gobierno del Estado reconoci\u00f3 la trayectoria y formaci\u00f3n profesional de Abril Alondra Barrientos, alumna del Doctorado en Ciencias Biom\u00e9dicas <\/p>\n","protected":false},"author":1810,"featured_media":138484,"comment_status":"closed","ping_status":"closed","sticky":false,"template":"","format":"standard","meta":[],"categories":[13,15424,61],"tags":[15235,15234,6263,723,6008,1442,1521,179,15237,15233,4162,15236,777,724,83,9649,15232,7182],"_links":{"self":[{"href":"https:\/\/www.uv.mx\/prensa\/wp-json\/wp\/v2\/posts\/138496"}],"collection":[{"href":"https:\/\/www.uv.mx\/prensa\/wp-json\/wp\/v2\/posts"}],"about":[{"href":"https:\/\/www.uv.mx\/prensa\/wp-json\/wp\/v2\/types\/post"}],"author":[{"embeddable":true,"href":"https:\/\/www.uv.mx\/prensa\/wp-json\/wp\/v2\/users\/1810"}],"replies":[{"embeddable":true,"href":"https:\/\/www.uv.mx\/prensa\/wp-json\/wp\/v2\/comments?post=138496"}],"version-history":[{"count":1,"href":"https:\/\/www.uv.mx\/prensa\/wp-json\/wp\/v2\/posts\/138496\/revisions"}],"predecessor-version":[{"id":138600,"href":"https:\/\/www.uv.mx\/prensa\/wp-json\/wp\/v2\/posts\/138496\/revisions\/138600"}],"wp:featuredmedia":[{"embeddable":true,"href":"https:\/\/www.uv.mx\/prensa\/wp-json\/wp\/v2\/media\/138484"}],"wp:attachment":[{"href":"https:\/\/www.uv.mx\/prensa\/wp-json\/wp\/v2\/media?parent=138496"}],"wp:term":[{"taxonomy":"category","embeddable":true,"href":"https:\/\/www.uv.mx\/prensa\/wp-json\/wp\/v2\/categories?post=138496"},{"taxonomy":"post_tag","embeddable":true,"href":"https:\/\/www.uv.mx\/prensa\/wp-json\/wp\/v2\/tags?post=138496"}],"curies":[{"name":"wp","href":"https:\/\/api.w.org\/{rel}","templated":true}]}}