{"id":138509,"date":"2024-01-04T18:45:18","date_gmt":"2024-01-05T00:45:18","guid":{"rendered":"https:\/\/www.uv.mx\/prensa\/?p=138509"},"modified":"2024-01-23T10:53:44","modified_gmt":"2024-01-23T16:53:44","slug":"facultad-de-arquitectura-albergo-seminario-de-posgrado","status":"publish","type":"post","link":"https:\/\/www.uv.mx\/prensa\/eventos\/facultad-de-arquitectura-albergo-seminario-de-posgrado\/","title":{"rendered":"Facultad de Arquitectura alberg\u00f3 Seminario de Posgrado"},"content":{"rendered":"<ul>\n<li data-leveltext=\"\uf0b7\" data-font=\"Symbol\" data-listid=\"6\" data-list-defn-props=\"{&quot;335552541&quot;:1,&quot;335559684&quot;:-2,&quot;335559685&quot;:720,&quot;335559991&quot;:360,&quot;469769226&quot;:&quot;Symbol&quot;,&quot;469769242&quot;:[8226],&quot;469777803&quot;:&quot;left&quot;,&quot;469777804&quot;:&quot;\uf0b7&quot;,&quot;469777815&quot;:&quot;hybridMultilevel&quot;}\" data-aria-posinset=\"1\" data-aria-level=\"1\"><i><span data-contrast=\"auto\">Incluy\u00f3 mesas de trabajo, ponencias y conferencias magistrales sobre temas como espacios verdes, procesos urbanos y h\u00e1bitat popular<\/span><\/i><span data-ccp-props=\"{}\">\u00a0<\/span><\/li>\n<\/ul>\n<p><span data-ccp-props=\"{}\">\u00a0<\/span><\/p>\n<div id=\"attachment_138503\" style=\"width: 732px\" class=\"wp-caption aligncenter\"><img aria-describedby=\"caption-attachment-138503\" decoding=\"async\" loading=\"lazy\" class=\"size-full wp-image-138503\" src=\"https:\/\/www.uv.mx\/prensa\/files\/2024\/01\/040124-CARLOS-Seminario-Arquitectura-1.jpg\" alt=\"\" width=\"722\" height=\"410\" srcset=\"https:\/\/www.uv.mx\/prensa\/files\/2024\/01\/040124-CARLOS-Seminario-Arquitectura-1.jpg 722w, https:\/\/www.uv.mx\/prensa\/files\/2024\/01\/040124-CARLOS-Seminario-Arquitectura-1-300x170.jpg 300w\" sizes=\"(max-width: 722px) 100vw, 722px\" \/><p id=\"caption-attachment-138503\" class=\"wp-caption-text\">Autoridades universitarias y coordinadores de posgrado durante la inauguraci\u00f3n del evento<\/p><\/div>\n<p><span data-ccp-props=\"{}\">\u00a0<\/span><\/p>\n<p><b><i><span data-contrast=\"auto\">Redacci\u00f3n Universo<\/span><\/i><\/b><span data-ccp-props=\"{}\">\u00a0<\/span><\/p>\n<p><b><i><span data-contrast=\"auto\">Fotos: Cortes\u00eda Facultad de Arquitectura<\/span><\/i><\/b><span data-ccp-props=\"{}\">\u00a0<\/span><\/p>\n<p><b><i><span data-contrast=\"auto\">04\/01\/2024, Xalapa, Ver.-<\/span><\/i><\/b><span data-contrast=\"auto\"> La <a href=\"https:\/\/www.uv.mx\/arquitectura\/\" target=\"_blank\" rel=\"noopener\">Facultad de Arquitectura<\/a> de la Universidad Veracruzana (UV) llev\u00f3 a cabo el 7\u00ba Seminario Internacional de Investigaciones de Posgrado, en el que estudiantes, docentes e investigadores realizaron mesas de trabajo, e impartieron ponencias y conferencias magistrales sobre temas como espacios verdes, procesos urbanos y h\u00e1bitat popular.<\/span><span data-ccp-props=\"{}\">\u00a0<\/span><\/p>\n<p><span data-contrast=\"auto\">El objetivo del evento organizado por el Doctorado en Arquitectura y Urbanismo (DAU)\u00a0 e inaugurado por Luis Arturo V\u00e1zquez Honorato, director general del \u00c1rea Acad\u00e9mica T\u00e9cnica, fue difundir,\u202fpresentar y discutir contribuciones te\u00f3ricas y metodol\u00f3gicas,\u202fhallazgos, diagn\u00f3sticos, evaluaciones y propuestas en diversas \u00e1reas de conocimiento.\u202f<\/span><span data-ccp-props=\"{&quot;335559731&quot;:708}\">\u00a0<\/span><\/p>\n<p><span data-contrast=\"auto\">Las conferencias magistrales estuvieron a cargo de Georgina Ram\u00edrez Sandoval, docente de la Universidad Aut\u00f3noma Metropolitana (UAM) Azcapotzalco, y Yenny Yolanda Ortiz Bernal, catedr\u00e1tica de la Universidad de la Gran Colombia-Armenia.<\/span><\/p>\n<p>&nbsp;<\/p>\n<div id=\"attachment_138504\" style=\"width: 732px\" class=\"wp-caption aligncenter\"><img aria-describedby=\"caption-attachment-138504\" decoding=\"async\" loading=\"lazy\" class=\"size-full wp-image-138504\" src=\"https:\/\/www.uv.mx\/prensa\/files\/2024\/01\/040124-CARLOS-Seminario-Arquitectura-2.jpg\" alt=\"\" width=\"722\" height=\"531\" srcset=\"https:\/\/www.uv.mx\/prensa\/files\/2024\/01\/040124-CARLOS-Seminario-Arquitectura-2.jpg 722w, https:\/\/www.uv.mx\/prensa\/files\/2024\/01\/040124-CARLOS-Seminario-Arquitectura-2-300x221.jpg 300w\" sizes=\"(max-width: 722px) 100vw, 722px\" \/><p id=\"caption-attachment-138504\" class=\"wp-caption-text\">Al seminario asistieron estudiantes de distintos niveles educativos<\/p><\/div>\n<p>&nbsp;<\/p>\n<p><span data-contrast=\"auto\">Adem\u00e1s del grupo de investigaci\u00f3n del Centro de Estudios de H\u00e1bitat y Vivienda de las Facultades de Arquitectura de la UV, y de Arquitectura, Planeamiento y Dise\u00f1o, de la Universidad Nacional del Rosario, integrado por Marcelo Salgado, Laura Silvina Gurr\u00eda y Sabrina C\u00e1ceres.\u00a0<\/span><span data-ccp-props=\"{&quot;335559731&quot;:708}\">\u00a0<\/span><\/p>\n<p><span data-contrast=\"auto\">Tambi\u00e9n se realizaron nueve mesas de trabajo y 38 ponencias con la participaci\u00f3n de 114 expositores, egresados y alumnos del DAU, las maestr\u00edas en Arquitectura de la UV y la Universidad Nacional Aut\u00f3noma de M\u00e9xico, El Colegio de Veracruz, y el Programa de Desarrollo Urbano de la Universidad Federal de Pernambuco, Brasil.<\/span><span data-ccp-props=\"{&quot;335559731&quot;:708}\">\u00a0<\/span><\/p>\n<p><span data-contrast=\"auto\">Bertha Lilia Salazar Mart\u00ednez, acad\u00e9mica coordinadora del posgrado, comparti\u00f3 que el seminario se estructur\u00f3 de acuerdo al mismo programa que las ediciones anteriores, con la finalidad de presentar y divulgar el conocimiento ante la comunidad estudiantil e investigadora, y dar visibilidad a los proyectos en diversas \u00e1reas, enfocadas en las tem\u00e1ticas \u201cH\u00e1bitat, desarrollo y sociedad\u201d y \u201cEstudios y procesos urbanos\u201d.<\/span><\/p>\n<div id=\"attachment_138502\" style=\"width: 732px\" class=\"wp-caption aligncenter\"><img aria-describedby=\"caption-attachment-138502\" decoding=\"async\" loading=\"lazy\" class=\"size-full wp-image-138502\" src=\"https:\/\/www.uv.mx\/prensa\/files\/2024\/01\/040124-CARLOS-Seminario-Arquitectura-3.jpg\" alt=\"\" width=\"722\" height=\"739\" srcset=\"https:\/\/www.uv.mx\/prensa\/files\/2024\/01\/040124-CARLOS-Seminario-Arquitectura-3.jpg 722w, https:\/\/www.uv.mx\/prensa\/files\/2024\/01\/040124-CARLOS-Seminario-Arquitectura-3-293x300.jpg 293w\" sizes=\"(max-width: 722px) 100vw, 722px\" \/><p id=\"caption-attachment-138502\" class=\"wp-caption-text\">Georgina Ram\u00edrez Sandoval imparti\u00f3 una conferencia magistral<\/p><\/div>\n","protected":false},"excerpt":{"rendered":"<p>Fue organizado por el Doctorado en Arquitectura y Urbanismo, e inaugurado por Luis Arturo V\u00e1zquez Honorato, director general del \u00c1rea Acad\u00e9mica T\u00e9cnica\u00a0<\/p>\n","protected":false},"author":2349,"featured_media":138501,"comment_status":"closed","ping_status":"closed","sticky":false,"template":"","format":"standard","meta":[],"categories":[15423,47,8455,15424],"tags":[15238,1784,2344,15242,10241,10695,15239,419,15240,11230,200,15241,4861,404],"_links":{"self":[{"href":"https:\/\/www.uv.mx\/prensa\/wp-json\/wp\/v2\/posts\/138509"}],"collection":[{"href":"https:\/\/www.uv.mx\/prensa\/wp-json\/wp\/v2\/posts"}],"about":[{"href":"https:\/\/www.uv.mx\/prensa\/wp-json\/wp\/v2\/types\/post"}],"author":[{"embeddable":true,"href":"https:\/\/www.uv.mx\/prensa\/wp-json\/wp\/v2\/users\/2349"}],"replies":[{"embeddable":true,"href":"https:\/\/www.uv.mx\/prensa\/wp-json\/wp\/v2\/comments?post=138509"}],"version-history":[{"count":1,"href":"https:\/\/www.uv.mx\/prensa\/wp-json\/wp\/v2\/posts\/138509\/revisions"}],"predecessor-version":[{"id":138599,"href":"https:\/\/www.uv.mx\/prensa\/wp-json\/wp\/v2\/posts\/138509\/revisions\/138599"}],"wp:featuredmedia":[{"embeddable":true,"href":"https:\/\/www.uv.mx\/prensa\/wp-json\/wp\/v2\/media\/138501"}],"wp:attachment":[{"href":"https:\/\/www.uv.mx\/prensa\/wp-json\/wp\/v2\/media?parent=138509"}],"wp:term":[{"taxonomy":"category","embeddable":true,"href":"https:\/\/www.uv.mx\/prensa\/wp-json\/wp\/v2\/categories?post=138509"},{"taxonomy":"post_tag","embeddable":true,"href":"https:\/\/www.uv.mx\/prensa\/wp-json\/wp\/v2\/tags?post=138509"}],"curies":[{"name":"wp","href":"https:\/\/api.w.org\/{rel}","templated":true}]}}