{"id":139265,"date":"2024-01-29T17:55:36","date_gmt":"2024-01-29T23:55:36","guid":{"rendered":"https:\/\/www.uv.mx\/prensa\/?p=139265"},"modified":"2024-02-06T13:07:25","modified_gmt":"2024-02-06T19:07:25","slug":"maternidad-subrogada-un-tema-que-requiere-ser-visibilizado-en-mexico","status":"publish","type":"post","link":"https:\/\/www.uv.mx\/prensa\/reportaje\/maternidad-subrogada-un-tema-que-requiere-ser-visibilizado-en-mexico\/","title":{"rendered":"Maternidad subrogada, un tema que requiere ser visibilizado en M\u00e9xico"},"content":{"rendered":"<ul>\n<li data-leveltext=\"\uf0b7\" data-font=\"Symbol\" data-listid=\"4\" data-list-defn-props=\"{&quot;335552541&quot;:1,&quot;335559684&quot;:-2,&quot;335559685&quot;:720,&quot;335559991&quot;:360,&quot;469769226&quot;:&quot;Symbol&quot;,&quot;469769242&quot;:[8226],&quot;469777803&quot;:&quot;left&quot;,&quot;469777804&quot;:&quot;\uf0b7&quot;,&quot;469777815&quot;:&quot;hybridMultilevel&quot;}\" data-aria-posinset=\"1\" data-aria-level=\"1\"><i><span data-contrast=\"none\">Desde su comienzo como pr\u00e1ctica comercial ha suscitado controversias \u00e9ticas, legales y sociales<\/span><\/i><span data-ccp-props=\"{&quot;201341983&quot;:0,&quot;335559739&quot;:0,&quot;335559740&quot;:240}\">\u00a0<\/span><\/li>\n<li data-leveltext=\"\uf0b7\" data-font=\"Symbol\" data-listid=\"4\" data-list-defn-props=\"{&quot;335552541&quot;:1,&quot;335559684&quot;:-2,&quot;335559685&quot;:720,&quot;335559991&quot;:360,&quot;469769226&quot;:&quot;Symbol&quot;,&quot;469769242&quot;:[8226],&quot;469777803&quot;:&quot;left&quot;,&quot;469777804&quot;:&quot;\uf0b7&quot;,&quot;469777815&quot;:&quot;hybridMultilevel&quot;}\" data-aria-posinset=\"2\" data-aria-level=\"1\"><i><span data-contrast=\"none\">Se estima que en el pa\u00eds se practican alrededor de 80 mil procedimientos anuales sin norma que los regule<\/span><\/i><span data-ccp-props=\"{&quot;201341983&quot;:0,&quot;335559739&quot;:0,&quot;335559740&quot;:240}\">\u00a0<\/span><\/li>\n<li data-leveltext=\"\uf0b7\" data-font=\"Symbol\" data-listid=\"4\" data-list-defn-props=\"{&quot;335552541&quot;:1,&quot;335559684&quot;:-2,&quot;335559685&quot;:720,&quot;335559991&quot;:360,&quot;469769226&quot;:&quot;Symbol&quot;,&quot;469769242&quot;:[8226],&quot;469777803&quot;:&quot;left&quot;,&quot;469777804&quot;:&quot;\uf0b7&quot;,&quot;469777815&quot;:&quot;hybridMultilevel&quot;}\" data-aria-posinset=\"3\" data-aria-level=\"1\"><i><span data-contrast=\"none\">Parejas que no pueden tener hijos lo ven como \u00faltima alternativa para lograrlo<\/span><\/i><span data-ccp-props=\"{&quot;201341983&quot;:0,&quot;335559739&quot;:0,&quot;335559740&quot;:240}\">\u00a0<\/span><\/li>\n<\/ul>\n<p><span data-ccp-props=\"{&quot;201341983&quot;:0,&quot;335559739&quot;:0,&quot;335559740&quot;:240}\">\u00a0<\/span><\/p>\n<div id=\"attachment_139232\" style=\"width: 732px\" class=\"wp-caption aligncenter\"><img aria-describedby=\"caption-attachment-139232\" decoding=\"async\" loading=\"lazy\" class=\"size-full wp-image-139232\" src=\"https:\/\/www.uv.mx\/prensa\/files\/2024\/01\/260124-COUTTOLENC-vISIBILIZAR-MATERNIDAD-SUBROGADA-1.jpg\" alt=\"\" width=\"722\" height=\"456\" srcset=\"https:\/\/www.uv.mx\/prensa\/files\/2024\/01\/260124-COUTTOLENC-vISIBILIZAR-MATERNIDAD-SUBROGADA-1.jpg 722w, https:\/\/www.uv.mx\/prensa\/files\/2024\/01\/260124-COUTTOLENC-vISIBILIZAR-MATERNIDAD-SUBROGADA-1-300x189.jpg 300w, https:\/\/www.uv.mx\/prensa\/files\/2024\/01\/260124-COUTTOLENC-vISIBILIZAR-MATERNIDAD-SUBROGADA-1-200x125.jpg 200w\" sizes=\"(max-width: 722px) 100vw, 722px\" \/><p id=\"caption-attachment-139232\" class=\"wp-caption-text\">M\u00e9xico carece de regulaci\u00f3n en materia de maternidad subrogada<\/p><\/div>\n<p><span data-ccp-props=\"{&quot;134233117&quot;:false,&quot;134233118&quot;:false,&quot;201341983&quot;:0,&quot;335559738&quot;:0,&quot;335559739&quot;:0,&quot;335559740&quot;:240}\">\u00a0<\/span><\/p>\n<p><em><b>Jos\u00e9 Luis Couttolenc Soto<\/b>\u00a0<\/em><\/p>\n<p><b><i><span data-contrast=\"none\">Fotos: Luis Fernando Fern\u00e1ndez, Omar Portilla Palacios, C\u00e9sar Pisil Ramos y cortes\u00eda entrevistados<\/span><\/i><\/b><span data-ccp-props=\"{&quot;134233117&quot;:false,&quot;134233118&quot;:false,&quot;201341983&quot;:0,&quot;335559738&quot;:0,&quot;335559739&quot;:0,&quot;335559740&quot;:240}\">\u00a0<\/span><\/p>\n<p><em><b>29\/01\/24, Xalapa, Ver.- <\/b><\/em><span data-contrast=\"none\">La maternidad subrogada, conocida tambi\u00e9n como gestaci\u00f3n por sustituci\u00f3n o vientre de alquiler, se ha convertido en una pr\u00e1ctica socorrida por muchas parejas que por alguna causa se ven imposibilitadas para procrear un hijo y ven en ella una \u00faltima oportunidad para realizar su anhelo, contribuyendo as\u00ed al crecimiento de una industria que para algunas cl\u00ednicas resulta lucrativa.<\/span><span data-ccp-props=\"{&quot;134233117&quot;:false,&quot;134233118&quot;:false,&quot;201341983&quot;:0,&quot;335559738&quot;:0,&quot;335559739&quot;:0,&quot;335559740&quot;:240}\">\u00a0<\/span><\/p>\n<p><span data-contrast=\"none\">No obstante su r\u00e1pido crecimiento, M\u00e9xico carece de una regulaci\u00f3n que norme esta pr\u00e1ctica, convirtiendo al pa\u00eds en un para\u00edso para muchas parejas, principalmente del extranjero, que acceden a pagar los diferentes costos econ\u00f3micos que les representa ser padres.<\/span><span data-ccp-props=\"{&quot;134233117&quot;:false,&quot;134233118&quot;:false,&quot;201341983&quot;:0,&quot;335559738&quot;:0,&quot;335559739&quot;:0,&quot;335559740&quot;:240}\">\u00a0<\/span><\/p>\n<p><span data-contrast=\"none\">Desde su comienzo como pr\u00e1ctica comercial (en la d\u00e9cada de los setenta), el alquiler de vientres ha sido motivo de fuertes controversias de tipo \u00e9tico, legal y social, generando distintas opiniones en torno al tema.<\/span><span data-ccp-props=\"{&quot;134233117&quot;:false,&quot;134233118&quot;:false,&quot;201341983&quot;:0,&quot;335559738&quot;:0,&quot;335559739&quot;:0,&quot;335559740&quot;:240}\">\u00a0<\/span><span data-ccp-props=\"{&quot;134233117&quot;:false,&quot;134233118&quot;:false,&quot;201341983&quot;:0,&quot;335559738&quot;:0,&quot;335559739&quot;:0,&quot;335559740&quot;:240}\">\u00a0<\/span><\/p>\n<p>&nbsp;<\/p>\n<div id=\"attachment_139231\" style=\"width: 732px\" class=\"wp-caption aligncenter\"><img aria-describedby=\"caption-attachment-139231\" decoding=\"async\" loading=\"lazy\" class=\"size-full wp-image-139231\" src=\"https:\/\/www.uv.mx\/prensa\/files\/2024\/01\/260124-COUTTOLENC-Visibilizar-maternidad-subrogada-2.jpg\" alt=\"\" width=\"722\" height=\"505\" srcset=\"https:\/\/www.uv.mx\/prensa\/files\/2024\/01\/260124-COUTTOLENC-Visibilizar-maternidad-subrogada-2.jpg 722w, https:\/\/www.uv.mx\/prensa\/files\/2024\/01\/260124-COUTTOLENC-Visibilizar-maternidad-subrogada-2-300x210.jpg 300w\" sizes=\"(max-width: 722px) 100vw, 722px\" \/><p id=\"caption-attachment-139231\" class=\"wp-caption-text\">Montserrat Ortega Ruiz dijo que en el pa\u00eds se realizan alrededor de 80 mil procedimientos anuales sin un marco normativo<\/p><\/div>\n<p>&nbsp;<\/p>\n<p><b><span data-contrast=\"none\">80 mil procedimientos anuales sin regulaci\u00f3n<\/span><\/b><span data-ccp-props=\"{&quot;134233117&quot;:false,&quot;134233118&quot;:false,&quot;201341983&quot;:0,&quot;335559738&quot;:0,&quot;335559739&quot;:0,&quot;335559740&quot;:240}\">\u00a0<\/span><\/p>\n<p><span data-contrast=\"none\">Montserrat Ortega Ruiz, alumna de posgrado del Instituto de Investigaciones Jur\u00eddicas (IIJ) de la Universidad Veracruzana (UV) y quien cuenta con un trabajo de investigaci\u00f3n al respecto, se\u00f1al\u00f3 que de acuerdo al Consejo Nacional de Poblaci\u00f3n (<\/span><i><span data-contrast=\"none\">Conapo<\/span><\/i><span data-contrast=\"none\">), el 17% de las mujeres en edad reproductiva padece infertilidad, en tanto 1.4 millones de mexicanos y mexicanas requieren de t\u00e9cnicas de reproducci\u00f3n asistida, por lo que anualmente se practican alrededor de 80 mil procedimientos sin un marco normativo que los regule.<\/span><span data-ccp-props=\"{&quot;134233117&quot;:false,&quot;134233118&quot;:false,&quot;201341983&quot;:0,&quot;335559738&quot;:0,&quot;335559739&quot;:0,&quot;335559740&quot;:240}\">\u00a0<\/span><\/p>\n<p><span data-contrast=\"none\">Lo anterior da pauta para que se desconozca cu\u00e1ntos de estos procedimientos corresponden a maternidad subrogada, puesto que no existen registros oficiales.<\/span><span data-ccp-props=\"{&quot;134233117&quot;:false,&quot;134233118&quot;:false,&quot;201341983&quot;:0,&quot;335559738&quot;:0,&quot;335559739&quot;:0,&quot;335559740&quot;:240}\">\u00a0<\/span><\/p>\n<p><span data-contrast=\"none\">La universitaria precis\u00f3 que las t\u00e9cnicas de reproducci\u00f3n humana asistida (TRHA) no se limitan a la infertilidad, obedecen tambi\u00e9n a nuevas formas de estructura social, conceptos de familia, respeto de los derechos humanos, al libre desarrollo de la personalidad, derecho de procreaci\u00f3n, a formar una familia y a la no discriminaci\u00f3n.<\/span><span data-ccp-props=\"{&quot;134233117&quot;:false,&quot;134233118&quot;:false,&quot;201341983&quot;:0,&quot;335559738&quot;:0,&quot;335559739&quot;:0,&quot;335559740&quot;:240}\">\u00a0<\/span><\/p>\n<p><span data-contrast=\"none\">Se ha observado que parejas homosexuales conformadas por hombres cisg\u00e9nero son las que m\u00e1s recurren a la maternidad subrogada, mientras que alrededor del 11% de la comunidad LGBTTTIQ+ optar\u00eda por este m\u00e9todo para convertirse en padres.<\/span><span data-ccp-props=\"{&quot;134233117&quot;:false,&quot;134233118&quot;:false,&quot;201341983&quot;:0,&quot;335559738&quot;:0,&quot;335559739&quot;:0,&quot;335559740&quot;:240}\">\u00a0<\/span><\/p>\n<p><span data-contrast=\"none\">Ortega Ruiz indic\u00f3 que la maternidad subrogada implica ruptura biol\u00f3gica materna en la filiaci\u00f3n, bajo el paradigma <\/span><i><span data-contrast=\"none\">mater semper certa est <\/span><\/i><span data-contrast=\"none\">(expresi\u00f3n latina que puede traducirse como: \u201cLa madre es siempre conocida\u201d), toda<\/span><span data-contrast=\"none\"> vez que el nacimiento del hijo no dar\u00e1 lugar a parentesco por consanguinidad.<\/span><span data-ccp-props=\"{&quot;201341983&quot;:0,&quot;335559739&quot;:0,&quot;335559740&quot;:240}\">\u00a0<\/span><\/p>\n<p><span data-contrast=\"none\">Encontr\u00f3 tambi\u00e9n que la legislaci\u00f3n actual viola el derecho a la identidad, que no se garantiza al suscribirse el contrato para el alquiler de vientre; al crecer, el o la beb\u00e9 querr\u00e1 saber qui\u00e9nes son sus padres, pero est\u00e1 estipulado el anonimato que obligar\u00e1 al interesado a judicializar para conocer su identidad. \u201cEntonces el reto es: prohibimos o regulamos\u201d, sentenci\u00f3.<\/span><span data-ccp-props=\"{&quot;201341983&quot;:0,&quot;335559739&quot;:0,&quot;335559740&quot;:240}\">\u00a0<\/span><\/p>\n<p><span data-ccp-props=\"{&quot;134233117&quot;:false,&quot;134233118&quot;:false,&quot;201341983&quot;:0,&quot;335559738&quot;:0,&quot;335559739&quot;:0,&quot;335559740&quot;:240}\">\u00a0<\/span><\/p>\n<div id=\"attachment_139230\" style=\"width: 732px\" class=\"wp-caption aligncenter\"><img aria-describedby=\"caption-attachment-139230\" decoding=\"async\" loading=\"lazy\" class=\"size-full wp-image-139230\" src=\"https:\/\/www.uv.mx\/prensa\/files\/2024\/01\/260124-COUTTOLENC-Visibilizar-maternidad-subrogada-3.jpg\" alt=\"\" width=\"722\" height=\"456\" srcset=\"https:\/\/www.uv.mx\/prensa\/files\/2024\/01\/260124-COUTTOLENC-Visibilizar-maternidad-subrogada-3.jpg 722w, https:\/\/www.uv.mx\/prensa\/files\/2024\/01\/260124-COUTTOLENC-Visibilizar-maternidad-subrogada-3-300x189.jpg 300w, https:\/\/www.uv.mx\/prensa\/files\/2024\/01\/260124-COUTTOLENC-Visibilizar-maternidad-subrogada-3-200x125.jpg 200w\" sizes=\"(max-width: 722px) 100vw, 722px\" \/><p id=\"caption-attachment-139230\" class=\"wp-caption-text\">La maternidad subrogada involucra aspectos de salud, pol\u00edtica y sociedad, opin\u00f3 Laura Lilia Serrano Mata<\/p><\/div>\n<p>&nbsp;<\/p>\n<p><b><span data-contrast=\"none\">Tabasco y Sinaloa lo tienen regulado<\/span><\/b><span data-ccp-props=\"{&quot;134233117&quot;:false,&quot;134233118&quot;:false,&quot;201341983&quot;:0,&quot;335559738&quot;:0,&quot;335559739&quot;:0,&quot;335559740&quot;:240}\">\u00a0<\/span><\/p>\n<p><span data-contrast=\"none\">Laura Lilia Serrano Mata, psicoterapeuta en salud primal y doctora en Derecho por el mismo IIJ, dijo que la maternidad subrogada involucra aspectos de salud, pol\u00edtica y sociedad; no obstante, consider\u00f3 que no se le ha puesto la atenci\u00f3n necesaria que conlleve a tomar decisiones m\u00e1s determinantes y de apoyo a la poblaci\u00f3n en general.<\/span><span data-ccp-props=\"{&quot;134233117&quot;:false,&quot;134233118&quot;:false,&quot;201341983&quot;:0,&quot;335559738&quot;:0,&quot;335559739&quot;:0,&quot;335559740&quot;:240}\">\u00a0<\/span><\/p>\n<p><span data-contrast=\"none\">Refiri\u00f3 que s\u00f3lo dos estados han regulado de manera espec\u00edfica este procedimiento, siendo \u00e9stos Tabasco y Sinaloa; en el Congreso Federal se han presentado poco m\u00e1s de ocho propuestas, pero no han prosperado posiblemente por falta de informaci\u00f3n al respecto; en San Luis Potos\u00ed se intent\u00f3 regularlo pero fue rechazado por la sociedad.<\/span><span data-ccp-props=\"{&quot;134233117&quot;:false,&quot;134233118&quot;:false,&quot;201341983&quot;:0,&quot;335559738&quot;:0,&quot;335559739&quot;:0,&quot;335559740&quot;:240}\">\u00a0<\/span><\/p>\n<p><span data-contrast=\"none\">La tambi\u00e9n doula de parto (acompa\u00f1ante especializada y certificada para atender a la mujer antes, durante y despu\u00e9s del nacimiento) destac\u00f3 que la biolog\u00eda femenina las prepara para lo que va a suceder, ya que cuando el beb\u00e9 est\u00e1 en gestaci\u00f3n ocurren cambios emocionales y f\u00edsicos, el cerebro se hace un poco m\u00e1s peque\u00f1o para que las conexiones neuronales sean pr\u00e1cticas y r\u00e1pidas, y desde el nacimiento la madre est\u00e1 pendiente de la sobrevivencia del reci\u00e9n nacido; se registra un cambio bioqu\u00edmico y f\u00edsico al interior de su organismo.<\/span><span data-ccp-props=\"{&quot;134233117&quot;:false,&quot;134233118&quot;:false,&quot;201341983&quot;:0,&quot;335559738&quot;:0,&quot;335559739&quot;:0,&quot;335559740&quot;:240}\">\u00a0<\/span><\/p>\n<p><span data-contrast=\"none\">Durante la gestaci\u00f3n, la mujer percibe movimientos y su cuerpo comienza a modificarse, empieza a recibir el trato que se da a todas las madres, pero cuando entrega el producto o lo subroga, se manifiesta en ella una sensaci\u00f3n de p\u00e9rdida.<\/span><span data-ccp-props=\"{&quot;134233117&quot;:false,&quot;134233118&quot;:false,&quot;201341983&quot;:0,&quot;335559738&quot;:0,&quot;335559739&quot;:0,&quot;335559740&quot;:240}\">\u00a0<\/span><\/p>\n<p><span data-contrast=\"none\">\u201cLa mujer que ha tomado la decisi\u00f3n de embarazo o subrogaci\u00f3n requiere de cuidados, lamentablemente esto no se est\u00e1 llevando a cabo, por lo que se tiene que trabajar en la parte psicol\u00f3gica, acompa\u00f1amiento constante durante el embarazo, parto y posparto\u201d, aconsej\u00f3 la profesionista.<\/span><span data-ccp-props=\"{&quot;134233117&quot;:false,&quot;134233118&quot;:false,&quot;201341983&quot;:0,&quot;335559731&quot;:708,&quot;335559738&quot;:0,&quot;335559739&quot;:0,&quot;335559740&quot;:240}\">\u00a0<\/span><\/p>\n<p><span data-ccp-props=\"{&quot;134233117&quot;:false,&quot;134233118&quot;:false,&quot;201341983&quot;:0,&quot;335559738&quot;:0,&quot;335559739&quot;:0,&quot;335559740&quot;:240}\">\u00a0<\/span><\/p>\n<div id=\"attachment_139229\" style=\"width: 732px\" class=\"wp-caption aligncenter\"><img aria-describedby=\"caption-attachment-139229\" decoding=\"async\" loading=\"lazy\" class=\"size-full wp-image-139229\" src=\"https:\/\/www.uv.mx\/prensa\/files\/2024\/01\/260124-COUTTOLENC-Visibilizar-maternidad-subrogada-4.jpg\" alt=\"\" width=\"722\" height=\"438\" srcset=\"https:\/\/www.uv.mx\/prensa\/files\/2024\/01\/260124-COUTTOLENC-Visibilizar-maternidad-subrogada-4.jpg 722w, https:\/\/www.uv.mx\/prensa\/files\/2024\/01\/260124-COUTTOLENC-Visibilizar-maternidad-subrogada-4-300x182.jpg 300w\" sizes=\"(max-width: 722px) 100vw, 722px\" \/><p id=\"caption-attachment-139229\" class=\"wp-caption-text\">Para Marcela Alejandra Aguilar Vergara, la gestaci\u00f3n por sustituci\u00f3n es una t\u00e9cnica noble que est\u00e1 estigmatizada<\/p><\/div>\n<p>&nbsp;<\/p>\n<p><b><span data-contrast=\"auto\">Falta de difusi\u00f3n provoca desconocimiento<\/span><\/b><span data-ccp-props=\"{&quot;201341983&quot;:0,&quot;335559739&quot;:0,&quot;335559740&quot;:240}\">\u00a0<\/span><\/p>\n<p><span data-contrast=\"auto\">Para Marcela Alejandra Aguilar Vergara, estudiante del Doctorado en Derecho de la UV, \u201cla gestaci\u00f3n por sustituci\u00f3n es una t\u00e9cnica noble que est\u00e1 estigmatizada\u201d, considera que esto es debido a la falta de informaci\u00f3n de pros y contras del procedimiento, que hace que la sociedad tenga desconocimiento sobre ello.<\/span><span data-ccp-props=\"{&quot;201341983&quot;:0,&quot;335559739&quot;:0,&quot;335559740&quot;:240}\">\u00a0<\/span><\/p>\n<p><span data-contrast=\"auto\">Resultados de una investigaci\u00f3n que realiz\u00f3, titulada \u201cLa gestaci\u00f3n por sustituci\u00f3n y el derecho a la libertad reproductiva\u201d, le permiten establecer que el derecho no siempre va de la mano con las transformaciones que se realizan en la sociedad, derivado esto de las legislaciones que no se encuentran a la altura de la poblaci\u00f3n.<\/span><span data-ccp-props=\"{&quot;201341983&quot;:0,&quot;335559739&quot;:0,&quot;335559740&quot;:240}\">\u00a0<\/span><\/p>\n<p><span data-contrast=\"auto\">Coincidi\u00f3 en se\u00f1alar que dos estados tienen regulada esta pr\u00e1ctica (Tabasco y Sinaloa) con c\u00f3digos civiles y de familia, pero existen algunas variantes entre ellos.<\/span><span data-ccp-props=\"{&quot;201341983&quot;:0,&quot;335559739&quot;:0,&quot;335559740&quot;:240}\">\u00a0<\/span><\/p>\n<p><span data-contrast=\"auto\">De la importancia del reconocimiento de la pr\u00e1ctica en M\u00e9xico, Aguilar Vergara afirm\u00f3 que se han creado eventos de difusi\u00f3n a nivel nacional, pero no han sido suficientes para llegar a la C\u00e1mara de Diputados para la elaboraci\u00f3n de las propuestas correspondientes.<\/span><span data-ccp-props=\"{&quot;201341983&quot;:0,&quot;335559739&quot;:0,&quot;335559740&quot;:240}\">\u00a0<\/span><\/p>\n<p><span data-contrast=\"auto\">Resalt\u00f3 que durante a\u00f1os se crey\u00f3 que el matrimonio se daba \u00fanicamente entre hombre y mujer, y en la actualidad se efect\u00faa en una diversidad de parejas, por lo que la sociedad se tiene que ir acoplando paulatinamente a esta nueva situaci\u00f3n, y dentro de su derecho darles la oportunidad de procreaci\u00f3n; \u201cquienes ocupan la t\u00e9cnica de reproducci\u00f3n asistida son personas de la diversidad sexual, o que quieren tener hijos a\u00fan sin pareja, lo que es tambi\u00e9n respetable\u201d.<\/span><span data-ccp-props=\"{&quot;201341983&quot;:0,&quot;335559739&quot;:0,&quot;335559740&quot;:240}\">\u00a0<\/span><\/p>\n<p><span data-ccp-props=\"{&quot;201341983&quot;:0,&quot;335559739&quot;:0,&quot;335559740&quot;:240}\">\u00a0<\/span><\/p>\n<div id=\"attachment_139233\" style=\"width: 732px\" class=\"wp-caption aligncenter\"><img aria-describedby=\"caption-attachment-139233\" decoding=\"async\" loading=\"lazy\" class=\"size-full wp-image-139233\" src=\"https:\/\/www.uv.mx\/prensa\/files\/2024\/01\/260124-COUTTOLENC-Visibilizar-maternidad-subrogada-5.jpg\" alt=\"\" width=\"722\" height=\"500\" srcset=\"https:\/\/www.uv.mx\/prensa\/files\/2024\/01\/260124-COUTTOLENC-Visibilizar-maternidad-subrogada-5.jpg 722w, https:\/\/www.uv.mx\/prensa\/files\/2024\/01\/260124-COUTTOLENC-Visibilizar-maternidad-subrogada-5-300x208.jpg 300w\" sizes=\"(max-width: 722px) 100vw, 722px\" \/><p id=\"caption-attachment-139233\" class=\"wp-caption-text\">Tom\u00e1s Gerardo Hern\u00e1ndez Parra, ginec\u00f3logo de la CUSRS, opin\u00f3 que con base en t\u00e9cnicas de reproducci\u00f3n asistida en M\u00e9xico han nacido muchos ni\u00f1os<\/p><\/div>\n<p>&nbsp;<\/p>\n<p><b><span data-contrast=\"auto\">Nacen muchos beb\u00e9s a partir de estas t\u00e9cnicas<\/span><\/b><span data-ccp-props=\"{&quot;201341983&quot;:0,&quot;335559739&quot;:0,&quot;335559740&quot;:240}\">\u00a0<\/span><\/p>\n<p><span data-contrast=\"auto\">Tom\u00e1s Gerardo Hern\u00e1ndez Parra, m\u00e9dico ginec\u00f3logo de la Cl\u00ednica Universitaria de Salud Reproductiva y Sexual (CUSRS) de la UV, dio a conocer que por falta de legislaci\u00f3n y vac\u00edos legales, en M\u00e9xico se dan muchos nacimientos a partir de las t\u00e9cnicas de reproducci\u00f3n asistida.<\/span><span data-ccp-props=\"{&quot;201341983&quot;:0,&quot;335559739&quot;:0,&quot;335559740&quot;:240}\">\u00a0<\/span><\/p>\n<p><span data-contrast=\"none\">Explic\u00f3 que cuando por razones de salud una pareja est\u00e1 imposibilitada para tener un beb\u00e9, una mujer \u201cpresta\u201d su \u00fatero para que en \u00e9l se lleve a cabo la concepci\u00f3n de un embri\u00f3n, que puede ser de los gametos de los padres. Si a la madre le practicaron histerectom\u00eda puede producir \u00f3vulo y el padre espermatozoides; con base en t\u00e9cnicas de reproducci\u00f3n asistida se implanta el embri\u00f3n en el \u00fatero y la gestante se compromete a entregar al beb\u00e9 en su nacimiento.<\/span><span data-ccp-props=\"{&quot;201341983&quot;:0,&quot;335559731&quot;:708,&quot;335559739&quot;:0,&quot;335559740&quot;:240}\">\u00a0<\/span><\/p>\n<p><span data-contrast=\"auto\">Como requisito, se pide que la futura madre tenga entre 21 y 35 a\u00f1os y est\u00e9 sana, lo que se puede comprobar con una buena historia cl\u00ednica, exploraci\u00f3n f\u00edsica, ex\u00e1menes de laboratorio para descartar enfermedades de trasmisi\u00f3n sexual y no tener adicciones.<\/span><span data-ccp-props=\"{&quot;201341983&quot;:0,&quot;335559739&quot;:0,&quot;335559740&quot;:240}\">\u00a0<\/span><\/p>\n<p><span data-contrast=\"auto\">Se recomienda tambi\u00e9n que no sean m\u00e1s de dos embarazos para evitar problemas posteriores.<\/span><span data-ccp-props=\"{&quot;201341983&quot;:0,&quot;335559739&quot;:0,&quot;335559740&quot;:240}\">\u00a0<\/span><\/p>\n","protected":false},"excerpt":{"rendered":"<p>Estudiosos consideran que es una t\u00e9cnica noble que est\u00e1 estigmatizada\u00a0<\/p>\n","protected":false},"author":2349,"featured_media":139228,"comment_status":"closed","ping_status":"closed","sticky":false,"template":"","format":"standard","meta":[],"categories":[6301,61,14],"tags":[15504,6263,15507,11524,6670,9021,4162,11146,15505,6592,15501,6462,7607,15503,15502,15506],"_links":{"self":[{"href":"https:\/\/www.uv.mx\/prensa\/wp-json\/wp\/v2\/posts\/139265"}],"collection":[{"href":"https:\/\/www.uv.mx\/prensa\/wp-json\/wp\/v2\/posts"}],"about":[{"href":"https:\/\/www.uv.mx\/prensa\/wp-json\/wp\/v2\/types\/post"}],"author":[{"embeddable":true,"href":"https:\/\/www.uv.mx\/prensa\/wp-json\/wp\/v2\/users\/2349"}],"replies":[{"embeddable":true,"href":"https:\/\/www.uv.mx\/prensa\/wp-json\/wp\/v2\/comments?post=139265"}],"version-history":[{"count":1,"href":"https:\/\/www.uv.mx\/prensa\/wp-json\/wp\/v2\/posts\/139265\/revisions"}],"predecessor-version":[{"id":139417,"href":"https:\/\/www.uv.mx\/prensa\/wp-json\/wp\/v2\/posts\/139265\/revisions\/139417"}],"wp:featuredmedia":[{"embeddable":true,"href":"https:\/\/www.uv.mx\/prensa\/wp-json\/wp\/v2\/media\/139228"}],"wp:attachment":[{"href":"https:\/\/www.uv.mx\/prensa\/wp-json\/wp\/v2\/media?parent=139265"}],"wp:term":[{"taxonomy":"category","embeddable":true,"href":"https:\/\/www.uv.mx\/prensa\/wp-json\/wp\/v2\/categories?post=139265"},{"taxonomy":"post_tag","embeddable":true,"href":"https:\/\/www.uv.mx\/prensa\/wp-json\/wp\/v2\/tags?post=139265"}],"curies":[{"name":"wp","href":"https:\/\/api.w.org\/{rel}","templated":true}]}}