{"id":139280,"date":"2024-01-30T11:51:31","date_gmt":"2024-01-30T17:51:31","guid":{"rendered":"https:\/\/www.uv.mx\/prensa\/?p=139280"},"modified":"2024-01-31T14:36:57","modified_gmt":"2024-01-31T20:36:57","slug":"entornos-naturales-permiten-conectar-con-nuestras-raices-biologos","status":"publish","type":"post","link":"https:\/\/www.uv.mx\/prensa\/eventos\/entornos-naturales-permiten-conectar-con-nuestras-raices-biologos\/","title":{"rendered":"Entornos naturales permiten conectar con nuestras ra\u00edces: bi\u00f3logos"},"content":{"rendered":"<p><span data-ccp-props=\"{}\">\u00a0<\/span><\/p>\n<ul>\n<li data-leveltext=\"\uf0b7\" data-font=\"Symbol\" data-listid=\"6\" data-list-defn-props=\"{&quot;335552541&quot;:1,&quot;335559684&quot;:-2,&quot;335559685&quot;:720,&quot;335559991&quot;:360,&quot;469769226&quot;:&quot;Symbol&quot;,&quot;469769242&quot;:[8226],&quot;469777803&quot;:&quot;left&quot;,&quot;469777804&quot;:&quot;\uf0b7&quot;,&quot;469777815&quot;:&quot;hybridMultilevel&quot;}\" data-aria-posinset=\"1\" data-aria-level=\"1\"><i><span data-contrast=\"auto\">\u201cTrabajar en el campo brinda una sensaci\u00f3n placentera y sobre todo de libertad\u201d, afirm\u00f3 Mar\u00eda Toledo Garibaldi, investigadora del Instituto de Ecolog\u00eda, A.C<\/span><\/i><span data-ccp-props=\"{}\">\u00a0<\/span><\/li>\n<li data-leveltext=\"\uf0b7\" data-font=\"Symbol\" data-listid=\"6\" data-list-defn-props=\"{&quot;335552541&quot;:1,&quot;335559684&quot;:-2,&quot;335559685&quot;:720,&quot;335559991&quot;:360,&quot;469769226&quot;:&quot;Symbol&quot;,&quot;469769242&quot;:[8226],&quot;469777803&quot;:&quot;left&quot;,&quot;469777804&quot;:&quot;\uf0b7&quot;,&quot;469777815&quot;:&quot;hybridMultilevel&quot;}\" data-aria-posinset=\"2\" data-aria-level=\"1\"><i><span data-contrast=\"auto\">\u201cEl oc\u00e9ano es demandante y encierra riesgos, pero tiene una gran variedad de fauna hermosa\u201d, mencion\u00f3 Ibiza Mart\u00ednez Serrano, directora de la Facultad de Biolog\u00eda<\/span><\/i><span data-ccp-props=\"{}\">\u00a0<\/span><\/li>\n<\/ul>\n<div id=\"attachment_139173\" style=\"width: 1010px\" class=\"wp-caption aligncenter\"><img aria-describedby=\"caption-attachment-139173\" decoding=\"async\" loading=\"lazy\" class=\"size-full wp-image-139173\" src=\"https:\/\/www.uv.mx\/prensa\/files\/2024\/01\/BPR-260124-CARLOS-Vivir-el-monte-1.jpg\" alt=\"\" width=\"1000\" height=\"350\" srcset=\"https:\/\/www.uv.mx\/prensa\/files\/2024\/01\/BPR-260124-CARLOS-Vivir-el-monte-1.jpg 1000w, https:\/\/www.uv.mx\/prensa\/files\/2024\/01\/BPR-260124-CARLOS-Vivir-el-monte-1-300x105.jpg 300w, https:\/\/www.uv.mx\/prensa\/files\/2024\/01\/BPR-260124-CARLOS-Vivir-el-monte-1-768x269.jpg 768w\" sizes=\"(max-width: 1000px) 100vw, 1000px\" \/><p id=\"caption-attachment-139173\" class=\"wp-caption-text\">Los bi\u00f3logos coincidieron en las grandes experiencias que deja estar en contacto con la naturaleza<\/p><\/div>\n<p>&nbsp;<\/p>\n<p><b><i><span data-contrast=\"auto\">Carlos Hugo Hermida Rosales<\/span><\/i><\/b><span data-ccp-props=\"{}\">\u00a0<\/span><\/p>\n<p><b><i><span data-contrast=\"auto\">Fotos: Luis Fernando Fern\u00e1ndez<\/span><\/i><\/b><span data-ccp-props=\"{}\">\u00a0<\/span><\/p>\n<p><b><i><span data-contrast=\"auto\">30\/01\/2024, Xalapa, Ver.-<\/span><\/i><\/b><span data-contrast=\"auto\"> \u201cCuanto ten\u00eda 15 a\u00f1os, la secundaria donde estudi\u00e9 llev\u00f3 a mi grupo a una pr\u00e1ctica de campo a una playa michoacana para que visit\u00e1ramos anidamientos de tortugas marinas. Yo nunca hab\u00eda conocido un ejemplar, y una de esas noches vi un esp\u00e9cimen de la\u00fad enorme; me sent\u00e9 al lado de ella, llor\u00e9, y en ese momento supe que deseaba ser bi\u00f3loga\u201d, relat\u00f3 Ariadna Rangel Negr\u00edn, del <a href=\"https:\/\/www.uv.mx\/neuro\/\" target=\"_blank\" rel=\"noopener\">Instituto de Neuroetolog\u00eda<\/a> de la Universidad Veracruzana (UV).<\/span><span data-ccp-props=\"{}\">\u00a0<\/span><\/p>\n<p><span data-contrast=\"auto\">La investigadora comparti\u00f3 que a lo largo de su trayectoria se ha desenvuelto en selvas tropicales, observado \u00e1rboles inmensos, y disfrutado de un ambiente ajeno a ruidos urbanos, envuelto por los sonidos de la naturaleza.\u00a0<\/span><span data-ccp-props=\"{&quot;335559731&quot;:708}\">\u00a0<\/span><\/p>\n<p><span data-contrast=\"auto\">Ariadna Rangel particip\u00f3 en el conversatorio virtual \u201cVivir el monte\u201d, organizado por la Direcci\u00f3n de Comunicaci\u00f3n de la Ciencia (DCC) en el marco de los festejos del D\u00eda del Bi\u00f3logo y la Bi\u00f3loga, celebrado a nivel nacional el 25 de enero, pues en este d\u00eda en 1961, cient\u00edficos de la Universidad Nacional Aut\u00f3noma de M\u00e9xico y del Instituto Polit\u00e9cnico Nacional fundaron el Colegio de Bi\u00f3logos de M\u00e9xico.<\/span><span data-ccp-props=\"{&quot;335559731&quot;:708}\">\u00a0<\/span><\/p>\n<div id=\"attachment_139176\" style=\"width: 732px\" class=\"wp-caption aligncenter\"><img aria-describedby=\"caption-attachment-139176\" decoding=\"async\" loading=\"lazy\" class=\"size-full wp-image-139176\" src=\"https:\/\/www.uv.mx\/prensa\/files\/2024\/01\/260124-CARLOS-Vivir-el-monte-2.jpg\" alt=\"\" width=\"722\" height=\"407\" srcset=\"https:\/\/www.uv.mx\/prensa\/files\/2024\/01\/260124-CARLOS-Vivir-el-monte-2.jpg 722w, https:\/\/www.uv.mx\/prensa\/files\/2024\/01\/260124-CARLOS-Vivir-el-monte-2-300x169.jpg 300w\" sizes=\"(max-width: 722px) 100vw, 722px\" \/><p id=\"caption-attachment-139176\" class=\"wp-caption-text\">Ariadna Rangel Negr\u00edn<\/p><\/div>\n<p><span data-contrast=\"auto\">El evento, en el que expertos de la disciplina citada compartieron sus vivencias en trabajo de campo, fue moderado por Mar\u00eda del Socorro Aguilar Cucurachi, titular de la DCC.\u00a0<\/span><span data-ccp-props=\"{&quot;335559731&quot;:708}\">\u00a0<\/span><\/p>\n<p><span data-contrast=\"auto\">En su intervenci\u00f3n, Mar\u00eda Toledo Garibaldi, investigadora del Instituto de Ecolog\u00eda, A.C. (<\/span><i><span data-contrast=\"auto\">Inecol<\/span><\/i><span data-contrast=\"auto\">), afirm\u00f3 que le apasiona laborar en entornos naturales porque le brinda una sensaci\u00f3n placentera, pero sobre todo de libertad.<\/span><span data-ccp-props=\"{&quot;335559731&quot;:708}\">\u00a0<\/span><\/p>\n<p><span data-contrast=\"auto\">Sus proyectos le han llevado a subir volcanes, caminar por la nieve, transitar por el bosque, nadar en r\u00edos de agua helada, y estar en el desierto a pleno sol, antes de presenciar los hermosos atardeceres del ecosistema.\u00a0<\/span><span data-ccp-props=\"{&quot;335559731&quot;:708}\">\u00a0<\/span><\/p>\n<p><span data-contrast=\"auto\">\u201cLas experiencias vividas en cada sitio te marcan y logran que te enamores de los diversos entornos que el planeta Tierra tiene para ofrecernos\u201d, asegur\u00f3.\u00a0<\/span><span data-ccp-props=\"{&quot;335559731&quot;:708}\">\u00a0<\/span><\/p>\n<div id=\"attachment_139175\" style=\"width: 732px\" class=\"wp-caption aligncenter\"><img aria-describedby=\"caption-attachment-139175\" decoding=\"async\" loading=\"lazy\" class=\"size-full wp-image-139175\" src=\"https:\/\/www.uv.mx\/prensa\/files\/2024\/01\/260124-CARLOS-Vivir-el-monte-3.jpg\" alt=\"\" width=\"722\" height=\"407\" srcset=\"https:\/\/www.uv.mx\/prensa\/files\/2024\/01\/260124-CARLOS-Vivir-el-monte-3.jpg 722w, https:\/\/www.uv.mx\/prensa\/files\/2024\/01\/260124-CARLOS-Vivir-el-monte-3-300x169.jpg 300w\" sizes=\"(max-width: 722px) 100vw, 722px\" \/><p id=\"caption-attachment-139175\" class=\"wp-caption-text\">Jorge Ramos Luna<\/p><\/div>\n<p><span data-contrast=\"auto\">La bi\u00f3loga manifest\u00f3 que al desenvolverse en el campo se conecta con las personas de una forma muy distinta a la tradicional, pues surge una camarer\u00eda especial, y se debe ser un buen integrante para facilitar las actividades de los compa\u00f1eros.\u00a0<\/span><span data-ccp-props=\"{&quot;335559731&quot;:708}\">\u00a0<\/span><\/p>\n<p><span data-contrast=\"auto\">Jorge Ramos Luna, tambi\u00e9n del <\/span><i><span data-contrast=\"auto\">Inecol<\/span><\/i><span data-contrast=\"auto\">, mencion\u00f3 que \u201cel monte atesora historias de coexistencia entre el ser humano y la naturaleza\u201d, que se pueden conocer por medio de la curiosidad, la observaci\u00f3n y el cuestionamiento.\u00a0<\/span><span data-ccp-props=\"{&quot;335559731&quot;:708}\">\u00a0<\/span><\/p>\n<p><span data-contrast=\"auto\">El investigador relat\u00f3 que las experiencias m\u00e1s significativas en entornos naturales han sido sus encuentros con vida silvestre, como ver dormir a un oso hormiguero sobre un \u00e1rbol, al que decidi\u00f3 no despertar para no perturbar su descanso.\u00a0<\/span><span data-ccp-props=\"{&quot;335559731&quot;:708}\">\u00a0<\/span><\/p>\n<div id=\"attachment_139174\" style=\"width: 732px\" class=\"wp-caption aligncenter\"><img aria-describedby=\"caption-attachment-139174\" decoding=\"async\" loading=\"lazy\" class=\"size-full wp-image-139174\" src=\"https:\/\/www.uv.mx\/prensa\/files\/2024\/01\/260124-CARLOS-Vivir-el-monte-4.jpg\" alt=\"\" width=\"722\" height=\"406\" srcset=\"https:\/\/www.uv.mx\/prensa\/files\/2024\/01\/260124-CARLOS-Vivir-el-monte-4.jpg 722w, https:\/\/www.uv.mx\/prensa\/files\/2024\/01\/260124-CARLOS-Vivir-el-monte-4-300x169.jpg 300w\" sizes=\"(max-width: 722px) 100vw, 722px\" \/><p id=\"caption-attachment-139174\" class=\"wp-caption-text\">Mar\u00eda Toledo Garibaldi<\/p><\/div>\n<p><span data-contrast=\"auto\">\u201cTodo lo que no se halla tan cercano al ser humano lo percibo como el monte y me otorga paz, y no me refiero a lugares muy conservados o ecosistemas pr\u00edstinos, sino simplemente sitios alejados de zonas urbanas\u201d, expres\u00f3.\u00a0<\/span><span data-ccp-props=\"{&quot;335559731&quot;:708}\">\u00a0<\/span><\/p>\n<p><span data-contrast=\"auto\">Finalmente, Ibiza Mart\u00ednez Serrano, directora de la Facultad de Biolog\u00eda, declar\u00f3 que los entornos naturales significan un espacio donde se pueden liberar emociones, pues permiten a quien los visita reencontrarse con sus ra\u00edces.\u00a0<\/span><span data-ccp-props=\"{&quot;335559731&quot;:708}\">\u00a0<\/span><\/p>\n<p><span data-contrast=\"auto\">Comparti\u00f3 que los proyectos desarrollados en el mar, donde ha vivido desde d\u00edas con buen clima hasta tormentas, le han dejado mucha experiencia, adem\u00e1s de respeto y amor por este h\u00e1bitat.\u00a0<\/span><span data-ccp-props=\"{&quot;335559731&quot;:708}\">\u00a0<\/span><\/p>\n<p><span data-contrast=\"auto\">\u201cEl oc\u00e9ano es demandante y sus caracter\u00edsticas particulares encierran riesgos, pero a su vez tiene cosas hermosas como una gran variedad de fauna\u201d, enfatiz\u00f3.\u00a0<\/span><span data-ccp-props=\"{&quot;335559731&quot;:708}\">\u00a0<\/span><\/p>\n<div id=\"attachment_139178\" style=\"width: 732px\" class=\"wp-caption aligncenter\"><img aria-describedby=\"caption-attachment-139178\" decoding=\"async\" loading=\"lazy\" class=\"size-full wp-image-139178\" src=\"https:\/\/www.uv.mx\/prensa\/files\/2024\/01\/260124-CARLOS-Vivir-el-monte-5.jpg\" alt=\"\" width=\"722\" height=\"407\" srcset=\"https:\/\/www.uv.mx\/prensa\/files\/2024\/01\/260124-CARLOS-Vivir-el-monte-5.jpg 722w, https:\/\/www.uv.mx\/prensa\/files\/2024\/01\/260124-CARLOS-Vivir-el-monte-5-300x169.jpg 300w\" sizes=\"(max-width: 722px) 100vw, 722px\" \/><p id=\"caption-attachment-139178\" class=\"wp-caption-text\">Ibiza Mart\u00ednez Serrano<\/p><\/div>\n<p><span data-ccp-props=\"{}\">\u00a0<\/span><\/p>\n","protected":false},"excerpt":{"rendered":"<p>Investigadores y docentes participaron en un conversatorio en el marco de los festejos del D\u00eda del Bi\u00f3logo y la Bi\u00f3loga <\/p>\n","protected":false},"author":1810,"featured_media":139173,"comment_status":"closed","ping_status":"closed","sticky":false,"template":"","format":"standard","meta":[],"categories":[47,15424,61],"tags":[6809,4161,813,15488,9855,15510,15509,147,2038,179,6249,12968,15508],"_links":{"self":[{"href":"https:\/\/www.uv.mx\/prensa\/wp-json\/wp\/v2\/posts\/139280"}],"collection":[{"href":"https:\/\/www.uv.mx\/prensa\/wp-json\/wp\/v2\/posts"}],"about":[{"href":"https:\/\/www.uv.mx\/prensa\/wp-json\/wp\/v2\/types\/post"}],"author":[{"embeddable":true,"href":"https:\/\/www.uv.mx\/prensa\/wp-json\/wp\/v2\/users\/1810"}],"replies":[{"embeddable":true,"href":"https:\/\/www.uv.mx\/prensa\/wp-json\/wp\/v2\/comments?post=139280"}],"version-history":[{"count":1,"href":"https:\/\/www.uv.mx\/prensa\/wp-json\/wp\/v2\/posts\/139280\/revisions"}],"predecessor-version":[{"id":139327,"href":"https:\/\/www.uv.mx\/prensa\/wp-json\/wp\/v2\/posts\/139280\/revisions\/139327"}],"wp:featuredmedia":[{"embeddable":true,"href":"https:\/\/www.uv.mx\/prensa\/wp-json\/wp\/v2\/media\/139173"}],"wp:attachment":[{"href":"https:\/\/www.uv.mx\/prensa\/wp-json\/wp\/v2\/media?parent=139280"}],"wp:term":[{"taxonomy":"category","embeddable":true,"href":"https:\/\/www.uv.mx\/prensa\/wp-json\/wp\/v2\/categories?post=139280"},{"taxonomy":"post_tag","embeddable":true,"href":"https:\/\/www.uv.mx\/prensa\/wp-json\/wp\/v2\/tags?post=139280"}],"curies":[{"name":"wp","href":"https:\/\/api.w.org\/{rel}","templated":true}]}}