{"id":139299,"date":"2024-01-30T14:20:27","date_gmt":"2024-01-30T20:20:27","guid":{"rendered":"https:\/\/www.uv.mx\/prensa\/?p=139299"},"modified":"2024-01-31T14:35:58","modified_gmt":"2024-01-31T20:35:58","slug":"musica-esencial-en-la-cultura-nahuahablante-estudiante","status":"publish","type":"post","link":"https:\/\/www.uv.mx\/prensa\/cultura\/musica-esencial-en-la-cultura-nahuahablante-estudiante\/","title":{"rendered":"M\u00fasica, esencial en la cultura nahuahablante: estudiante"},"content":{"rendered":"<ul>\n<li><span data-ccp-props=\"{}\">\u00a0<\/span><i><span data-contrast=\"auto\">Herminio Monterde L\u00f3pez cursa el Doctorado en Ciencias Sociales de la Universidad Veracruzana<\/span><\/i><span data-ccp-props=\"{}\">\u00a0<\/span><\/li>\n<li data-leveltext=\"\uf0b7\" data-font=\"Symbol\" data-listid=\"6\" data-list-defn-props=\"{&quot;335552541&quot;:1,&quot;335559684&quot;:-2,&quot;335559685&quot;:720,&quot;335559991&quot;:360,&quot;469769226&quot;:&quot;Symbol&quot;,&quot;469769242&quot;:[8226],&quot;469777803&quot;:&quot;left&quot;,&quot;469777804&quot;:&quot;\uf0b7&quot;,&quot;469777815&quot;:&quot;hybridMultilevel&quot;}\" data-aria-posinset=\"2\" data-aria-level=\"1\"><i><span data-contrast=\"auto\">Enfatiz\u00f3 la necesidad de preservar las ra\u00edces de las manifestaciones musicales y evitar verlas como una simple tradici\u00f3n con valor econ\u00f3mico\u00a0<\/span><\/i><span data-ccp-props=\"{}\">\u00a0<\/span><\/li>\n<\/ul>\n<p><span data-ccp-props=\"{}\">\u00a0<\/span><\/p>\n<div id=\"attachment_139261\" style=\"width: 732px\" class=\"wp-caption aligncenter\"><img aria-describedby=\"caption-attachment-139261\" decoding=\"async\" loading=\"lazy\" class=\"size-full wp-image-139261\" src=\"https:\/\/www.uv.mx\/prensa\/files\/2024\/01\/290124-CARLOS-Sonorismo-1.jpg\" alt=\"\" width=\"722\" height=\"482\" srcset=\"https:\/\/www.uv.mx\/prensa\/files\/2024\/01\/290124-CARLOS-Sonorismo-1.jpg 722w, https:\/\/www.uv.mx\/prensa\/files\/2024\/01\/290124-CARLOS-Sonorismo-1-300x200.jpg 300w\" sizes=\"(max-width: 722px) 100vw, 722px\" \/><p id=\"caption-attachment-139261\" class=\"wp-caption-text\">Herminio Monterde L\u00f3pez, alumno de doctorado del IIH-S<\/p><\/div>\n<p><span data-ccp-props=\"{}\">\u00a0<\/span><\/p>\n<p><b><i><span data-contrast=\"auto\">Carlos Hugo Hermida Rosales<\/span><\/i><\/b><span data-ccp-props=\"{}\">\u00a0<\/span><\/p>\n<p><b><i><span data-contrast=\"auto\">Fotos: Omar Portilla Palacios<\/span><\/i><\/b><span data-ccp-props=\"{}\">\u00a0<\/span><\/p>\n<p><b><i><span data-contrast=\"auto\">30\/01\/2024, Xalapa, Ver.-<\/span><\/i><\/b><span data-contrast=\"auto\"> \u201cLa m\u00fasica es un elemento fundamental para el mantenimiento de la cultura en las comunidades nahuahablantes, pues adem\u00e1s de una funci\u00f3n social posee una gran importancia ritual\u201d, explic\u00f3 Herminio Monterde L\u00f3pez, estudiante del <a href=\"https:\/\/www.uv.mx\/dcsociales\/\" target=\"_blank\" rel=\"noopener\">Doctorado en Ciencias Sociales<\/a> de la Universidad Veracruzana (UV).<\/span><span data-ccp-props=\"{}\">\u00a0<\/span><\/p>\n<p><span data-contrast=\"auto\">Al presentar los avances de su trabajo recepcional \u201cDel sonorismo <\/span><i><span data-contrast=\"auto\">maseual<\/span><\/i><span data-contrast=\"auto\"> a la etnograf\u00eda del Estado\u201d, el alumno del posgrado adscrito al Instituto de Investigaciones Hist\u00f3rico-Sociales (IIH-S) mencion\u00f3 que las nuevas generaciones de habitantes de San Miguel del Progreso y San Miguel Tzinacapan ven a las manifestaciones musicales de estos pueblos como una tradici\u00f3n con valor econ\u00f3mico, y dejan de lado sus ra\u00edces y todo lo que conllevan.\u00a0<\/span><span data-ccp-props=\"{&quot;335559731&quot;:708}\">\u00a0<\/span><\/p>\n<p><span data-contrast=\"auto\">Herminio Monterde coment\u00f3 que uno de los mayores problemas de las comunidades ind\u00edgenas es el desplazamiento de sus sistemas ling\u00fc\u00edsticos, danc\u00edsticos y jur\u00eddicos, y la falta de apoyo oficial para evitar que ocurra.<\/span><\/p>\n<p>&nbsp;<\/p>\n<div id=\"attachment_139260\" style=\"width: 732px\" class=\"wp-caption aligncenter\"><img aria-describedby=\"caption-attachment-139260\" decoding=\"async\" loading=\"lazy\" class=\"size-full wp-image-139260\" src=\"https:\/\/www.uv.mx\/prensa\/files\/2024\/01\/290124-CARLOS-Sonorismo-2.jpg\" alt=\"\" width=\"722\" height=\"459\" srcset=\"https:\/\/www.uv.mx\/prensa\/files\/2024\/01\/290124-CARLOS-Sonorismo-2.jpg 722w, https:\/\/www.uv.mx\/prensa\/files\/2024\/01\/290124-CARLOS-Sonorismo-2-300x191.jpg 300w\" sizes=\"(max-width: 722px) 100vw, 722px\" \/><p id=\"caption-attachment-139260\" class=\"wp-caption-text\">El trabajo recepcional del estudiante es dirigido por el investigador Rafael Figueroa Hern\u00e1ndez<\/p><\/div>\n<p>&nbsp;<\/p>\n<p><span data-contrast=\"auto\">\u201cLos pueblos originarios tienen derecho a fortalecerlos a partir del Estado, lo cual ayuda a preservar su cosmovisi\u00f3n\u201d, puntualiz\u00f3.<\/span><span data-ccp-props=\"{&quot;335559731&quot;:708}\">\u00a0<\/span><\/p>\n<p><span data-contrast=\"auto\">El doctorante, quien lleva a cabo su trabajo de campo en las localidades citadas, ubicadas en la sierra nororiental de Puebla, mencion\u00f3 que ambas poseen un sistema musical similar; hacen uso de viol\u00edn, jarana y guitarra huasteca para interpretar diversos sones, que cuentan con una estructura definida y en muchas ocasiones aluden a elementos de la naturaleza.\u00a0<\/span><span data-ccp-props=\"{&quot;335559731&quot;:708}\">\u00a0<\/span><\/p>\n<p><span data-contrast=\"auto\">A trav\u00e9s de entrevistas con actores clave como m\u00fasicos, hablantes de n\u00e1huatl, ejecutantes y mujeres organizadoras de fiestas comunitarias, descubri\u00f3 que existe una tensi\u00f3n ideol\u00f3gica entre generaciones.\u00a0<\/span><span data-ccp-props=\"{&quot;335559731&quot;:708}\">\u00a0<\/span><\/p>\n<p><span data-contrast=\"auto\">Los adultos creen que los j\u00f3venes se consideran mejores int\u00e9rpretes y por ello evitan relacionarse con ellos, mientras que los \u00faltimos aprenden un sistema musical ajeno a las ra\u00edces locales y desconocen el contexto para tocar las canciones.<\/span><\/p>\n<p>&nbsp;<\/p>\n<div id=\"attachment_139262\" style=\"width: 732px\" class=\"wp-caption aligncenter\"><img aria-describedby=\"caption-attachment-139262\" decoding=\"async\" loading=\"lazy\" class=\"size-full wp-image-139262\" src=\"https:\/\/www.uv.mx\/prensa\/files\/2024\/01\/290124-CARLOS-Sonorismo-3.jpg\" alt=\"\" width=\"722\" height=\"460\" srcset=\"https:\/\/www.uv.mx\/prensa\/files\/2024\/01\/290124-CARLOS-Sonorismo-3.jpg 722w, https:\/\/www.uv.mx\/prensa\/files\/2024\/01\/290124-CARLOS-Sonorismo-3-300x191.jpg 300w\" sizes=\"(max-width: 722px) 100vw, 722px\" \/><p id=\"caption-attachment-139262\" class=\"wp-caption-text\">La presentaci\u00f3n ocurri\u00f3 en el marco del Coloquio de Avances de Tesis de alumnos del Doctorado en Ciencias Sociales<\/p><\/div>\n<p>&nbsp;<\/p>\n<p><span data-contrast=\"auto\">Adem\u00e1s, hay ausencia de din\u00e1micas que preserven la m\u00fasica tradicional, pues aunque los de mayor edad deseen impartir talleres donde difundan el conocimiento adquirido a lo largo de su trayectoria, no existen pol\u00edticas p\u00fablicas que otorguen los recursos para tal fin.\u00a0<\/span><span data-ccp-props=\"{&quot;335559731&quot;:708}\">\u00a0<\/span><\/p>\n<p><span data-contrast=\"auto\">Herminio Monterde enfatiz\u00f3 en la necesidad de posicionar la forma en que las comunidades nahuahablantes conciben a la m\u00fasica, por medio de alternativas que se adapten al mundo actual, respeten las cuestiones legales y a su vez la idiosincrasia de la poblaci\u00f3n.\u00a0<\/span><span data-ccp-props=\"{&quot;335559731&quot;:708}\">\u00a0<\/span><\/p>\n<p><span data-contrast=\"auto\">\u201cLa cosmovisi\u00f3n ind\u00edgena tiene la misma importancia que la cultura occidental, por lo cual es indispensable trabajar a fin de que las pol\u00edticas p\u00fablicas estatales orientadas a conservarla aterricen adecuadamente y no se queden en el papel\u201d, concluy\u00f3.<\/span><\/p>\n","protected":false},"excerpt":{"rendered":"<p>Adem\u00e1s de una funci\u00f3n social, posee una gran importancia ritual\u00a0<\/p>\n","protected":false},"author":2349,"featured_media":139259,"comment_status":"closed","ping_status":"closed","sticky":false,"template":"","format":"standard","meta":[],"categories":[11,15423,61],"tags":[4161,7435,3072,15512,10079,15514,10521,7190,340,15511,7302,6462,7376,15513,5574],"_links":{"self":[{"href":"https:\/\/www.uv.mx\/prensa\/wp-json\/wp\/v2\/posts\/139299"}],"collection":[{"href":"https:\/\/www.uv.mx\/prensa\/wp-json\/wp\/v2\/posts"}],"about":[{"href":"https:\/\/www.uv.mx\/prensa\/wp-json\/wp\/v2\/types\/post"}],"author":[{"embeddable":true,"href":"https:\/\/www.uv.mx\/prensa\/wp-json\/wp\/v2\/users\/2349"}],"replies":[{"embeddable":true,"href":"https:\/\/www.uv.mx\/prensa\/wp-json\/wp\/v2\/comments?post=139299"}],"version-history":[{"count":1,"href":"https:\/\/www.uv.mx\/prensa\/wp-json\/wp\/v2\/posts\/139299\/revisions"}],"predecessor-version":[{"id":139326,"href":"https:\/\/www.uv.mx\/prensa\/wp-json\/wp\/v2\/posts\/139299\/revisions\/139326"}],"wp:featuredmedia":[{"embeddable":true,"href":"https:\/\/www.uv.mx\/prensa\/wp-json\/wp\/v2\/media\/139259"}],"wp:attachment":[{"href":"https:\/\/www.uv.mx\/prensa\/wp-json\/wp\/v2\/media?parent=139299"}],"wp:term":[{"taxonomy":"category","embeddable":true,"href":"https:\/\/www.uv.mx\/prensa\/wp-json\/wp\/v2\/categories?post=139299"},{"taxonomy":"post_tag","embeddable":true,"href":"https:\/\/www.uv.mx\/prensa\/wp-json\/wp\/v2\/tags?post=139299"}],"curies":[{"name":"wp","href":"https:\/\/api.w.org\/{rel}","templated":true}]}}