{"id":139334,"date":"2024-01-31T15:13:44","date_gmt":"2024-01-31T21:13:44","guid":{"rendered":"https:\/\/www.uv.mx\/prensa\/?p=139334"},"modified":"2024-02-01T13:52:14","modified_gmt":"2024-02-01T19:52:14","slug":"uv-publico-guia-para-evitar-la-colision-de-las-aves-con-las-ventanas","status":"publish","type":"post","link":"https:\/\/www.uv.mx\/prensa\/banner\/uv-publico-guia-para-evitar-la-colision-de-las-aves-con-las-ventanas\/","title":{"rendered":"UV public\u00f3 gu\u00eda para evitar la colisi\u00f3n de las aves con las ventanas"},"content":{"rendered":"<ul>\n<li data-leveltext=\"\uf0b7\" data-font=\"Symbol\" data-listid=\"3\" data-list-defn-props=\"{&quot;335552541&quot;:1,&quot;335559684&quot;:-2,&quot;335559685&quot;:720,&quot;335559991&quot;:360,&quot;469769226&quot;:&quot;Symbol&quot;,&quot;469769242&quot;:[8226],&quot;469777803&quot;:&quot;left&quot;,&quot;469777804&quot;:&quot;\uf0b7&quot;,&quot;469777815&quot;:&quot;hybridMultilevel&quot;}\" data-aria-posinset=\"1\" data-aria-level=\"1\"><i><span data-contrast=\"auto\">Esta problem\u00e1tica representa la segunda causa de muerte de especies, despu\u00e9s de la deforestaci\u00f3n y p\u00e9rdida de su h\u00e1bitat<\/span><\/i><span data-ccp-props=\"{&quot;201341983&quot;:0,&quot;335559739&quot;:0,&quot;335559740&quot;:240}\">\u00a0<\/span><\/li>\n<li data-leveltext=\"\uf0b7\" data-font=\"Symbol\" data-listid=\"3\" data-list-defn-props=\"{&quot;335552541&quot;:1,&quot;335559684&quot;:-2,&quot;335559685&quot;:720,&quot;335559991&quot;:360,&quot;469769226&quot;:&quot;Symbol&quot;,&quot;469769242&quot;:[8226],&quot;469777803&quot;:&quot;left&quot;,&quot;469777804&quot;:&quot;\uf0b7&quot;,&quot;469777815&quot;:&quot;hybridMultilevel&quot;}\" data-aria-posinset=\"2\" data-aria-level=\"1\"><i><span data-contrast=\"auto\">Es una iniciativa de Salvador Guzm\u00e1n Guzm\u00e1n, acad\u00e9mico de la Facultad de Biolog\u00eda, y de <\/span><\/i><span data-contrast=\"auto\">Cosustenta<\/span><i><span data-contrast=\"auto\">-UV<\/span><\/i><span data-ccp-props=\"{&quot;201341983&quot;:0,&quot;335559739&quot;:0,&quot;335559740&quot;:240}\">\u00a0<\/span><\/li>\n<\/ul>\n<p><span data-ccp-props=\"{&quot;201341983&quot;:0,&quot;335559739&quot;:0,&quot;335559740&quot;:240}\">\u00a0<\/span><\/p>\n<div id=\"attachment_139285\" style=\"width: 732px\" class=\"wp-caption aligncenter\"><img aria-describedby=\"caption-attachment-139285\" decoding=\"async\" loading=\"lazy\" class=\"size-full wp-image-139285\" src=\"https:\/\/www.uv.mx\/prensa\/files\/2024\/01\/290124-GUIA-DE-AVES-4.jpg\" alt=\"\" width=\"722\" height=\"469\" srcset=\"https:\/\/www.uv.mx\/prensa\/files\/2024\/01\/290124-GUIA-DE-AVES-4.jpg 722w, https:\/\/www.uv.mx\/prensa\/files\/2024\/01\/290124-GUIA-DE-AVES-4-300x195.jpg 300w\" sizes=\"(max-width: 722px) 100vw, 722px\" \/><p id=\"caption-attachment-139285\" class=\"wp-caption-text\">En la p\u00e1gina oficial de <em>Cosustenta<\/em> se puede descargar la gu\u00eda, as\u00ed como infograf\u00edas relacionadas con las aves<\/p><\/div>\n<p><span data-ccp-props=\"{&quot;201341983&quot;:0,&quot;335559739&quot;:0,&quot;335559740&quot;:240}\">\u00a0<\/span><\/p>\n<p><b><i><span data-contrast=\"auto\">Claudia Peralta V\u00e1zquez<\/span><\/i><\/b><span data-ccp-props=\"{&quot;201341983&quot;:0,&quot;335559739&quot;:0,&quot;335559740&quot;:240}\">\u00a0<\/span><\/p>\n<p><b><i><span data-contrast=\"auto\">Fotos: C\u00e9sar Pisil Ramos (1), Salvador Guzm\u00e1n (3 y 5), CoSustenta (2 y 4)<\/span><\/i><\/b><span data-ccp-props=\"{&quot;201341983&quot;:0,&quot;335559739&quot;:0,&quot;335559740&quot;:240}\">\u00a0<\/span><\/p>\n<p><b><i><span data-contrast=\"auto\">31\/01\/2024, Xalapa, Ver.-<\/span><\/i><\/b> <span data-contrast=\"auto\">Para evitar la muerte de varias especies de aves en instituciones y entidades universitarias, as\u00ed como en casas y edificios p\u00fablicos, la Universidad Veracruzana (UV), a trav\u00e9s de la Coordinaci\u00f3n Universitaria para la Sustentabilidad (<\/span><i><span data-contrast=\"auto\">Cosustenta<\/span><\/i><span data-contrast=\"auto\">), public\u00f3 en el sitio <\/span><i><span data-contrast=\"auto\">web<\/span><\/i><span data-contrast=\"auto\"> oficial de esta \u00faltima dependencia la \u201c<\/span><a href=\"https:\/\/www.uv.mx\/cosustenta\/files\/2024\/01\/ProAves_Guia-final_2023.pdf\"><span data-contrast=\"none\">Gu\u00eda para evitar la colisi\u00f3n de las aves con las ventanas<\/span><\/a><span data-contrast=\"auto\">\u201d.<\/span><span data-ccp-props=\"{&quot;201341983&quot;:0,&quot;335559739&quot;:0,&quot;335559740&quot;:240}\">\u00a0<\/span><\/p>\n<p><span data-contrast=\"auto\">Se trata de una iniciativa de Salvador Guzm\u00e1n Guzm\u00e1n, acad\u00e9mico de la Facultad de Biolog\u00eda, quien luego de un monitoreo efectuado en 2015 en los ventanales de la Unidad de Servicios Bibliotecarios y de Informaci\u00f3n (USBI), detect\u00f3 la muerte de 35 aves de alrededor de 20 especies.<\/span><span data-ccp-props=\"{&quot;201341983&quot;:0,&quot;335559731&quot;:708,&quot;335559739&quot;:0,&quot;335559740&quot;:240}\">\u00a0<\/span><\/p>\n<p><span data-contrast=\"auto\">Con el respaldo de <\/span><i><span data-contrast=\"auto\">Cosustenta<\/span><\/i><span data-contrast=\"auto\"> y a trav\u00e9s de diversas reuniones, la situaci\u00f3n se empez\u00f3 a visualizar detect\u00e1ndose que en otras facultades y entidades universitarias prevalec\u00eda el mismo problema, como en las de Arquitectura, Unidad de Ingenier\u00eda y Ciencias Qu\u00edmicas, Biolog\u00eda, Contadur\u00eda y Administraci\u00f3n, y en Rector\u00eda, por citar algunas.<\/span><span data-ccp-props=\"{&quot;201341983&quot;:0,&quot;335559739&quot;:0,&quot;335559740&quot;:240}\">\u00a0<\/span><\/p>\n<p><span data-contrast=\"auto\">Salvador Guzm\u00e1n Guzm\u00e1n coment\u00f3 que estudios realizados en Estados Unidos y Canad\u00e1 determinan que la colisi\u00f3n de las aves con las ventanas es la segunda causa de muerte despu\u00e9s de la deforestaci\u00f3n o destrucci\u00f3n de su h\u00e1bitat.<\/span><\/p>\n<p>&nbsp;<\/p>\n<div id=\"attachment_139286\" style=\"width: 732px\" class=\"wp-caption aligncenter\"><img aria-describedby=\"caption-attachment-139286\" decoding=\"async\" loading=\"lazy\" class=\"size-full wp-image-139286\" src=\"https:\/\/www.uv.mx\/prensa\/files\/2024\/01\/290124-GUIAS-DE-AVES-1.jpg\" alt=\"\" width=\"722\" height=\"476\" srcset=\"https:\/\/www.uv.mx\/prensa\/files\/2024\/01\/290124-GUIAS-DE-AVES-1.jpg 722w, https:\/\/www.uv.mx\/prensa\/files\/2024\/01\/290124-GUIAS-DE-AVES-1-300x198.jpg 300w\" sizes=\"(max-width: 722px) 100vw, 722px\" \/><p id=\"caption-attachment-139286\" class=\"wp-caption-text\">Salvador Guzm\u00e1n Guzm\u00e1n y Mar\u00eda de los \u00c1ngeles Chamorro Z\u00e1rate<\/p><\/div>\n<p>&nbsp;<\/p>\n<p><span data-contrast=\"auto\">Se estima que al a\u00f1o mueren alrededor de un bill\u00f3n de aves en Estados Unidos y de 16 a 42 millones en Canad\u00e1, s\u00f3lo por chocar con las ventanas o puertas de cristal. En M\u00e9xico se registran tres estudios de investigaci\u00f3n, pero no dimensionan la gravedad del problema.<\/span><span data-ccp-props=\"{&quot;201341983&quot;:0,&quot;335559731&quot;:708,&quot;335559739&quot;:0,&quot;335559740&quot;:240}\">\u00a0<\/span><\/p>\n<p><span data-contrast=\"auto\">El acad\u00e9mico e investigador resalt\u00f3 que la gu\u00eda, en la que participan colegas de otras facultades e institutos de investigaci\u00f3n, no obedece solo a un tema de sostenibilidad y bienestar animal.<\/span><span data-ccp-props=\"{&quot;201341983&quot;:0,&quot;335559739&quot;:0,&quot;335559740&quot;:240}\">\u00a0<\/span><\/p>\n<p><span data-contrast=\"auto\">Xalapa es una ciudad con un gran porcentaje de vegetaci\u00f3n, en la que habita alrededor del 63% de la diversidad de aves existentes en el estado de Veracruz, indic\u00f3.<\/span><span data-ccp-props=\"{&quot;201341983&quot;:0,&quot;335559739&quot;:0,&quot;335559740&quot;:240}\">\u00a0<\/span><\/p>\n<p><b><span data-contrast=\"auto\">\u00bfPor qu\u00e9 chocan las aves contra las ventanas?<\/span><\/b><span data-ccp-props=\"{&quot;201341983&quot;:0,&quot;335559739&quot;:0,&quot;335559740&quot;:240}\">\u00a0<\/span><\/p>\n<p><span data-contrast=\"auto\">Ante tal pregunta, Guzm\u00e1n Guzm\u00e1n puntualiz\u00f3 que esto ocurre porque el vidrio refleja el entorno y al no reconocerlo piensan que es un continuo de vegetaci\u00f3n. Por esa raz\u00f3n, la mayor parte de los impactos son mortales.<\/span><span data-ccp-props=\"{&quot;201341983&quot;:0,&quot;335559739&quot;:0,&quot;335559740&quot;:240}\">\u00a0<\/span><\/p>\n<p><span data-contrast=\"auto\">La gu\u00eda destaca algunas alternativas caseras y muy sencillas para evitar la colisi\u00f3n.<\/span><span data-ccp-props=\"{&quot;201341983&quot;:0,&quot;335559731&quot;:708,&quot;335559739&quot;:0,&quot;335559740&quot;:240}\">\u00a0<\/span><\/p>\n<p><span data-contrast=\"auto\">\u201cEn Estados Unidos, el 45% de los casos de choques ocurre en las casas \u2013en M\u00e9xico es algo que no se sabe\u2013, pero tomando ese valor, el otro 55% ocurre en puertas y ventanas de edificios.<\/span><span data-ccp-props=\"{&quot;201341983&quot;:0,&quot;335559731&quot;:708,&quot;335559739&quot;:0,&quot;335559740&quot;:240}\">\u00a0<\/span><\/p>\n<p>&nbsp;<\/p>\n<div id=\"attachment_139287\" style=\"width: 732px\" class=\"wp-caption aligncenter\"><img aria-describedby=\"caption-attachment-139287\" decoding=\"async\" loading=\"lazy\" class=\"size-full wp-image-139287\" src=\"https:\/\/www.uv.mx\/prensa\/files\/2024\/01\/290124-GUIAS-DE-AVES-2.jpg\" alt=\"\" width=\"722\" height=\"460\" srcset=\"https:\/\/www.uv.mx\/prensa\/files\/2024\/01\/290124-GUIAS-DE-AVES-2.jpg 722w, https:\/\/www.uv.mx\/prensa\/files\/2024\/01\/290124-GUIAS-DE-AVES-2-300x191.jpg 300w\" sizes=\"(max-width: 722px) 100vw, 722px\" \/><p id=\"caption-attachment-139287\" class=\"wp-caption-text\">La \u201cGu\u00eda para evitar la colisi\u00f3n de las aves con las ventanas\u201d incluye calcoman\u00edas para descargar, imprimir y pegar en los cristales<\/p><\/div>\n<p>&nbsp;<\/p>\n<p><span data-contrast=\"auto\">Dentro de la gu\u00eda, disponible desde el 15 de enero y descargable en el sitio <\/span><i><span data-contrast=\"auto\">web<\/span><\/i><span data-contrast=\"auto\"> de <\/span><i><span data-contrast=\"auto\">Cosustenta<\/span><\/i><span data-contrast=\"auto\">: <\/span><a href=\"https:\/\/www.uv.mx\/cosustenta\/files\/2024\/01\/ProAves_Guia-final_2023.pdf\"><span data-contrast=\"none\">https:\/\/www.uv.mx\/cosustenta\/files\/2024\/01\/ProAves_Guia-final_2023.pdf<\/span><\/a> <span data-contrast=\"auto\">se describen varios elementos u objetos que pueden ser colocados por fuera de las ventanas.<\/span><span data-ccp-props=\"{&quot;201341983&quot;:0,&quot;335559731&quot;:708,&quot;335559739&quot;:0,&quot;335559740&quot;:240}\">\u00a0<\/span><\/p>\n<p><span data-contrast=\"auto\">\u201cHemos decidido colocar o difundir el uso de calcoman\u00edas, pero tambi\u00e9n se puede hacer con listones, cordones, mosquiteros, o incluso vinil microperforado que se emplea mucho en publicidad, lo cual elimina los reflejos.\u201d<\/span><span data-ccp-props=\"{&quot;201341983&quot;:0,&quot;335559731&quot;:708,&quot;335559739&quot;:0,&quot;335559740&quot;:240}\">\u00a0<\/span><\/p>\n<p><span data-contrast=\"auto\">Mencion\u00f3 que en la USBI ya se empezaron a colocar las calcoman\u00edas y se ha notado una reducci\u00f3n de alrededor del 90%.<\/span><span data-ccp-props=\"{&quot;201341983&quot;:0,&quot;335559731&quot;:708,&quot;335559739&quot;:0,&quot;335559740&quot;:240}\">\u00a0<\/span><\/p>\n<p><span data-contrast=\"auto\">\u201cEn octubre de 2023 se ten\u00eda un registro de siete aves impactadas, en noviembre y diciembre que hemos continuado con el monitoreo ha chocado s\u00f3lo una al mes; es un indicio de que s\u00ed funcionan y pueden resolver el problema de la mortalidad de aves.\u201d<\/span><span data-ccp-props=\"{&quot;201341983&quot;:0,&quot;335559731&quot;:708,&quot;335559739&quot;:0,&quot;335559740&quot;:240}\">\u00a0<\/span><\/p>\n<p><span data-contrast=\"auto\">Hasta el momento, subray\u00f3, ninguna instituci\u00f3n de educaci\u00f3n superior ha retomado el tema. A pesar de que hay trabajos desarrollados en las universidades de Guadalajara y Tamaulipas, \u00fanicamente documentan lo que ocurre pero no proponen alternativas de soluci\u00f3n.<\/span><span data-ccp-props=\"{&quot;201341983&quot;:0,&quot;335559731&quot;:708,&quot;335559739&quot;:0,&quot;335559740&quot;:240}\">\u00a0<\/span><\/p>\n<p><span data-contrast=\"auto\">Por ello, confi\u00f3 en que la UV lo instaure como una pol\u00edtica dentro de su esquema de sustentabilidad, ser\u00eda la primera y la \u00fanica en hacerlo posible.<\/span><span data-ccp-props=\"{&quot;201341983&quot;:0,&quot;335559731&quot;:708,&quot;335559739&quot;:0,&quot;335559740&quot;:240}\">\u00a0<\/span><\/p>\n<p><span data-ccp-props=\"{&quot;201341983&quot;:0,&quot;335559739&quot;:0,&quot;335559740&quot;:240}\">\u00a0<\/span><\/p>\n<div id=\"attachment_139288\" style=\"width: 732px\" class=\"wp-caption aligncenter\"><img aria-describedby=\"caption-attachment-139288\" decoding=\"async\" loading=\"lazy\" class=\"size-full wp-image-139288\" src=\"https:\/\/www.uv.mx\/prensa\/files\/2024\/01\/290124-GUIAS-DE-AVES-3.jpg\" alt=\"\" width=\"722\" height=\"558\" srcset=\"https:\/\/www.uv.mx\/prensa\/files\/2024\/01\/290124-GUIAS-DE-AVES-3.jpg 722w, https:\/\/www.uv.mx\/prensa\/files\/2024\/01\/290124-GUIAS-DE-AVES-3-300x232.jpg 300w\" sizes=\"(max-width: 722px) 100vw, 722px\" \/><p id=\"caption-attachment-139288\" class=\"wp-caption-text\">Se estima que al a\u00f1o mueren alrededor de un bill\u00f3n de aves, s\u00f3lo por chocar con las ventanas o puertas de cristal<\/p><\/div>\n<p>&nbsp;<\/p>\n<p><b><span data-contrast=\"auto\">Importancia de las aves en el ecosistema<\/span><\/b><span data-ccp-props=\"{&quot;201341983&quot;:0,&quot;335559739&quot;:0,&quot;335559740&quot;:240}\">\u00a0<\/span><\/p>\n<p><span data-contrast=\"auto\">Algunas especies de aves son consumidoras de insectos, de ratones y mam\u00edferos peque\u00f1os que pueden convertirse en plagas, por lo que son muy importantes en el ecosistema y en la naturaleza pues desempe\u00f1an muchos papeles, uno de ellos es en la dispersi\u00f3n de semillas y en la polinizaci\u00f3n de muchas plantas, o porque consumen cad\u00e1veres de animales muertos.<\/span><span data-ccp-props=\"{&quot;201341983&quot;:0,&quot;335559739&quot;:0,&quot;335559740&quot;:240}\">\u00a0<\/span><\/p>\n<p><span data-contrast=\"auto\">Salvador Guzm\u00e1n destac\u00f3 que, en esta \u00e9poca del a\u00f1o, alrededor de 202 especies de aves llegan a nuestro territorio para invernar, provenientes de Estados Unidos y Canad\u00e1, donde se reproducen; posteriormente siguen su ruta hacia Sudam\u00e9rica.<\/span><span data-ccp-props=\"{&quot;201341983&quot;:0,&quot;335559731&quot;:708,&quot;335559739&quot;:0,&quot;335559740&quot;:240}\">\u00a0<\/span><\/p>\n<p><span data-contrast=\"auto\">Mar\u00eda de los \u00c1ngeles Chamorro Z\u00e1rate, acad\u00e9mica de la Facultad de Biolog\u00eda y coordinadora de Gesti\u00f3n para la Sustentabilidad de <\/span><i><span data-contrast=\"auto\">Cosustenta<\/span><\/i><span data-contrast=\"auto\">, regi\u00f3n Xalapa, expuso que esta acci\u00f3n se enmarca en el Eje 2 del Programa de Trabajo 2021-2025 \u201cPor una transformaci\u00f3n integral\u201d, orientado hacia la conservaci\u00f3n de la biodiversidad.<\/span><\/p>\n<p>&nbsp;<\/p>\n<div id=\"attachment_139289\" style=\"width: 732px\" class=\"wp-caption aligncenter\"><img aria-describedby=\"caption-attachment-139289\" decoding=\"async\" loading=\"lazy\" class=\"size-full wp-image-139289\" src=\"https:\/\/www.uv.mx\/prensa\/files\/2024\/01\/290124-GUIAS-DE-AVES-5.jpg\" alt=\"\" width=\"722\" height=\"496\" srcset=\"https:\/\/www.uv.mx\/prensa\/files\/2024\/01\/290124-GUIAS-DE-AVES-5.jpg 722w, https:\/\/www.uv.mx\/prensa\/files\/2024\/01\/290124-GUIAS-DE-AVES-5-300x206.jpg 300w\" sizes=\"(max-width: 722px) 100vw, 722px\" \/><p id=\"caption-attachment-139289\" class=\"wp-caption-text\">Algunos edificios de la UV ya cuentan con calcoman\u00edas para evitar que las aves choquen y mueran<\/p><\/div>\n<p>&nbsp;<\/p>\n<p><span data-contrast=\"auto\">De igual forma, se incluye en el Programa Regional de Gesti\u00f3n para la Sustentabilidad que encabeza.<\/span><span data-ccp-props=\"{&quot;201341983&quot;:0,&quot;335559731&quot;:708,&quot;335559739&quot;:0,&quot;335559740&quot;:240}\">\u00a0<\/span><\/p>\n<p><span data-contrast=\"auto\">Resalt\u00f3 la participaci\u00f3n en el proyecto de diversas \u00e1reas de esta casa de estudios, pues se incorporaron acad\u00e9micos e investigadores de los Institutos de Artes Pl\u00e1sticas, Psicolog\u00eda y Educaci\u00f3n.<\/span><span data-ccp-props=\"{&quot;201341983&quot;:0,&quot;335559731&quot;:708,&quot;335559739&quot;:0,&quot;335559740&quot;:240}\">\u00a0<\/span><\/p>\n<p><span data-contrast=\"auto\">Con respecto a las calcoman\u00edas dise\u00f1adas exclusivamente para la UV, dijo que son de f\u00e1cil acceso y su impresi\u00f3n requiere de una m\u00ednima inversi\u00f3n.<\/span><span data-ccp-props=\"{&quot;201341983&quot;:0,&quot;335559731&quot;:708,&quot;335559739&quot;:0,&quot;335559740&quot;:240}\">\u00a0<\/span><\/p>\n","protected":false},"excerpt":{"rendered":"<p>Chocan porque el vidrio refleja el entorno y, al no reconocerlo, piensan que es un continuo de vegetaci\u00f3n<\/p>\n","protected":false},"author":2349,"featured_media":139290,"comment_status":"closed","ping_status":"closed","sticky":false,"template":"","format":"standard","meta":[],"categories":[61,6299],"tags":[2132,5751,6263,4163,15524,157,12058,3265,15309,10109,15525],"_links":{"self":[{"href":"https:\/\/www.uv.mx\/prensa\/wp-json\/wp\/v2\/posts\/139334"}],"collection":[{"href":"https:\/\/www.uv.mx\/prensa\/wp-json\/wp\/v2\/posts"}],"about":[{"href":"https:\/\/www.uv.mx\/prensa\/wp-json\/wp\/v2\/types\/post"}],"author":[{"embeddable":true,"href":"https:\/\/www.uv.mx\/prensa\/wp-json\/wp\/v2\/users\/2349"}],"replies":[{"embeddable":true,"href":"https:\/\/www.uv.mx\/prensa\/wp-json\/wp\/v2\/comments?post=139334"}],"version-history":[{"count":1,"href":"https:\/\/www.uv.mx\/prensa\/wp-json\/wp\/v2\/posts\/139334\/revisions"}],"predecessor-version":[{"id":139375,"href":"https:\/\/www.uv.mx\/prensa\/wp-json\/wp\/v2\/posts\/139334\/revisions\/139375"}],"wp:featuredmedia":[{"embeddable":true,"href":"https:\/\/www.uv.mx\/prensa\/wp-json\/wp\/v2\/media\/139290"}],"wp:attachment":[{"href":"https:\/\/www.uv.mx\/prensa\/wp-json\/wp\/v2\/media?parent=139334"}],"wp:term":[{"taxonomy":"category","embeddable":true,"href":"https:\/\/www.uv.mx\/prensa\/wp-json\/wp\/v2\/categories?post=139334"},{"taxonomy":"post_tag","embeddable":true,"href":"https:\/\/www.uv.mx\/prensa\/wp-json\/wp\/v2\/tags?post=139334"}],"curies":[{"name":"wp","href":"https:\/\/api.w.org\/{rel}","templated":true}]}}