{"id":139435,"date":"2024-02-06T16:25:01","date_gmt":"2024-02-06T22:25:01","guid":{"rendered":"https:\/\/www.uv.mx\/prensa\/?p=139435"},"modified":"2024-02-07T12:09:05","modified_gmt":"2024-02-07T18:09:05","slug":"revista-la-ciencia-37-anos-de-historia-y-permanencia","status":"publish","type":"post","link":"https:\/\/www.uv.mx\/prensa\/ciencia\/revista-la-ciencia-37-anos-de-historia-y-permanencia\/","title":{"rendered":"Revista <i>La Ciencia<\/i>, 37 a\u00f1os de historia y permanencia"},"content":{"rendered":"<ul>\n<li data-leveltext=\"\uf0b7\" data-font=\"Symbol\" data-listid=\"2\" data-list-defn-props=\"{&quot;335552541&quot;:1,&quot;335559684&quot;:-2,&quot;335559685&quot;:720,&quot;335559991&quot;:360,&quot;469769226&quot;:&quot;Symbol&quot;,&quot;469769242&quot;:[8226],&quot;469777803&quot;:&quot;left&quot;,&quot;469777804&quot;:&quot;\uf0b7&quot;,&quot;469777815&quot;:&quot;hybridMultilevel&quot;}\" data-aria-posinset=\"1\" data-aria-level=\"1\"><i><span data-contrast=\"auto\">La emblem\u00e1tica publicaci\u00f3n de la Universidad Veracruzana seguir\u00e1 contribuyendo a la divulgaci\u00f3n sin refuerzo a estereotipo de g\u00e9nero<\/span><\/i><span data-ccp-props=\"{&quot;201341983&quot;:0,&quot;335559739&quot;:0,&quot;335559740&quot;:240}\">\u00a0<\/span><\/li>\n<\/ul>\n<p><span data-ccp-props=\"{&quot;201341983&quot;:0,&quot;335559739&quot;:0,&quot;335559740&quot;:240}\">\u00a0<\/span><\/p>\n<div id=\"attachment_139321\" style=\"width: 610px\" class=\"wp-caption aligncenter\"><img aria-describedby=\"caption-attachment-139321\" decoding=\"async\" loading=\"lazy\" class=\"size-full wp-image-139321\" src=\"https:\/\/www.uv.mx\/prensa\/files\/2024\/01\/310124-PACHECO-LaCiencia-revista-Foto-1.jpg\" alt=\"\" width=\"600\" height=\"970\" srcset=\"https:\/\/www.uv.mx\/prensa\/files\/2024\/01\/310124-PACHECO-LaCiencia-revista-Foto-1.jpg 600w, https:\/\/www.uv.mx\/prensa\/files\/2024\/01\/310124-PACHECO-LaCiencia-revista-Foto-1-186x300.jpg 186w\" sizes=\"(max-width: 600px) 100vw, 600px\" \/><p id=\"caption-attachment-139321\" class=\"wp-caption-text\">Portada de la revista <em>La Ciencia<\/em> para el n\u00famero correspondiente a enero-abril de 2024<\/p><\/div>\n<p><span data-ccp-props=\"{&quot;201341983&quot;:0,&quot;335559739&quot;:0,&quot;335559740&quot;:240}\">\u00a0<\/span><\/p>\n<p><b><i><span data-contrast=\"auto\">Redacci\u00f3n Universo<\/span><\/i><\/b><span data-ccp-props=\"{&quot;201341983&quot;:0,&quot;335559739&quot;:0,&quot;335559740&quot;:240}\">\u00a0<\/span><\/p>\n<p><b><i><span data-contrast=\"auto\">Fotos: cortes\u00eda revista La Ciencia<\/span><\/i><\/b><span data-ccp-props=\"{&quot;201341983&quot;:0,&quot;335559739&quot;:0,&quot;335559740&quot;:240}\">\u00a0<\/span><\/p>\n<p><b><i><span data-contrast=\"auto\">06\/02\/2024, Xalapa, Ver.-<\/span><\/i><\/b> <span data-contrast=\"auto\">La revista de la<a href=\"https:\/\/www.uv.mx\/\" target=\"_blank\" rel=\"noopener\"> Universidad Veracruzana<\/a> (UV) <\/span><i><span data-contrast=\"auto\">La Ciencia y el Hombre<\/span><\/i><span data-contrast=\"auto\"> inicia una nueva etapa y estrena nombre, ahora se llama <\/span><i><span data-contrast=\"auto\">La Ciencia <\/span><\/i><span data-contrast=\"auto\">y tiene una identidad m\u00e1s concisa y atemporal, alineada con la universalidad de la b\u00fasqueda cient\u00edfica que rebasa las tres d\u00e9cadas de permanencia ininterrumpida.<\/span><span data-ccp-props=\"{&quot;201341983&quot;:0,&quot;335559739&quot;:0,&quot;335559740&quot;:240}\">\u00a0<\/span><\/p>\n<p><span data-contrast=\"auto\">Desde su concepci\u00f3n ha trascendido como veh\u00edculo importante para la divulgaci\u00f3n del conocimiento, en un contexto en el que el empleo del t\u00e9rmino \u201chombre\u201d no estaba sujeto a controversia.<\/span><\/p>\n<p>&nbsp;<\/p>\n<div id=\"attachment_139322\" style=\"width: 460px\" class=\"wp-caption aligncenter\"><img aria-describedby=\"caption-attachment-139322\" decoding=\"async\" loading=\"lazy\" class=\"wp-image-139322\" src=\"https:\/\/www.uv.mx\/prensa\/files\/2024\/01\/310124-PACHECO-LaCiencia-revista-Foto-2.jpg\" alt=\"\" width=\"450\" height=\"728\" srcset=\"https:\/\/www.uv.mx\/prensa\/files\/2024\/01\/310124-PACHECO-LaCiencia-revista-Foto-2.jpg 600w, https:\/\/www.uv.mx\/prensa\/files\/2024\/01\/310124-PACHECO-LaCiencia-revista-Foto-2-186x300.jpg 186w\" sizes=\"(max-width: 450px) 100vw, 450px\" \/><p id=\"caption-attachment-139322\" class=\"wp-caption-text\">La publicaci\u00f3n universitaria ofrece contenido variado e incluyente<\/p><\/div>\n<p>&nbsp;<\/p>\n<p><span data-contrast=\"auto\">Se consider\u00f3 importante que se llame <\/span><i><span data-contrast=\"auto\">La Ciencia<\/span><\/i><span data-contrast=\"auto\">, respetando continuidad y n\u00famero. Al mantener conexi\u00f3n con la tradici\u00f3n de la revista mediante la identidad tipogr\u00e1fica y editorial, el nuevo nombre simplifica la denominaci\u00f3n para hacerla m\u00e1s memorable.<\/span><span data-ccp-props=\"{&quot;201341983&quot;:0,&quot;335559731&quot;:708,&quot;335559739&quot;:0,&quot;335559740&quot;:240}\">\u00a0<\/span><\/p>\n<p><span data-contrast=\"auto\">Existe la certeza de que esta tarea de divulgaci\u00f3n y socializaci\u00f3n debe llevarse a cabo sin reforzar estereotipos de g\u00e9nero ni perpetuar pr\u00e1cticas excluyentes y sexistas que comienzan con el lenguaje empleado. De esta forma, los editores contribuyen a la creaci\u00f3n de un ambiente inclusivo, respetuoso y acorde con los principios de igualdad de g\u00e9nero que la UV promueve.<\/span><\/p>\n<div id=\"attachment_139323\" style=\"width: 460px\" class=\"wp-caption aligncenter\"><img aria-describedby=\"caption-attachment-139323\" decoding=\"async\" loading=\"lazy\" class=\"wp-image-139323\" src=\"https:\/\/www.uv.mx\/prensa\/files\/2024\/01\/310124-PACHECO-LaCiencia-revista-Foto-3.jpg\" alt=\"\" width=\"450\" height=\"728\" srcset=\"https:\/\/www.uv.mx\/prensa\/files\/2024\/01\/310124-PACHECO-LaCiencia-revista-Foto-3.jpg 600w, https:\/\/www.uv.mx\/prensa\/files\/2024\/01\/310124-PACHECO-LaCiencia-revista-Foto-3-186x300.jpg 186w\" sizes=\"(max-width: 450px) 100vw, 450px\" \/><p id=\"caption-attachment-139323\" class=\"wp-caption-text\">En el \u00e1rea de divulgaci\u00f3n de conocimiento se hace a un lado la hegemon\u00eda gen\u00e9rica<\/p><\/div>\n","protected":false},"excerpt":{"rendered":"<p>La modificaci\u00f3n en el nombre va acorde con la pol\u00edtica universitaria de difusi\u00f3n y creatividad en ambiente inclusivo y apoyado en los principios de igualdad de g\u00e9nero<\/p>\n","protected":false},"author":2349,"featured_media":139320,"comment_status":"closed","ping_status":"closed","sticky":false,"template":"","format":"standard","meta":[],"categories":[45,8445],"tags":[15559,10374,797,1198,11960,7494,8490,15557,15558,9878,1251],"_links":{"self":[{"href":"https:\/\/www.uv.mx\/prensa\/wp-json\/wp\/v2\/posts\/139435"}],"collection":[{"href":"https:\/\/www.uv.mx\/prensa\/wp-json\/wp\/v2\/posts"}],"about":[{"href":"https:\/\/www.uv.mx\/prensa\/wp-json\/wp\/v2\/types\/post"}],"author":[{"embeddable":true,"href":"https:\/\/www.uv.mx\/prensa\/wp-json\/wp\/v2\/users\/2349"}],"replies":[{"embeddable":true,"href":"https:\/\/www.uv.mx\/prensa\/wp-json\/wp\/v2\/comments?post=139435"}],"version-history":[{"count":1,"href":"https:\/\/www.uv.mx\/prensa\/wp-json\/wp\/v2\/posts\/139435\/revisions"}],"predecessor-version":[{"id":139481,"href":"https:\/\/www.uv.mx\/prensa\/wp-json\/wp\/v2\/posts\/139435\/revisions\/139481"}],"wp:featuredmedia":[{"embeddable":true,"href":"https:\/\/www.uv.mx\/prensa\/wp-json\/wp\/v2\/media\/139320"}],"wp:attachment":[{"href":"https:\/\/www.uv.mx\/prensa\/wp-json\/wp\/v2\/media?parent=139435"}],"wp:term":[{"taxonomy":"category","embeddable":true,"href":"https:\/\/www.uv.mx\/prensa\/wp-json\/wp\/v2\/categories?post=139435"},{"taxonomy":"post_tag","embeddable":true,"href":"https:\/\/www.uv.mx\/prensa\/wp-json\/wp\/v2\/tags?post=139435"}],"curies":[{"name":"wp","href":"https:\/\/api.w.org\/{rel}","templated":true}]}}