{"id":139475,"date":"2024-02-07T12:07:31","date_gmt":"2024-02-07T18:07:31","guid":{"rendered":"https:\/\/www.uv.mx\/prensa\/?p=139475"},"modified":"2024-02-07T12:07:31","modified_gmt":"2024-02-07T18:07:31","slug":"egresada-de-uv-intercultural-reflexiono-con-infantes-sobre-sus-derechos","status":"publish","type":"post","link":"https:\/\/www.uv.mx\/prensa\/banner\/egresada-de-uv-intercultural-reflexiono-con-infantes-sobre-sus-derechos\/","title":{"rendered":"Egresada de UV-Intercultural reflexion\u00f3 con infantes sobre sus derechos"},"content":{"rendered":"<ul>\n<li data-leveltext=\"\uf0b7\" data-font=\"Symbol\" data-listid=\"6\" data-list-defn-props=\"{&quot;335552541&quot;:1,&quot;335559684&quot;:-2,&quot;335559685&quot;:720,&quot;335559991&quot;:360,&quot;469769226&quot;:&quot;Symbol&quot;,&quot;469769242&quot;:[8226],&quot;469777803&quot;:&quot;left&quot;,&quot;469777804&quot;:&quot;\uf0b7&quot;,&quot;469777815&quot;:&quot;hybridMultilevel&quot;}\" data-aria-posinset=\"1\" data-aria-level=\"1\"><i><span data-contrast=\"auto\">Keidy In\u00e9s G\u00f3mez Hern\u00e1ndez trabaj\u00f3 una vez por semana con una docena de ni\u00f1as y ni\u00f1os de Huazuntl\u00e1n, en el periodo de mayo de 2022 a abril de 2023<\/span><\/i><span data-ccp-props=\"{}\">\u00a0<\/span><\/li>\n<li data-leveltext=\"\uf0b7\" data-font=\"Symbol\" data-listid=\"6\" data-list-defn-props=\"{&quot;335552541&quot;:1,&quot;335559684&quot;:-2,&quot;335559685&quot;:720,&quot;335559991&quot;:360,&quot;469769226&quot;:&quot;Symbol&quot;,&quot;469769242&quot;:[8226],&quot;469777803&quot;:&quot;left&quot;,&quot;469777804&quot;:&quot;\uf0b7&quot;,&quot;469777815&quot;:&quot;hybridMultilevel&quot;}\" data-aria-posinset=\"2\" data-aria-level=\"1\"><i><span data-contrast=\"auto\">Estudi\u00f3 varios documentos del Fondo de las Naciones Unidas para la Infancia, a fin de instruirse de la mejor forma posible<\/span><\/i><span data-ccp-props=\"{}\">\u00a0<\/span><\/li>\n<\/ul>\n<p><span data-ccp-props=\"{}\">\u00a0<\/span><\/p>\n<div id=\"attachment_139311\" style=\"width: 732px\" class=\"wp-caption aligncenter\"><img aria-describedby=\"caption-attachment-139311\" decoding=\"async\" loading=\"lazy\" class=\"size-full wp-image-139311\" src=\"https:\/\/www.uv.mx\/prensa\/files\/2024\/01\/310124-CARLOS-UVI-Derechos-ninos-1-100k.jpg\" alt=\"\" width=\"722\" height=\"480\" srcset=\"https:\/\/www.uv.mx\/prensa\/files\/2024\/01\/310124-CARLOS-UVI-Derechos-ninos-1-100k.jpg 722w, https:\/\/www.uv.mx\/prensa\/files\/2024\/01\/310124-CARLOS-UVI-Derechos-ninos-1-100k-300x199.jpg 300w\" sizes=\"(max-width: 722px) 100vw, 722px\" \/><p id=\"caption-attachment-139311\" class=\"wp-caption-text\">La egresada afirm\u00f3 que la actividad le brind\u00f3 mucha experiencia en el \u00e1mbito docente<\/p><\/div>\n<p><span data-ccp-props=\"{}\">\u00a0<\/span><\/p>\n<p><b><i><span data-contrast=\"auto\">Carlos Hugo Hermida Rosales<\/span><\/i><\/b><span data-ccp-props=\"{}\">\u00a0<\/span><\/p>\n<p><b><i><span data-contrast=\"auto\">Fotos: Cortes\u00eda entrevistada (1 y 2) y Omar Portilla Palacios (3)<\/span><\/i><\/b><span data-ccp-props=\"{}\">\u00a0<\/span><\/p>\n<p><b><i><span data-contrast=\"auto\">07\/02\/2024, Xalapa, Ver.-<\/span><\/i><\/b><span data-contrast=\"auto\"> A trav\u00e9s de actividades l\u00fadicas, como juegos de mesa, dibujos, cuentos y adivinanzas, Keidy In\u00e9s G\u00f3mez Hern\u00e1ndez, egresada de la Licenciatura en Gesti\u00f3n Intercultural para el Desarrollo (LGDI) de la Universidad Veracruzana Intercultural (UV-Intercultural) sede Las Selvas, motiv\u00f3 a un grupo de ni\u00f1as y ni\u00f1os a conocer sus derechos.<\/span><span data-ccp-props=\"{}\">\u00a0<\/span><\/p>\n<p><span data-contrast=\"auto\">\u201cPor una temporada apoy\u00e9 a ni\u00f1os de mi colonia con sus tareas escolares, y me platicaron que ignoraban cu\u00e1les era sus derechos; me pregunt\u00e9 si los dem\u00e1s peque\u00f1os de Huazuntl\u00e1n los conoc\u00edan y me propuse ense\u00f1arles sobre el tema\u201d, relat\u00f3.<\/span><span data-ccp-props=\"{}\">\u00a0<\/span><\/p>\n<p><span data-contrast=\"auto\">La joven realiz\u00f3 el proyecto recepcional \u201cEstrategias l\u00fadicas para abordar los derechos de la ni\u00f1ez, reflexiones en torno a la intervenci\u00f3n en el barrio primero de la comunidad nahua de Huazuntl\u00e1n, Mpio. de Mecayapan, Veracruz\u201d.\u202f<\/span><span data-ccp-props=\"{&quot;335559731&quot;:708}\">\u00a0<\/span><\/p>\n<p><span data-ccp-props=\"{}\">\u00a0<\/span><\/p>\n<p><b><span data-contrast=\"auto\">Derechos de los ni\u00f1os, un siglo de antig\u00fcedad\u00a0<\/span><\/b><span data-ccp-props=\"{}\">\u00a0<\/span><\/p>\n<p><span data-contrast=\"auto\">El origen de los derechos de los ni\u00f1os se remonta a 1924, a\u00f1o en que la Sociedad de las Naciones \u2013antecesora de las Naciones Unidas\u2013 aprob\u00f3 la Declaraci\u00f3n de Ginebra, documento donde se expresa que todos los infantes deben contar con los medios para su desarrollo, recibir ayuda especial en \u00e9pocas de necesidad, gozar de libertad econ\u00f3mica y protecci\u00f3n contra la explotaci\u00f3n, y acceder a una educaci\u00f3n con conciencia social.<\/span><span data-ccp-props=\"{}\">\u00a0<\/span><\/p>\n<p><span data-contrast=\"auto\">Posteriormente, en 1990 entr\u00f3 en vigor la Convenci\u00f3n sobre los Derechos del Ni\u00f1o \u2013aprobada en 1989\u2013, tratado internacional m\u00e1s ratificado en el mundo pues ha sido adoptado por casi 200 pa\u00edses, incluido M\u00e9xico.\u00a0<\/span><span data-ccp-props=\"{&quot;335559731&quot;:708}\">\u00a0<\/span><\/p>\n<p><span data-contrast=\"auto\">A nivel nacional, la Ley General de los Derechos de Ni\u00f1os y Adolescentes, publicada en 2014, se\u00f1ala los derechos a la vida, al desarrollo, la prioridad, la identidad, la igualdad sustantiva, a no ser discriminado, a la salud, la seguridad social, la inclusi\u00f3n, educaci\u00f3n, descanso y esparcimiento, entre otros.\u00a0<\/span><span data-ccp-props=\"{&quot;335559731&quot;:708}\">\u00a0<\/span><\/p>\n<p><span data-contrast=\"auto\">No obstante, instituciones como la Red por los Derechos de la Infancia en M\u00e9xico asegura que en el pa\u00eds la mayor parte de ni\u00f1os y adolescentes los desconocen, y son v\u00edctimas de distintas formas de violencia, lo cual obstaculiza que tengan una vida digna.\u00a0<\/span><span data-ccp-props=\"{&quot;335559731&quot;:708}\">\u00a0<\/span><\/p>\n<p><span data-ccp-props=\"{&quot;469777462&quot;:[5250],&quot;469777927&quot;:[0],&quot;469777928&quot;:[1]}\">\u00a0<\/span><\/p>\n<div id=\"attachment_139312\" style=\"width: 732px\" class=\"wp-caption aligncenter\"><img aria-describedby=\"caption-attachment-139312\" decoding=\"async\" loading=\"lazy\" class=\"size-full wp-image-139312\" src=\"https:\/\/www.uv.mx\/prensa\/files\/2024\/01\/310124-CARLOS-UVI-Derechos-ninos-2-100kj.jpg\" alt=\"\" width=\"722\" height=\"480\" srcset=\"https:\/\/www.uv.mx\/prensa\/files\/2024\/01\/310124-CARLOS-UVI-Derechos-ninos-2-100kj.jpg 722w, https:\/\/www.uv.mx\/prensa\/files\/2024\/01\/310124-CARLOS-UVI-Derechos-ninos-2-100kj-300x199.jpg 300w\" sizes=\"(max-width: 722px) 100vw, 722px\" \/><p id=\"caption-attachment-139312\" class=\"wp-caption-text\">Los ni\u00f1os asistentes superaron la timidez y con el tiempo se mostraron m\u00e1s participativos<\/p><\/div>\n<p>&nbsp;<\/p>\n<p><b><span data-contrast=\"auto\">Desarrollo de las estrategias l\u00fadicas<\/span><\/b><span data-ccp-props=\"{&quot;469777462&quot;:[5250],&quot;469777927&quot;:[0],&quot;469777928&quot;:[1]}\">\u00a0<\/span><\/p>\n<p><span data-contrast=\"auto\">Keidy G\u00f3mez se reuni\u00f3 una vez a la semana de mayo de 2022 a abril de 2023, con una docena de ni\u00f1as y ni\u00f1os de la localidad citada, cuyas edades iban de los seis a los 11 a\u00f1os.<\/span><span data-ccp-props=\"{}\">\u00a0<\/span><\/p>\n<p><span data-contrast=\"auto\">En el proceso ley\u00f3 varios documentos del Fondo de las Naciones Unidas para la Infancia (UNICEF), a fin de instruirse y mostrar a los peque\u00f1os sus derechos.\u00a0<\/span><span data-ccp-props=\"{&quot;335559731&quot;:708}\">\u00a0<\/span><\/p>\n<p><span data-contrast=\"auto\">La metodolog\u00eda implementada fue a trav\u00e9s de actividades l\u00fadicas, como juegos de mesa, dibujos, cuentos y adivinanzas, donde se sintieran integrados y convivieran arm\u00f3nicamente.<\/span><span data-ccp-props=\"{&quot;335559731&quot;:708}\">\u00a0<\/span><\/p>\n<p><span data-contrast=\"auto\">\u201cNo es f\u00e1cil trabajar con ni\u00f1os, tienen una forma muy distinta de aprender, y es fundamental dise\u00f1ar estrategias que los motiven y llamen su atenci\u00f3n\u201d, manifest\u00f3 la joven.<\/span><span data-ccp-props=\"{&quot;335559731&quot;:708}\">\u00a0<\/span><\/p>\n<p><span data-contrast=\"auto\">Comparti\u00f3 que en su proyecto, aunque al principio no quer\u00edan participar y mostraban timidez, todo cambi\u00f3 con el transcurso del tiempo, pues en las reuniones finales se comportaban muy activos; destac\u00f3 el apoyo de los pap\u00e1s y tutores de los peque\u00f1os, quienes estuvieron conformes y agradecidos porque se divert\u00edan y aprend\u00edan sobre sus derechos, tema que incluso ellos desconoc\u00edan.\u00a0<\/span><span data-ccp-props=\"{&quot;335559731&quot;:708}\">\u00a0<\/span><\/p>\n<p><span data-contrast=\"auto\">\u201cMe siento muy satisfecha por haber desarrollado este trabajo, ya que abon\u00e9 al bienestar infantil y adquir\u00ed experiencia en mi quehacer profesional\u201d, asegur\u00f3.<\/span><span data-ccp-props=\"{&quot;335559731&quot;:708}\">\u00a0<\/span><\/p>\n<p>&nbsp;<\/p>\n<div id=\"attachment_139313\" style=\"width: 329px\" class=\"wp-caption aligncenter\"><img aria-describedby=\"caption-attachment-139313\" decoding=\"async\" loading=\"lazy\" class=\"size-full wp-image-139313\" src=\"https:\/\/www.uv.mx\/prensa\/files\/2024\/01\/310124-CARLOS-UVI-Derechos-ninos-3-100k.jpg\" alt=\"\" width=\"319\" height=\"480\" srcset=\"https:\/\/www.uv.mx\/prensa\/files\/2024\/01\/310124-CARLOS-UVI-Derechos-ninos-3-100k.jpg 319w, https:\/\/www.uv.mx\/prensa\/files\/2024\/01\/310124-CARLOS-UVI-Derechos-ninos-3-100k-199x300.jpg 199w\" sizes=\"(max-width: 319px) 100vw, 319px\" \/><p id=\"caption-attachment-139313\" class=\"wp-caption-text\">Keidy In\u00e9s G\u00f3mez Hern\u00e1ndez, egresada de la UV-Intercultural<\/p><\/div>\n<p>&nbsp;<\/p>\n<p><span data-contrast=\"auto\">Keidy G\u00f3mez afirm\u00f3 que formarse en la UV-Intercultural le dio la oportunidad de conocer aspectos de su localidad que ignoraba, la motiv\u00f3 a interactuar con los habitantes y a descubrir su manera de percibir el entorno y al mundo.\u00a0<\/span><span data-ccp-props=\"{&quot;335559731&quot;:708}\">\u00a0<\/span><\/p>\n<p><span data-contrast=\"auto\">Agradeci\u00f3 a su familia por apoyarla de principio a fin en sus estudios de educaci\u00f3n superior, y comparti\u00f3 que entre sus planes a futuro se encuentra desempe\u00f1arse en la docencia en comunidades con poblaci\u00f3n ind\u00edgena.<\/span><\/p>\n","protected":false},"excerpt":{"rendered":"<p>Utiliz\u00f3 actividades l\u00fadicas como juegos de mesa, dibujos, cuentos y adivinanzas, con el objetivo de captar su atenci\u00f3n e integrarlos\u00a0\u00a0<\/p>\n","protected":false},"author":2349,"featured_media":139314,"comment_status":"closed","ping_status":"closed","sticky":false,"template":"","format":"standard","meta":[],"categories":[6301,15423,61,8444],"tags":[4161,1993,6599,361,15568,1992,11461,1561,6462,7607,4747,15569,1192],"_links":{"self":[{"href":"https:\/\/www.uv.mx\/prensa\/wp-json\/wp\/v2\/posts\/139475"}],"collection":[{"href":"https:\/\/www.uv.mx\/prensa\/wp-json\/wp\/v2\/posts"}],"about":[{"href":"https:\/\/www.uv.mx\/prensa\/wp-json\/wp\/v2\/types\/post"}],"author":[{"embeddable":true,"href":"https:\/\/www.uv.mx\/prensa\/wp-json\/wp\/v2\/users\/2349"}],"replies":[{"embeddable":true,"href":"https:\/\/www.uv.mx\/prensa\/wp-json\/wp\/v2\/comments?post=139475"}],"version-history":[{"count":1,"href":"https:\/\/www.uv.mx\/prensa\/wp-json\/wp\/v2\/posts\/139475\/revisions"}],"predecessor-version":[{"id":139479,"href":"https:\/\/www.uv.mx\/prensa\/wp-json\/wp\/v2\/posts\/139475\/revisions\/139479"}],"wp:featuredmedia":[{"embeddable":true,"href":"https:\/\/www.uv.mx\/prensa\/wp-json\/wp\/v2\/media\/139314"}],"wp:attachment":[{"href":"https:\/\/www.uv.mx\/prensa\/wp-json\/wp\/v2\/media?parent=139475"}],"wp:term":[{"taxonomy":"category","embeddable":true,"href":"https:\/\/www.uv.mx\/prensa\/wp-json\/wp\/v2\/categories?post=139475"},{"taxonomy":"post_tag","embeddable":true,"href":"https:\/\/www.uv.mx\/prensa\/wp-json\/wp\/v2\/tags?post=139475"}],"curies":[{"name":"wp","href":"https:\/\/api.w.org\/{rel}","templated":true}]}}