{"id":139501,"date":"2024-02-07T18:16:11","date_gmt":"2024-02-08T00:16:11","guid":{"rendered":"https:\/\/www.uv.mx\/prensa\/?p=139501"},"modified":"2024-02-13T14:32:19","modified_gmt":"2024-02-13T20:32:19","slug":"interaccion-de-jovenes-en-el-ciberespacio-demanda-orientacion","status":"publish","type":"post","link":"https:\/\/www.uv.mx\/prensa\/tecnologia\/interaccion-de-jovenes-en-el-ciberespacio-demanda-orientacion\/","title":{"rendered":"Interacci\u00f3n de j\u00f3venes en el ciberespacio demanda orientaci\u00f3n"},"content":{"rendered":"<ul>\n<li data-leveltext=\"\uf0b7\" data-font=\"Symbol\" data-listid=\"1\" data-list-defn-props=\"{&quot;335551671&quot;:0,&quot;335552541&quot;:1,&quot;335559684&quot;:-2,&quot;335559685&quot;:720,&quot;335559991&quot;:360,&quot;469769226&quot;:&quot;Symbol&quot;,&quot;469769242&quot;:[8226],&quot;469777803&quot;:&quot;left&quot;,&quot;469777804&quot;:&quot;\uf0b7&quot;,&quot;469777815&quot;:&quot;hybridMultilevel&quot;}\" data-aria-posinset=\"0\" data-aria-level=\"1\"><i><span data-contrast=\"none\">Docentes de nivel b\u00e1sico son considerados como cuidadores de tipo educativo<\/span><\/i><span data-ccp-props=\"{&quot;134233117&quot;:false,&quot;134233118&quot;:false,&quot;201341983&quot;:0,&quot;335559738&quot;:0,&quot;335559739&quot;:0,&quot;335559740&quot;:240}\">\u00a0<\/span><\/li>\n<li data-leveltext=\"\uf0b7\" data-font=\"Symbol\" data-listid=\"1\" data-list-defn-props=\"{&quot;335551671&quot;:0,&quot;335552541&quot;:1,&quot;335559684&quot;:-2,&quot;335559685&quot;:720,&quot;335559991&quot;:360,&quot;469769226&quot;:&quot;Symbol&quot;,&quot;469769242&quot;:[8226],&quot;469777803&quot;:&quot;left&quot;,&quot;469777804&quot;:&quot;\uf0b7&quot;,&quot;469777815&quot;:&quot;hybridMultilevel&quot;}\" data-aria-posinset=\"0\" data-aria-level=\"1\"><i><span data-contrast=\"none\">Clara Sara\u00ed Guti\u00e9rrez G\u00e1lvez, egresada de Pedagog\u00eda, realiz\u00f3 investigaci\u00f3n sobre cultura digital de ni\u00f1as, ni\u00f1os y adolescentes<\/span><\/i><span data-ccp-props=\"{&quot;134233117&quot;:false,&quot;134233118&quot;:false,&quot;201341983&quot;:0,&quot;335559738&quot;:0,&quot;335559739&quot;:0,&quot;335559740&quot;:240}\">\u00a0<\/span><\/li>\n<\/ul>\n<p><span data-ccp-props=\"{&quot;134233117&quot;:false,&quot;134233118&quot;:false,&quot;201341983&quot;:0,&quot;335559738&quot;:0,&quot;335559739&quot;:0,&quot;335559740&quot;:240}\">\u00a0<\/span><\/p>\n<div id=\"attachment_139463\" style=\"width: 732px\" class=\"wp-caption aligncenter\"><img aria-describedby=\"caption-attachment-139463\" decoding=\"async\" loading=\"lazy\" class=\"size-full wp-image-139463\" src=\"https:\/\/www.uv.mx\/prensa\/files\/2024\/02\/310124-COUTTOLENC-Interaccion-NNA-ciberespacio-1.jpg\" alt=\"\" width=\"722\" height=\"481\" srcset=\"https:\/\/www.uv.mx\/prensa\/files\/2024\/02\/310124-COUTTOLENC-Interaccion-NNA-ciberespacio-1.jpg 722w, https:\/\/www.uv.mx\/prensa\/files\/2024\/02\/310124-COUTTOLENC-Interaccion-NNA-ciberespacio-1-300x200.jpg 300w\" sizes=\"(max-width: 722px) 100vw, 722px\" \/><p id=\"caption-attachment-139463\" class=\"wp-caption-text\">Clara Guti\u00e9rrez realiz\u00f3 la investigaci\u00f3n \u201cCultura digital de ni\u00f1as, ni\u00f1os y adolescentes: percepciones de sus cuidadores educativos\u201d<\/p><\/div>\n<p><span data-ccp-props=\"{&quot;134233117&quot;:false,&quot;134233118&quot;:false,&quot;201341983&quot;:0,&quot;335559738&quot;:0,&quot;335559739&quot;:0,&quot;335559740&quot;:240}\">\u00a0<\/span><\/p>\n<p><b><i><span data-contrast=\"none\">Jos\u00e9 Luis Couttolenc Soto<\/span><\/i><\/b><span data-ccp-props=\"{&quot;134233117&quot;:false,&quot;134233118&quot;:false,&quot;201341983&quot;:0,&quot;335559738&quot;:0,&quot;335559739&quot;:0,&quot;335559740&quot;:240}\">\u00a0<\/span><\/p>\n<p><b><i><span data-contrast=\"none\">Fotos: Luis Fernando Fern\u00e1ndez y cortes\u00eda Sara\u00ed Guti\u00e9rrez<\/span><\/i><\/b><span data-ccp-props=\"{&quot;134233117&quot;:false,&quot;134233118&quot;:false,&quot;201341983&quot;:0,&quot;335559738&quot;:0,&quot;335559739&quot;:0,&quot;335559740&quot;:240}\">\u00a0<\/span><\/p>\n<p><b><i><span data-contrast=\"none\">07\/02\/2024, Xalapa, Ver.- <\/span><\/i><\/b><span data-contrast=\"none\">La cada vez mayor interacci\u00f3n de ni\u00f1as, ni\u00f1os y adolescentes con el ciberespacio demanda orientaci\u00f3n de sus cuidadores (padres de familia y docentes), consider\u00f3 Clara Sara\u00ed Guti\u00e9rrez G\u00e1lvez, egresada de la <a href=\"https:\/\/www.uv.mx\/\" target=\"_blank\" rel=\"noopener\">Universidad Veracruzana<\/a> (UV).<\/span><span data-ccp-props=\"{&quot;134233117&quot;:false,&quot;134233118&quot;:false,&quot;201341983&quot;:0,&quot;335559738&quot;:0,&quot;335559739&quot;:0,&quot;335559740&quot;:240}\">\u00a0<\/span><\/p>\n<p><span data-contrast=\"none\">La joven profesionista, que curs\u00f3 la Licenciatura en Pedagog\u00eda en el Sistema de Ense\u00f1anza Abierta (SEA), realiz\u00f3 la investigaci\u00f3n recepcional \u201cCultura digital de ni\u00f1as, ni\u00f1os y adolescentes: percepciones de sus cuidadores educativos\u201d.<\/span><span data-ccp-props=\"{&quot;134233117&quot;:false,&quot;134233118&quot;:false,&quot;201341983&quot;:0,&quot;335559738&quot;:0,&quot;335559739&quot;:0,&quot;335559740&quot;:240}\">\u00a0<\/span><\/p>\n<p><span data-contrast=\"none\">En el desarrollo de su trabajo encontr\u00f3 que, de acuerdo con informaci\u00f3n de 2018 del Fondo de las Naciones Unidas para la Infancia (<\/span><i><span data-contrast=\"none\">Unicef<\/span><\/i><span data-contrast=\"none\">, por sus siglas en ingl\u00e9s), m\u00e1s de 175 mil ni\u00f1os y ni\u00f1as se conectan diariamente por primera vez a Internet, que equivale a uno cada medio segundo.<\/span><span data-ccp-props=\"{&quot;134233117&quot;:false,&quot;134233118&quot;:false,&quot;201341983&quot;:0,&quot;335559738&quot;:0,&quot;335559739&quot;:0,&quot;335559740&quot;:240}\">\u00a0<\/span><\/p>\n<p><span data-contrast=\"none\">Lo anterior llev\u00f3 a Guti\u00e9rrez G\u00e1lvez a indagar qu\u00e9 tanto se sabe del uso que dan las ni\u00f1as, ni\u00f1os y adolescentes al ciberespacio; encontr\u00f3 que son las docentes de preescolar quienes m\u00e1s saben acerca de las actividades que realizan los peque\u00f1os (de tres a seis a\u00f1os) que se inician en el internet, \u201cposiblemente porque es la edad en la que deben ser mayormente supervisados\u201d.<\/span><span data-ccp-props=\"{&quot;134233117&quot;:false,&quot;134233118&quot;:false,&quot;201341983&quot;:0,&quot;335559738&quot;:0,&quot;335559739&quot;:0,&quot;335559740&quot;:240}\">\u00a0<\/span><\/p>\n<p><span data-contrast=\"none\">Observ\u00f3 tambi\u00e9n que los docentes de 23 a 29 a\u00f1os de edad son los que m\u00e1s saben sobre cultura digital debido a que crecieron paralelamente al desarrollo del internet que les fue acompa\u00f1ando en su vida cotidiana; sin embargo, los padres y la escuela son fundamentales como agentes educativos, a pesar del distanciamiento generacional impulsado por las tecnolog\u00edas de la informaci\u00f3n y comunicaci\u00f3n.<\/span><\/p>\n<p>&nbsp;<\/p>\n<div id=\"attachment_139462\" style=\"width: 732px\" class=\"wp-caption aligncenter\"><img aria-describedby=\"caption-attachment-139462\" decoding=\"async\" loading=\"lazy\" class=\"size-full wp-image-139462\" src=\"https:\/\/www.uv.mx\/prensa\/files\/2024\/02\/310124-COUTTOLENC-Interaccion-NNA-ciberespacio-2.jpg\" alt=\"\" width=\"722\" height=\"407\" srcset=\"https:\/\/www.uv.mx\/prensa\/files\/2024\/02\/310124-COUTTOLENC-Interaccion-NNA-ciberespacio-2.jpg 722w, https:\/\/www.uv.mx\/prensa\/files\/2024\/02\/310124-COUTTOLENC-Interaccion-NNA-ciberespacio-2-300x169.jpg 300w\" sizes=\"(max-width: 722px) 100vw, 722px\" \/><p id=\"caption-attachment-139462\" class=\"wp-caption-text\">Docentes del nivel b\u00e1sico saben de las actividades que realizan los peque\u00f1os que se inician en el internet<\/p><\/div>\n<p>&nbsp;<\/p>\n<p><span data-contrast=\"none\">Entre los usos que las ni\u00f1as, ni\u00f1os y adolescentes dan al ciberespacio, la universitaria detall\u00f3 que son de car\u00e1cter social, recreativo, por diversi\u00f3n y l\u00fadico, pero no dejan de enfrentarse a riesgos potenciales.<\/span><span data-ccp-props=\"{&quot;134233117&quot;:false,&quot;134233118&quot;:false,&quot;201341983&quot;:0,&quot;335559738&quot;:0,&quot;335559739&quot;:0,&quot;335559740&quot;:240}\">\u00a0<\/span><\/p>\n<p><span data-contrast=\"none\">Refiri\u00f3 que de la brecha digital de acceso se pas\u00f3 a la del uso, que ha propiciado que ahora se busque que los usuarios no s\u00f3lo consuman, sino que tambi\u00e9n creen, interact\u00faen y transformen espacios digitales.<\/span><span data-ccp-props=\"{&quot;134233117&quot;:false,&quot;134233118&quot;:false,&quot;201341983&quot;:0,&quot;335559738&quot;:0,&quot;335559739&quot;:0,&quot;335559740&quot;:240}\">\u00a0<\/span><\/p>\n<p><span data-contrast=\"none\">Reiter\u00f3 que los padres no est\u00e1n exentos de su obligaci\u00f3n moral de mediar en el uso de los nuevos medios, construyendo un puente crucial entre la tecnolog\u00eda y la \u00e9tica a trav\u00e9s de la comunicaci\u00f3n.<\/span><span data-ccp-props=\"{&quot;134233117&quot;:false,&quot;134233118&quot;:false,&quot;201341983&quot;:0,&quot;335559738&quot;:0,&quot;335559739&quot;:0,&quot;335559740&quot;:240}\">\u00a0<\/span><\/p>\n<p><span data-contrast=\"none\">Los resultados de la investigaci\u00f3n sugieren que las experiencias generacionales, el g\u00e9nero y la influencia del nivel educativo, podr\u00edan desempe\u00f1ar un papel determinante en la comprensi\u00f3n y en las variaciones en la supervisi\u00f3n de la din\u00e1mica digital de las ni\u00f1as, ni\u00f1os y adolescentes.<\/span><span data-ccp-props=\"{&quot;134233117&quot;:false,&quot;134233118&quot;:false,&quot;201341983&quot;:0,&quot;335559738&quot;:0,&quot;335559739&quot;:0,&quot;335559740&quot;:240}\">\u00a0<\/span><\/p>\n<p><span data-contrast=\"none\">En opini\u00f3n de Guti\u00e9rrez G\u00e1lvez, la tecnolog\u00eda se percibe, para adultos y docentes, como sin\u00f3nimo de peligro, deshumanizaci\u00f3n, p\u00e9rdida de poder, dominio absoluto, desmoralizaci\u00f3n, y los adolescentes, fascinados por esas tecnolog\u00edas, aparecen tambi\u00e9n en la l\u00ednea de peligro.<\/span><\/p>\n<p>&nbsp;<\/p>\n<div id=\"attachment_139460\" style=\"width: 732px\" class=\"wp-caption aligncenter\"><img aria-describedby=\"caption-attachment-139460\" decoding=\"async\" loading=\"lazy\" class=\"size-full wp-image-139460\" src=\"https:\/\/www.uv.mx\/prensa\/files\/2024\/02\/310124-COUTTOLENC-Interaccion-NNA-ciberespacio-3.jpg\" alt=\"\" width=\"722\" height=\"406\" srcset=\"https:\/\/www.uv.mx\/prensa\/files\/2024\/02\/310124-COUTTOLENC-Interaccion-NNA-ciberespacio-3.jpg 722w, https:\/\/www.uv.mx\/prensa\/files\/2024\/02\/310124-COUTTOLENC-Interaccion-NNA-ciberespacio-3-300x169.jpg 300w\" sizes=\"(max-width: 722px) 100vw, 722px\" \/><p id=\"caption-attachment-139460\" class=\"wp-caption-text\">Padres y docentes son fundamentales como agentes educativos<\/p><\/div>\n<p>&nbsp;<\/p>\n<p><span data-contrast=\"none\">Por ello, consider\u00f3, la educaci\u00f3n actual debe abrazar la experimentaci\u00f3n y exploraci\u00f3n social de los entornos digitales, potenciando el papel de las instituciones educativas en la formaci\u00f3n digital de esta poblaci\u00f3n.<\/span><span data-ccp-props=\"{&quot;134233117&quot;:false,&quot;134233118&quot;:false,&quot;201341983&quot;:0,&quot;335559738&quot;:0,&quot;335559739&quot;:0,&quot;335559740&quot;:240}\">\u00a0<\/span><\/p>\n<p><span data-contrast=\"none\">Como recomendaci\u00f3n plante\u00f3 que en trabajo conjunto, padres de familia, docentes e instituciones p\u00fablicas y privadas, supervisen a qu\u00e9 contenidos acceden las ni\u00f1as, ni\u00f1os y adolescentes, cu\u00e1nto tiempo pasan frente a la pantalla, que los orienten sobre c\u00f3mo navegar en internet, qu\u00e9 contenidos ver y usar, y a qu\u00e9 riesgos se exponen en esta actividad.<\/span><span data-ccp-props=\"{&quot;134233117&quot;:false,&quot;134233118&quot;:false,&quot;201341983&quot;:0,&quot;335559738&quot;:0,&quot;335559739&quot;:0,&quot;335559740&quot;:240}\">\u00a0<\/span><\/p>\n<p><span data-contrast=\"none\">Para esta investigaci\u00f3n, la universitaria cont\u00f3 con la direcci\u00f3n de Alberto Rodr\u00edguez Martinell, adscrito al Centro de Investigaci\u00f3n e Innovaci\u00f3n en Educaci\u00f3n Superior (CIIES) de esta casa de estudios.<\/span><span data-ccp-props=\"{&quot;134233117&quot;:false,&quot;134233118&quot;:false,&quot;201341983&quot;:0,&quot;335559731&quot;:708,&quot;335559738&quot;:0,&quot;335559739&quot;:0,&quot;335559740&quot;:240}\">\u00a0<\/span><\/p>\n","protected":false},"excerpt":{"rendered":"<p>Los padres y la escuela son fundamentales como agentes educativos a pesar del distanciamiento generacional<\/p>\n","protected":false},"author":2349,"featured_media":139461,"comment_status":"closed","ping_status":"closed","sticky":false,"template":"","format":"standard","meta":[],"categories":[15423,61,51],"tags":[12314,231,15576,1464,15577,13518,5633,4162,10458,6592,1992,1561,7607,1280,10352],"_links":{"self":[{"href":"https:\/\/www.uv.mx\/prensa\/wp-json\/wp\/v2\/posts\/139501"}],"collection":[{"href":"https:\/\/www.uv.mx\/prensa\/wp-json\/wp\/v2\/posts"}],"about":[{"href":"https:\/\/www.uv.mx\/prensa\/wp-json\/wp\/v2\/types\/post"}],"author":[{"embeddable":true,"href":"https:\/\/www.uv.mx\/prensa\/wp-json\/wp\/v2\/users\/2349"}],"replies":[{"embeddable":true,"href":"https:\/\/www.uv.mx\/prensa\/wp-json\/wp\/v2\/comments?post=139501"}],"version-history":[{"count":1,"href":"https:\/\/www.uv.mx\/prensa\/wp-json\/wp\/v2\/posts\/139501\/revisions"}],"predecessor-version":[{"id":139743,"href":"https:\/\/www.uv.mx\/prensa\/wp-json\/wp\/v2\/posts\/139501\/revisions\/139743"}],"wp:featuredmedia":[{"embeddable":true,"href":"https:\/\/www.uv.mx\/prensa\/wp-json\/wp\/v2\/media\/139461"}],"wp:attachment":[{"href":"https:\/\/www.uv.mx\/prensa\/wp-json\/wp\/v2\/media?parent=139501"}],"wp:term":[{"taxonomy":"category","embeddable":true,"href":"https:\/\/www.uv.mx\/prensa\/wp-json\/wp\/v2\/categories?post=139501"},{"taxonomy":"post_tag","embeddable":true,"href":"https:\/\/www.uv.mx\/prensa\/wp-json\/wp\/v2\/tags?post=139501"}],"curies":[{"name":"wp","href":"https:\/\/api.w.org\/{rel}","templated":true}]}}