{"id":139541,"date":"2024-02-08T19:22:21","date_gmt":"2024-02-09T01:22:21","guid":{"rendered":"https:\/\/www.uv.mx\/prensa\/?p=139541"},"modified":"2024-02-13T14:13:10","modified_gmt":"2024-02-13T20:13:10","slug":"cimi-realizo-concierto-didactico-en-cierre-de-semestre","status":"publish","type":"post","link":"https:\/\/www.uv.mx\/prensa\/eventos\/cimi-realizo-concierto-didactico-en-cierre-de-semestre\/","title":{"rendered":"CIMI realiz\u00f3 concierto did\u00e1ctico en cierre de semestre"},"content":{"rendered":"<ul>\n<li data-leveltext=\"\uf0b7\" data-font=\"Symbol\" data-listid=\"1\" data-list-defn-props=\"{&quot;335552541&quot;:1,&quot;335559684&quot;:-2,&quot;335559685&quot;:720,&quot;335559991&quot;:360,&quot;469769226&quot;:&quot;Symbol&quot;,&quot;469769242&quot;:[8226],&quot;469777803&quot;:&quot;left&quot;,&quot;469777804&quot;:&quot;\uf0b7&quot;,&quot;469777815&quot;:&quot;hybridMultilevel&quot;}\" data-aria-posinset=\"1\" data-aria-level=\"1\"><i><span data-contrast=\"auto\">Se trat\u00f3 del recital de piano <\/span><\/i><span data-contrast=\"auto\">El libro de Anna Magdalena Bach<\/span><i><span data-contrast=\"auto\">, en el Museo de la M\u00fasica Veracruzana Casa \u201cDo\u00f1a Falla\u201d<\/span><\/i><span data-ccp-props=\"{}\">\u00a0<\/span><\/li>\n<li data-leveltext=\"\uf0b7\" data-font=\"Symbol\" data-listid=\"1\" data-list-defn-props=\"{&quot;335552541&quot;:1,&quot;335559684&quot;:-2,&quot;335559685&quot;:720,&quot;335559991&quot;:360,&quot;469769226&quot;:&quot;Symbol&quot;,&quot;469769242&quot;:[8226],&quot;469777803&quot;:&quot;left&quot;,&quot;469777804&quot;:&quot;\uf0b7&quot;,&quot;469777815&quot;:&quot;hybridMultilevel&quot;}\" data-aria-posinset=\"2\" data-aria-level=\"1\"><i><span data-contrast=\"auto\">El motivo de recopilar y presentar estas piezas musicales fue dar a conocer su importancia a nivel pedag\u00f3gico y musical, coment\u00f3 la profesora F\u00e1tima Delgado<\/span><\/i><span data-ccp-props=\"{}\">\u00a0<\/span><\/li>\n<li data-leveltext=\"\uf0b7\" data-font=\"Symbol\" data-listid=\"1\" data-list-defn-props=\"{&quot;335552541&quot;:1,&quot;335559684&quot;:-2,&quot;335559685&quot;:720,&quot;335559991&quot;:360,&quot;469769226&quot;:&quot;Symbol&quot;,&quot;469769242&quot;:[8226],&quot;469777803&quot;:&quot;left&quot;,&quot;469777804&quot;:&quot;\uf0b7&quot;,&quot;469777815&quot;:&quot;hybridMultilevel&quot;}\" data-aria-posinset=\"3\" data-aria-level=\"1\"><i><span data-contrast=\"auto\">\u201cLa m\u00fasica me gusta porque me da el poder de expresar lo que sentimos al interpretar una composici\u00f3n con el instrumento\u201d, expres\u00f3 El\u00edas Hern\u00e1ndez<\/span><\/i><span data-ccp-props=\"{}\">\u00a0<\/span><\/li>\n<\/ul>\n<p><span data-ccp-props=\"{}\">\u00a0<\/span><\/p>\n<div id=\"attachment_139464\" style=\"width: 732px\" class=\"wp-caption aligncenter\"><img aria-describedby=\"caption-attachment-139464\" decoding=\"async\" loading=\"lazy\" class=\"size-full wp-image-139464\" src=\"https:\/\/www.uv.mx\/prensa\/files\/2024\/02\/010224-PAOLA-Concierto-CIMI-1.jpg\" alt=\"\" width=\"722\" height=\"369\" srcset=\"https:\/\/www.uv.mx\/prensa\/files\/2024\/02\/010224-PAOLA-Concierto-CIMI-1.jpg 722w, https:\/\/www.uv.mx\/prensa\/files\/2024\/02\/010224-PAOLA-Concierto-CIMI-1-300x153.jpg 300w\" sizes=\"(max-width: 722px) 100vw, 722px\" \/><p id=\"caption-attachment-139464\" class=\"wp-caption-text\">Recital de piano del CIMI dedicado al libro de Anna Magdalena Bach<\/p><\/div>\n<p><span data-ccp-props=\"{}\">\u00a0<\/span><\/p>\n<p><b><i><span data-contrast=\"auto\">Paola Cort\u00e9s P\u00e9rez<\/span><\/i><\/b><span data-ccp-props=\"{}\">\u00a0<\/span><\/p>\n<p><b><i><span data-contrast=\"auto\">Fotos: Omar Portilla Palacios<\/span><\/i><\/b><span data-ccp-props=\"{}\">\u00a0<\/span><\/p>\n<p><b><i><span data-contrast=\"auto\">08\/02\/2024, Xalapa, Ver.-<\/span><\/i><\/b><span data-contrast=\"auto\"> El<a href=\"https:\/\/www.uv.mx\/cimi\/\" target=\"_blank\" rel=\"noopener\"> Centro de Iniciaci\u00f3n Musical Infantil<\/a> (CIMI) de la Universidad Veracruzana (UV) llev\u00f3 a cabo el recital de piano y flauta <\/span><i><span data-contrast=\"auto\">El libro de Anna Magdalena Bach a trav\u00e9s de su m\u00fasica<\/span><\/i><span data-contrast=\"auto\">, con el que cerr\u00f3 el semestre agosto 2023-febrero 2024.<\/span><span data-ccp-props=\"{}\">\u00a0<\/span><\/p>\n<p><span data-contrast=\"auto\">En el Museo de la M\u00fasica Veracruzana Casa \u201cDo\u00f1a Falla\u201d, F\u00e1tima Delgado Tijerina, maestra de piano y coordinadora de la Academia de Piano del CIMI, coment\u00f3 que cada a\u00f1o este concierto es organizado como parte del programa educativo, pero por primera vez decidieron que fuera un concierto did\u00e1ctico para que la sociedad conozca las piezas y las valore.<\/span><span data-ccp-props=\"{&quot;335559731&quot;:708}\">\u00a0<\/span><\/p>\n<p><span data-contrast=\"auto\">\u201cEl motivo de recopilar y presentar piezas musicales del libro de Anna Magdalena Bach fue para difundir la importancia que tiene a nivel pedag\u00f3gico y musical, hacerlo en un formato diferente \u2013con el que innovamos\u2013, en el que explicamos paso a paso cada una de las obras y uno de los estudiantes se visti\u00f3 como Juan Sebasti\u00e1n Bach, con el fin de hacerlo atractivo para el p\u00fablico.\u201d<\/span><span data-ccp-props=\"{&quot;335559731&quot;:708}\">\u00a0<\/span><\/p>\n<p>&nbsp;<\/p>\n<div id=\"attachment_139465\" style=\"width: 732px\" class=\"wp-caption aligncenter\"><img aria-describedby=\"caption-attachment-139465\" decoding=\"async\" loading=\"lazy\" class=\"size-full wp-image-139465\" src=\"https:\/\/www.uv.mx\/prensa\/files\/2024\/02\/010224-PAOLA-Concierto-CIMI-2.jpg\" alt=\"\" width=\"722\" height=\"388\" srcset=\"https:\/\/www.uv.mx\/prensa\/files\/2024\/02\/010224-PAOLA-Concierto-CIMI-2.jpg 722w, https:\/\/www.uv.mx\/prensa\/files\/2024\/02\/010224-PAOLA-Concierto-CIMI-2-300x161.jpg 300w\" sizes=\"(max-width: 722px) 100vw, 722px\" \/><p id=\"caption-attachment-139465\" class=\"wp-caption-text\">El concierto de cierre de semestre se realiz\u00f3 en el Museo de la M\u00fasica Veracruzana<\/p><\/div>\n<p>&nbsp;<\/p>\n<p><span data-contrast=\"auto\">Mar\u00eda Eugenia de la Parra, docente de piano en el CIMI, coment\u00f3: \u201cJohann Sebastian Bach es considerado el padre de la m\u00fasica y un compositor de suma importancia del periodo Barroco, esta m\u00fasica para ni\u00f1os y principiantes es una enorme oportunidad para iniciarlos en la m\u00fasica\u201d.<\/span><span data-ccp-props=\"{&quot;335559731&quot;:708}\">\u00a0<\/span><\/p>\n<p><span data-contrast=\"auto\">En tanto, el encargado del conjunto instrumental flautas dulces del CIMI, Jos\u00e9 Luis Lima, consider\u00f3 que es de suma importancia que los estudiantes conozcan y aprendan composiciones del m\u00fasico alem\u00e1n.<\/span><span data-ccp-props=\"{&quot;335559731&quot;:708}\">\u00a0<\/span><\/p>\n<p><span data-contrast=\"auto\">Afirm\u00f3 que, para los ni\u00f1os, participar en el concierto did\u00e1ctico fue divertido y lleno de aprendizaje porque tuvieron la oportunidad de representar lo que pas\u00f3 hace 300 a\u00f1os y la m\u00fasica que se interpretaba, en esta ocasi\u00f3n piezas de Anna Magdalena Bach.<\/span><span data-ccp-props=\"{&quot;335559731&quot;:708}\">\u00a0<\/span><\/p>\n<p><span data-contrast=\"auto\">El\u00edas Manuel Hern\u00e1ndez Rivera, estudiante de piano de octavo grado, coment\u00f3: \u201cLa m\u00fasica me gusta porque me da el poder de expresar lo que sentimos al interpretar una composici\u00f3n con el instrumento\u201d.<\/span><\/p>\n<p>&nbsp;<\/p>\n<div id=\"attachment_139466\" style=\"width: 732px\" class=\"wp-caption aligncenter\"><img aria-describedby=\"caption-attachment-139466\" decoding=\"async\" loading=\"lazy\" class=\"size-full wp-image-139466\" src=\"https:\/\/www.uv.mx\/prensa\/files\/2024\/02\/010224-PAOLA-Concierto-CIMI-3.jpg\" alt=\"\" width=\"722\" height=\"372\" srcset=\"https:\/\/www.uv.mx\/prensa\/files\/2024\/02\/010224-PAOLA-Concierto-CIMI-3.jpg 722w, https:\/\/www.uv.mx\/prensa\/files\/2024\/02\/010224-PAOLA-Concierto-CIMI-3-300x155.jpg 300w\" sizes=\"(max-width: 722px) 100vw, 722px\" \/><p id=\"caption-attachment-139466\" class=\"wp-caption-text\">Jenny Lizette Ram\u00edrez, coordinadora CIMI, y Rey Alejandro Conde, coordinador del Museo de la M\u00fasica Veracruzana<\/p><\/div>\n<p>&nbsp;<\/p>\n<p><span data-contrast=\"auto\">Estudiar en el CIMI le ha ayudado a adquirir buenas pr\u00e1cticas que ha aplicado a nivel personal, como distribuir mejor su tiempo para estudiar, hacer la tarea y practicar el piano de 40 minutos a una hora.<\/span><span data-ccp-props=\"{&quot;335559731&quot;:708}\">\u00a0<\/span><\/p>\n<p><span data-contrast=\"auto\">\u201cLa m\u00fasica es para expresar y darle sentido a la pieza y que el p\u00fablico la disfrute y entienda, por eso me gustar\u00eda seguir estudiando el piano; adem\u00e1s, mi mam\u00e1 y toda mi familia lo disfrutan mucho.\u201d<\/span><span data-ccp-props=\"{&quot;335559731&quot;:708}\">\u00a0<\/span><\/p>\n<p><span data-contrast=\"auto\">La coordinadora acad\u00e9mica del CIMI-UV, regi\u00f3n Xalapa, Jenny Lizette Ram\u00edrez Guillermo, dijo: \u201cLos profesores decidieron que no s\u00f3lo fuera una presentaci\u00f3n musical, sino situar a los ni\u00f1os en la temporalidad hist\u00f3rica para que el conocimiento adquirido tenga un significado y sea de utilidad para ellos\u201d.<\/span><span data-ccp-props=\"{&quot;335559731&quot;:708}\">\u00a0<\/span><\/p>\n<p>&nbsp;<\/p>\n<div id=\"attachment_139467\" style=\"width: 732px\" class=\"wp-caption aligncenter\"><img aria-describedby=\"caption-attachment-139467\" decoding=\"async\" loading=\"lazy\" class=\"size-full wp-image-139467\" src=\"https:\/\/www.uv.mx\/prensa\/files\/2024\/02\/010224-PAOLA-Concierto-CIMI-4.jpg\" alt=\"\" width=\"722\" height=\"414\" srcset=\"https:\/\/www.uv.mx\/prensa\/files\/2024\/02\/010224-PAOLA-Concierto-CIMI-4.jpg 722w, https:\/\/www.uv.mx\/prensa\/files\/2024\/02\/010224-PAOLA-Concierto-CIMI-4-300x172.jpg 300w\" sizes=\"(max-width: 722px) 100vw, 722px\" \/><p id=\"caption-attachment-139467\" class=\"wp-caption-text\">F\u00e1tima Delgado, Jos\u00e9 Luis Lima y Mar\u00eda Eugenia de la Parra, docentes organizadores del recital<\/p><\/div>\n<p>&nbsp;<\/p>\n<p><span data-contrast=\"auto\">Este tipo de actividades, mencion\u00f3, deben impulsarse e implementarse paulatinamente, porque el alumnado aprende mientras se divierte y entusiasma. Adem\u00e1s, fortalecen sus habilidades de expresi\u00f3n verbal y corporal, que tambi\u00e9n son parte de la formaci\u00f3n integral de los estudiantes del CIMI.<\/span><span data-ccp-props=\"{&quot;335559731&quot;:708}\">\u00a0<\/span><\/p>\n<p><span data-contrast=\"auto\">Cabe mencionar que la convocatoria para ingresar al CIMI se publica en mayo en la p\u00e1gina <\/span><i><span data-contrast=\"auto\">web<\/span><\/i><span data-contrast=\"auto\"> de la Universidad, la edad de ingreso es de entre siete y 10 a\u00f1os.<\/span><span data-ccp-props=\"{&quot;335559731&quot;:708}\">\u00a0<\/span><\/p>\n<p><span data-contrast=\"auto\">\u201cLos ni\u00f1os al egresar cuentan con capacidades que les ayudar\u00e1n a desarrollarse a mediano y largo plazo, como la disciplina, la organizaci\u00f3n, habilidades motrices y del pensamiento, as\u00ed como la expresi\u00f3n musical y oral\u201d, precis\u00f3 Ram\u00edrez Guillermo.<\/span><span data-ccp-props=\"{&quot;335559731&quot;:708}\">\u00a0<\/span><\/p>\n<div id=\"attachment_139468\" style=\"width: 732px\" class=\"wp-caption aligncenter\"><img aria-describedby=\"caption-attachment-139468\" decoding=\"async\" loading=\"lazy\" class=\"size-full wp-image-139468\" src=\"https:\/\/www.uv.mx\/prensa\/files\/2024\/02\/010224-PAOLA-Concierto-CIMI-5.jpg\" alt=\"\" width=\"722\" height=\"364\" srcset=\"https:\/\/www.uv.mx\/prensa\/files\/2024\/02\/010224-PAOLA-Concierto-CIMI-5.jpg 722w, https:\/\/www.uv.mx\/prensa\/files\/2024\/02\/010224-PAOLA-Concierto-CIMI-5-300x151.jpg 300w\" sizes=\"(max-width: 722px) 100vw, 722px\" \/><p id=\"caption-attachment-139468\" class=\"wp-caption-text\">Equipo de trabajo del CIMI responsables de llevar a cabo el concierto<\/p><\/div>\n","protected":false},"excerpt":{"rendered":"<p>Jenny Lizette Ram\u00edrez, coordinadora del CIMI, dijo que pensaron en hacerlo de esta manera para situar a los ni\u00f1os en la temporalidad hist\u00f3rica y que el conocimiento adquirido tenga un significado\u00a0<\/p>\n","protected":false},"author":2349,"featured_media":139459,"comment_status":"closed","ping_status":"closed","sticky":false,"template":"","format":"standard","meta":[],"categories":[15423,47,61],"tags":[7581,15414,4521,1568,15600,15599,7081,11672,1533,13153,340,6462,4164,11301],"_links":{"self":[{"href":"https:\/\/www.uv.mx\/prensa\/wp-json\/wp\/v2\/posts\/139541"}],"collection":[{"href":"https:\/\/www.uv.mx\/prensa\/wp-json\/wp\/v2\/posts"}],"about":[{"href":"https:\/\/www.uv.mx\/prensa\/wp-json\/wp\/v2\/types\/post"}],"author":[{"embeddable":true,"href":"https:\/\/www.uv.mx\/prensa\/wp-json\/wp\/v2\/users\/2349"}],"replies":[{"embeddable":true,"href":"https:\/\/www.uv.mx\/prensa\/wp-json\/wp\/v2\/comments?post=139541"}],"version-history":[{"count":1,"href":"https:\/\/www.uv.mx\/prensa\/wp-json\/wp\/v2\/posts\/139541\/revisions"}],"predecessor-version":[{"id":139736,"href":"https:\/\/www.uv.mx\/prensa\/wp-json\/wp\/v2\/posts\/139541\/revisions\/139736"}],"wp:featuredmedia":[{"embeddable":true,"href":"https:\/\/www.uv.mx\/prensa\/wp-json\/wp\/v2\/media\/139459"}],"wp:attachment":[{"href":"https:\/\/www.uv.mx\/prensa\/wp-json\/wp\/v2\/media?parent=139541"}],"wp:term":[{"taxonomy":"category","embeddable":true,"href":"https:\/\/www.uv.mx\/prensa\/wp-json\/wp\/v2\/categories?post=139541"},{"taxonomy":"post_tag","embeddable":true,"href":"https:\/\/www.uv.mx\/prensa\/wp-json\/wp\/v2\/tags?post=139541"}],"curies":[{"name":"wp","href":"https:\/\/api.w.org\/{rel}","templated":true}]}}