{"id":139602,"date":"2024-02-09T20:49:30","date_gmt":"2024-02-10T02:49:30","guid":{"rendered":"https:\/\/www.uv.mx\/prensa\/?p=139602"},"modified":"2024-02-13T13:46:37","modified_gmt":"2024-02-13T19:46:37","slug":"expo-orienta-uv-una-mirada-detallada-a-la-oferta-educativa","status":"publish","type":"post","link":"https:\/\/www.uv.mx\/prensa\/regiones\/expo-orienta-uv-una-mirada-detallada-a-la-oferta-educativa\/","title":{"rendered":"Expo Orienta UV: una mirada detallada a la oferta educativa"},"content":{"rendered":"<ul>\n<li data-leveltext=\"\uf0b7\" data-font=\"Symbol\" data-listid=\"3\" data-list-defn-props=\"{&quot;335552541&quot;:1,&quot;335559684&quot;:-2,&quot;335559685&quot;:720,&quot;335559991&quot;:360,&quot;469769226&quot;:&quot;Symbol&quot;,&quot;469769242&quot;:[8226],&quot;469777803&quot;:&quot;left&quot;,&quot;469777804&quot;:&quot;\uf0b7&quot;,&quot;469777815&quot;:&quot;hybridMultilevel&quot;}\" data-aria-posinset=\"1\" data-aria-level=\"1\"><i><span data-contrast=\"auto\">La regi\u00f3n Veracruz recibi\u00f3 a cientos de estudiantes interesados en cursar una carrera universitaria<\/span><\/i><span data-ccp-props=\"{&quot;201341983&quot;:0,&quot;335559739&quot;:0,&quot;335559740&quot;:240}\">\u00a0<\/span><\/li>\n<li data-leveltext=\"\uf0b7\" data-font=\"Symbol\" data-listid=\"3\" data-list-defn-props=\"{&quot;335552541&quot;:1,&quot;335559684&quot;:-2,&quot;335559685&quot;:720,&quot;335559991&quot;:360,&quot;469769226&quot;:&quot;Symbol&quot;,&quot;469769242&quot;:[8226],&quot;469777803&quot;:&quot;left&quot;,&quot;469777804&quot;:&quot;\uf0b7&quot;,&quot;469777815&quot;:&quot;hybridMultilevel&quot;}\" data-aria-posinset=\"2\" data-aria-level=\"1\"><i><span data-contrast=\"auto\">La instituci\u00f3n ofrece muchas y muy buenas opciones para seguir estudiando: asistentes<\/span><\/i><span data-ccp-props=\"{&quot;201341983&quot;:0,&quot;335559739&quot;:0,&quot;335559740&quot;:240}\">\u00a0<\/span><\/li>\n<\/ul>\n<p><span data-ccp-props=\"{&quot;201341983&quot;:0,&quot;335559739&quot;:0,&quot;335559740&quot;:240}\">\u00a0<\/span><\/p>\n<div id=\"attachment_139565\" style=\"width: 732px\" class=\"wp-caption aligncenter\"><img aria-describedby=\"caption-attachment-139565\" decoding=\"async\" loading=\"lazy\" class=\"size-full wp-image-139565\" src=\"https:\/\/www.uv.mx\/prensa\/files\/2024\/02\/090224-2-CHAIN-VERACRUZ-EXPO-ORIENTA-1.jpg\" alt=\"\" width=\"722\" height=\"481\" srcset=\"https:\/\/www.uv.mx\/prensa\/files\/2024\/02\/090224-2-CHAIN-VERACRUZ-EXPO-ORIENTA-1.jpg 722w, https:\/\/www.uv.mx\/prensa\/files\/2024\/02\/090224-2-CHAIN-VERACRUZ-EXPO-ORIENTA-1-300x200.jpg 300w\" sizes=\"(max-width: 722px) 100vw, 722px\" \/><p id=\"caption-attachment-139565\" class=\"wp-caption-text\">Julissa Juliana Mart\u00ednez Moreno, estudiante del CBTIS 79<\/p><\/div>\n<p><span data-ccp-props=\"{&quot;201341983&quot;:0,&quot;335559739&quot;:0,&quot;335559740&quot;:240}\">\u00a0<\/span><\/p>\n<p><b><i><span data-contrast=\"auto\">Francisco Javier Cha\u00edn Revuelta<\/span><\/i><\/b><span data-ccp-props=\"{&quot;201341983&quot;:0,&quot;335559739&quot;:0,&quot;335559740&quot;:240}\">\u00a0<\/span><\/p>\n<p><b><i><span data-contrast=\"auto\">Fotos: Aracely Hern\u00e1ndez Rodr\u00edguez<\/span><\/i><\/b><span data-ccp-props=\"{&quot;201341983&quot;:0,&quot;335559739&quot;:0,&quot;335559740&quot;:240}\">\u00a0<\/span><\/p>\n<p><b><i><span data-contrast=\"auto\">09\/02\/2024, Boca del R\u00edo, Ver.-<\/span><\/i><\/b><span data-contrast=\"auto\"> La Universidad Veracruzana (UV) <a href=\"https:\/\/www.uv.mx\/veracruz\/\" target=\"_blank\" rel=\"noopener\">regi\u00f3n Veracruz<\/a> realiz\u00f3 en la Unidad de Servicios Bibliotecarios y de Informaci\u00f3n (USBI), la Expo Orienta 2024.<\/span><span data-ccp-props=\"{&quot;201341983&quot;:0,&quot;335559739&quot;:0,&quot;335559740&quot;:240}\">\u00a0<\/span><\/p>\n<p><span data-contrast=\"auto\">En el patio central del recinto universitario se congregaron cientos de estudiantes de bachillerato, padres de familia y docentes, quienes tuvieron la oportunidad de interactuar directamente con representantes de las distintas facultades y los 48 programas educativos (PE) que la UV ofrece en esta regi\u00f3n, en las modalidades escolarizada, semiescolarizada, abierta y virtual.<\/span><span data-ccp-props=\"{&quot;201341983&quot;:0,&quot;335559739&quot;:0,&quot;335559740&quot;:240}\">\u00a0<\/span><\/p>\n<p><span data-contrast=\"auto\">En la inauguraci\u00f3n, el vicerrector Rub\u00e9n Edel Navarro expres\u00f3: \u201cElegir una carrera es una de las decisiones m\u00e1s dif\u00edciles de la vida y por ello realizamos un esfuerzo colectivo y responsable para brindar la informaci\u00f3n completa que los estudiantes necesitan\u201d.<\/span><span data-ccp-props=\"{&quot;201341983&quot;:0,&quot;335559739&quot;:0,&quot;335559740&quot;:240}\">\u00a0<\/span><\/p>\n<p><span data-contrast=\"auto\">Asimismo, conmin\u00f3 a los asistentes a aprovechar las oportunidades que ofrece la UV, una de las instituciones de educaci\u00f3n superior m\u00e1s importantes y prestigiadas del pa\u00eds.<\/span><span data-ccp-props=\"{&quot;201341983&quot;:0,&quot;335559739&quot;:0,&quot;335559740&quot;:240}\">\u00a0<\/span><\/p>\n<p><span data-ccp-props=\"{&quot;201341983&quot;:0,&quot;335559739&quot;:0,&quot;335559740&quot;:240}\">\u00a0<\/span><\/p>\n<div id=\"attachment_139561\" style=\"width: 732px\" class=\"wp-caption aligncenter\"><img aria-describedby=\"caption-attachment-139561\" decoding=\"async\" loading=\"lazy\" class=\"size-full wp-image-139561\" src=\"https:\/\/www.uv.mx\/prensa\/files\/2024\/02\/090224-CHAIN-VERACRUZ-EXPO-ORIENTA-2.jpg\" alt=\"\" width=\"722\" height=\"481\" srcset=\"https:\/\/www.uv.mx\/prensa\/files\/2024\/02\/090224-CHAIN-VERACRUZ-EXPO-ORIENTA-2.jpg 722w, https:\/\/www.uv.mx\/prensa\/files\/2024\/02\/090224-CHAIN-VERACRUZ-EXPO-ORIENTA-2-300x200.jpg 300w\" sizes=\"(max-width: 722px) 100vw, 722px\" \/><p id=\"caption-attachment-139561\" class=\"wp-caption-text\">Carla Lizeth Hern\u00e1ndez Hern\u00e1ndez desea estudiar Medicina Veterinaria y Zootecnia<\/p><\/div>\n<p>&nbsp;<\/p>\n<p><b><span data-contrast=\"auto\">Oferta educativa diversa y de calidad: asistentes<\/span><\/b><span data-ccp-props=\"{&quot;134233117&quot;:false,&quot;134233118&quot;:false,&quot;201341983&quot;:0,&quot;335559738&quot;:0,&quot;335559739&quot;:0,&quot;335559740&quot;:240}\">\u00a0<\/span><\/p>\n<p><span data-contrast=\"auto\">En entrevista para <\/span><i><span data-contrast=\"auto\">Universo<\/span><\/i><span data-contrast=\"auto\">, Julissa Juliana Mart\u00ednez Moreno, alumna del Centro de Bachillerato Tecnol\u00f3gico Industrial y de Servicios (CBTIS) 79 de Veracruz, se\u00f1al\u00f3: \u201cEstoy conociendo las ingenier\u00edas que me llaman la atenci\u00f3n, as\u00ed como la Licenciatura en Contadur\u00eda; a\u00fan no s\u00e9 cu\u00e1l escoger. Me gustar\u00eda estudiar dos carreras, porque lo que realmente me interesa es aprender, me gusta mucho. En la UV hay muy buenas opciones que llaman mi atenci\u00f3n\u201d.<\/span><span data-ccp-props=\"{&quot;134233117&quot;:false,&quot;134233118&quot;:false,&quot;201341983&quot;:0,&quot;335559738&quot;:0,&quot;335559739&quot;:0,&quot;335559740&quot;:240}\">\u00a0<\/span><\/p>\n<p><span data-contrast=\"auto\">Por su parte, Carla Lizeth Hern\u00e1ndez Hern\u00e1ndez, del CBTIS 190, comparti\u00f3: \u201cVoy a estudiar Medicina Veterinaria y Zootecnia porque me interesan mucho los animales, su bienestar y la manera de ayudarlos. Quiero hacer algo por ellos\u201d.<\/span><span data-ccp-props=\"{&quot;134233117&quot;:false,&quot;134233118&quot;:false,&quot;201341983&quot;:0,&quot;335559731&quot;:708,&quot;335559738&quot;:0,&quot;335559739&quot;:0,&quot;335559740&quot;:240}\">\u00a0<\/span><\/p>\n<p>&nbsp;<\/p>\n<div id=\"attachment_139560\" style=\"width: 732px\" class=\"wp-caption aligncenter\"><img aria-describedby=\"caption-attachment-139560\" decoding=\"async\" loading=\"lazy\" class=\"size-full wp-image-139560\" src=\"https:\/\/www.uv.mx\/prensa\/files\/2024\/02\/090224-CHAIN-VERACRUZ-EXPO-ORIENTA-3.jpg\" alt=\"\" width=\"722\" height=\"419\" srcset=\"https:\/\/www.uv.mx\/prensa\/files\/2024\/02\/090224-CHAIN-VERACRUZ-EXPO-ORIENTA-3.jpg 722w, https:\/\/www.uv.mx\/prensa\/files\/2024\/02\/090224-CHAIN-VERACRUZ-EXPO-ORIENTA-3-300x174.jpg 300w\" sizes=\"(max-width: 722px) 100vw, 722px\" \/><p id=\"caption-attachment-139560\" class=\"wp-caption-text\">Autoridades de la Vicerrector\u00eda con personal del Centro de Idiomas-Veracruz<\/p><\/div>\n<p>&nbsp;<\/p>\n<p><span data-contrast=\"auto\">La joven acudi\u00f3 a la Expo Orienta acompa\u00f1ada por su mam\u00e1, quien se dijo asombrada por la diversidad de opciones con las que cuenta la m\u00e1xima casa de estudios de la entidad; finalmente, resalt\u00f3 la importancia de que los j\u00f3venes accedan a la educaci\u00f3n superior: \u201cLas madres siempre apoyamos a nuestros hijos y la herencia m\u00e1s valiosa que les podemos dar es el estudio, para que le echen ganas y salgan adelante\u201d.<\/span><span data-ccp-props=\"{&quot;134233117&quot;:false,&quot;134233118&quot;:false,&quot;201341983&quot;:0,&quot;335559731&quot;:708,&quot;335559738&quot;:0,&quot;335559739&quot;:0,&quot;335559740&quot;:240}\">\u00a0<\/span><\/p>\n<p><span data-ccp-props=\"{&quot;134233117&quot;:false,&quot;134233118&quot;:false,&quot;201341983&quot;:0,&quot;335559738&quot;:0,&quot;335559739&quot;:0,&quot;335559740&quot;:240}\">\u00a0<\/span><\/p>\n<p><b><span data-contrast=\"auto\">Jornada exitosa<\/span><\/b><span data-ccp-props=\"{&quot;201341983&quot;:0,&quot;335559739&quot;:0,&quot;335559740&quot;:240}\">\u00a0<\/span><\/p>\n<p><span data-contrast=\"auto\">Adem\u00e1s de stands informativos, la Expo Orienta incluy\u00f3 charlas y presentaciones de profesores y alumnos destacados de la Universidad para ver m\u00e1s detalladamente los PE, oportunidades de investigaci\u00f3n, movilidad y servicios que la instituci\u00f3n ofrece a su comunidad.<\/span><span data-ccp-props=\"{&quot;201341983&quot;:0,&quot;335559739&quot;:0,&quot;335559740&quot;:240}\">\u00a0<\/span><\/p>\n<p>&nbsp;<\/p>\n<div id=\"attachment_139559\" style=\"width: 732px\" class=\"wp-caption aligncenter\"><img aria-describedby=\"caption-attachment-139559\" decoding=\"async\" loading=\"lazy\" class=\"size-full wp-image-139559\" src=\"https:\/\/www.uv.mx\/prensa\/files\/2024\/02\/090224-CHAIN-VERACRUZ-EXPO-ORIENTA-4.jpg\" alt=\"\" width=\"722\" height=\"481\" srcset=\"https:\/\/www.uv.mx\/prensa\/files\/2024\/02\/090224-CHAIN-VERACRUZ-EXPO-ORIENTA-4.jpg 722w, https:\/\/www.uv.mx\/prensa\/files\/2024\/02\/090224-CHAIN-VERACRUZ-EXPO-ORIENTA-4-300x200.jpg 300w\" sizes=\"(max-width: 722px) 100vw, 722px\" \/><p id=\"caption-attachment-139559\" class=\"wp-caption-text\">Mesa de la Coordinaci\u00f3n Regional de Internacionalizaci\u00f3n<\/p><\/div>\n<p>&nbsp;<\/p>\n<p><span data-contrast=\"auto\">Aunado a mostrar la oferta educativa de la UV, la Expo Orienta es una plataforma para promover los valores institucionales, como el compromiso con la excelencia, la inclusi\u00f3n y el desarrollo sostenible; adem\u00e1s, es una herramienta para fortalecer los v\u00ednculos con la comunidad y reafirmar el compromiso con la educaci\u00f3n y la formaci\u00f3n integral de los futuros profesionistas.\u00a0<\/span><span data-ccp-props=\"{&quot;201341983&quot;:0,&quot;335559731&quot;:708,&quot;335559739&quot;:0,&quot;335559740&quot;:240}\">\u00a0<\/span><\/p>\n<p><span data-contrast=\"auto\">A la Expo Orienta tambi\u00e9n asistieron autoridades universitarias regionales, como Claudia Beatriz Enr\u00edquez Hern\u00e1ndez, secretaria Acad\u00e9mica; Sergio Federico Toledo Barrios, secretario de Administraci\u00f3n y Finanzas, as\u00ed como directivos, coordinadores, docentes y alumnos de todas las entidades acad\u00e9micas.<\/span><\/p>\n<div id=\"attachment_139563\" style=\"width: 732px\" class=\"wp-caption aligncenter\"><img aria-describedby=\"caption-attachment-139563\" decoding=\"async\" loading=\"lazy\" class=\"size-full wp-image-139563\" src=\"https:\/\/www.uv.mx\/prensa\/files\/2024\/02\/090224-CHAIN-VERACRUZ-EXPO-ORIENTA-5.jpg\" alt=\"\" width=\"722\" height=\"481\" srcset=\"https:\/\/www.uv.mx\/prensa\/files\/2024\/02\/090224-CHAIN-VERACRUZ-EXPO-ORIENTA-5.jpg 722w, https:\/\/www.uv.mx\/prensa\/files\/2024\/02\/090224-CHAIN-VERACRUZ-EXPO-ORIENTA-5-300x200.jpg 300w\" sizes=\"(max-width: 722px) 100vw, 722px\" \/><p id=\"caption-attachment-139563\" class=\"wp-caption-text\">Stand de la Facultad de Ciencias Qu\u00edmicas<\/p><\/div>\n","protected":false},"excerpt":{"rendered":"<p>La regi\u00f3n Veracruz recibi\u00f3 a cientos de estudiantes, quienes conocieron los 48 programas educativos que est\u00e1n a su alcance\u00a0<\/p>\n","protected":false},"author":2349,"featured_media":139558,"comment_status":"closed","ping_status":"closed","sticky":false,"template":"","format":"standard","meta":[],"categories":[47,61,32,55],"tags":[15626,5542,15627,8824,15624,4239,3731,13893,15625,454],"_links":{"self":[{"href":"https:\/\/www.uv.mx\/prensa\/wp-json\/wp\/v2\/posts\/139602"}],"collection":[{"href":"https:\/\/www.uv.mx\/prensa\/wp-json\/wp\/v2\/posts"}],"about":[{"href":"https:\/\/www.uv.mx\/prensa\/wp-json\/wp\/v2\/types\/post"}],"author":[{"embeddable":true,"href":"https:\/\/www.uv.mx\/prensa\/wp-json\/wp\/v2\/users\/2349"}],"replies":[{"embeddable":true,"href":"https:\/\/www.uv.mx\/prensa\/wp-json\/wp\/v2\/comments?post=139602"}],"version-history":[{"count":1,"href":"https:\/\/www.uv.mx\/prensa\/wp-json\/wp\/v2\/posts\/139602\/revisions"}],"predecessor-version":[{"id":139730,"href":"https:\/\/www.uv.mx\/prensa\/wp-json\/wp\/v2\/posts\/139602\/revisions\/139730"}],"wp:featuredmedia":[{"embeddable":true,"href":"https:\/\/www.uv.mx\/prensa\/wp-json\/wp\/v2\/media\/139558"}],"wp:attachment":[{"href":"https:\/\/www.uv.mx\/prensa\/wp-json\/wp\/v2\/media?parent=139602"}],"wp:term":[{"taxonomy":"category","embeddable":true,"href":"https:\/\/www.uv.mx\/prensa\/wp-json\/wp\/v2\/categories?post=139602"},{"taxonomy":"post_tag","embeddable":true,"href":"https:\/\/www.uv.mx\/prensa\/wp-json\/wp\/v2\/tags?post=139602"}],"curies":[{"name":"wp","href":"https:\/\/api.w.org\/{rel}","templated":true}]}}