{"id":139795,"date":"2024-02-14T14:35:04","date_gmt":"2024-02-14T20:35:04","guid":{"rendered":"https:\/\/www.uv.mx\/prensa\/?p=139795"},"modified":"2024-02-14T14:35:04","modified_gmt":"2024-02-14T20:35:04","slug":"egresado-de-ia-propone-optimizacion-binivel-para-toma-de-decisiones","status":"publish","type":"post","link":"https:\/\/www.uv.mx\/prensa\/tecnologia\/egresado-de-ia-propone-optimizacion-binivel-para-toma-de-decisiones\/","title":{"rendered":"Egresado de IA propone optimizaci\u00f3n binivel para toma de decisiones"},"content":{"rendered":"<p>&nbsp;<\/p>\n<ul>\n<li data-leveltext=\"\uf0b7\" data-font=\"Symbol\" data-listid=\"1\" data-list-defn-props=\"{&quot;335551671&quot;:0,&quot;335552541&quot;:1,&quot;335559684&quot;:-2,&quot;335559685&quot;:720,&quot;335559991&quot;:360,&quot;469769226&quot;:&quot;Symbol&quot;,&quot;469769242&quot;:[8226],&quot;469777803&quot;:&quot;left&quot;,&quot;469777804&quot;:&quot;\uf0b7&quot;,&quot;469777815&quot;:&quot;hybridMultilevel&quot;}\" data-aria-posinset=\"0\" data-aria-level=\"1\"><i><span data-contrast=\"auto\">E<\/span><\/i><i><span data-contrast=\"none\">s un \u00e1rea de investigaci\u00f3n emergente y en auge, debido a sus importantes propiedades para modelar problemas donde dos tomadores de decisiones interact\u00faan en estructura jer\u00e1rquica, afirm\u00f3 Jes\u00fas Adolfo Mej\u00eda de Dios<\/span><\/i><span data-ccp-props=\"{&quot;134233117&quot;:false,&quot;134233118&quot;:false,&quot;201341983&quot;:0,&quot;335559738&quot;:0,&quot;335559739&quot;:0,&quot;335559740&quot;:240}\">\u00a0<\/span><\/li>\n<\/ul>\n<div id=\"attachment_139745\" style=\"width: 732px\" class=\"wp-caption aligncenter\"><img aria-describedby=\"caption-attachment-139745\" decoding=\"async\" loading=\"lazy\" class=\"size-full wp-image-139745\" src=\"https:\/\/www.uv.mx\/prensa\/files\/2024\/02\/130224-COUTTOLENC-Egresado-UV-propone-OB-1.jpg\" alt=\"\" width=\"722\" height=\"406\" srcset=\"https:\/\/www.uv.mx\/prensa\/files\/2024\/02\/130224-COUTTOLENC-Egresado-UV-propone-OB-1.jpg 722w, https:\/\/www.uv.mx\/prensa\/files\/2024\/02\/130224-COUTTOLENC-Egresado-UV-propone-OB-1-300x169.jpg 300w\" sizes=\"(max-width: 722px) 100vw, 722px\" \/><p id=\"caption-attachment-139745\" class=\"wp-caption-text\">Jes\u00fas Adolfo Mej\u00eda de Dios desarroll\u00f3 investigaci\u00f3n sobre enfoques metaf\u00edsicos para optimizaci\u00f3n binivel y m\u00faltiples objetivos<\/p><\/div>\n<p><b><i><span data-contrast=\"auto\">Jos\u00e9 Luis Couttolenc Soto<\/span><\/i><\/b><span data-ccp-props=\"{&quot;134233117&quot;:false,&quot;134233118&quot;:false,&quot;201341983&quot;:0,&quot;335559738&quot;:0,&quot;335559739&quot;:0,&quot;335559740&quot;:240}\">\u00a0<\/span><\/p>\n<p><b><i><span data-contrast=\"auto\">Fotos: Jos\u00e9 Miguel Hern\u00e1ndez Platas y cortes\u00eda Jes\u00fas Mej\u00eda<\/span><\/i><\/b><span data-ccp-props=\"{&quot;134233117&quot;:false,&quot;134233118&quot;:false,&quot;201341983&quot;:0,&quot;335559738&quot;:0,&quot;335559739&quot;:0,&quot;335559740&quot;:240}\">\u00a0<\/span><\/p>\n<p><b><i><span data-contrast=\"auto\">14\/02\/2024, Xalapa, Ver.- <\/span><\/i><\/b><span data-contrast=\"auto\">Para obtener el grado de Doctor en Inteligencia Artificial (IA) por la Universidad Veracruzana (UV), Jes\u00fas Adolfo Mej\u00eda de Dios desarroll\u00f3 una investigaci\u00f3n sobre enfoques metaf\u00edsicos para optimizaci\u00f3n binivel (OB) y m\u00faltiples objetivos, de la que se deriva una propuesta que puede ser \u00fatil en situaciones de pol\u00edtica de impuestos o econom\u00eda ambiental.<\/span><span data-ccp-props=\"{&quot;134233117&quot;:false,&quot;134233118&quot;:false,&quot;201341983&quot;:0,&quot;335559738&quot;:0,&quot;335559739&quot;:0,&quot;335559740&quot;:240}\">\u00a0<\/span><\/p>\n<p><span data-contrast=\"auto\">El profesor investigador en el Centro de Investigaci\u00f3n en Matem\u00e1ticas Aplicadas de la Universidad Aut\u00f3noma de Coahuila, se\u00f1al\u00f3 que la OB es un \u00e1rea de estudio emergente que se encuentra en auge por sus importantes propiedades para modelar problemas donde dos tomadores de decisiones interact\u00faan en estructura jer\u00e1rquica.<\/span><span data-ccp-props=\"{&quot;134233117&quot;:false,&quot;134233118&quot;:false,&quot;201341983&quot;:0,&quot;335559738&quot;:0,&quot;335559739&quot;:0,&quot;335559740&quot;:240}\">\u00a0<\/span><\/p>\n<p><span data-contrast=\"auto\">Considera que <\/span><span data-contrast=\"none\">muchos problemas del mundo real se han modelado mediante OB, dado que resultan ser modelos que se ajustan mejor a fen\u00f3menos y problem\u00e1ticas en diferentes sectores.<\/span><span data-ccp-props=\"{&quot;134233117&quot;:false,&quot;134233118&quot;:false,&quot;201341983&quot;:0,&quot;335559731&quot;:708,&quot;335559738&quot;:0,&quot;335559739&quot;:0,&quot;335559740&quot;:240}\">\u00a0<\/span><\/p>\n<div id=\"attachment_139746\" style=\"width: 732px\" class=\"wp-caption aligncenter\"><img aria-describedby=\"caption-attachment-139746\" decoding=\"async\" loading=\"lazy\" class=\"size-full wp-image-139746\" src=\"https:\/\/www.uv.mx\/prensa\/files\/2024\/02\/130224-COUTTOLENC-Egresado-UV-propone-OB-2.jpg\" alt=\"\" width=\"722\" height=\"406\" srcset=\"https:\/\/www.uv.mx\/prensa\/files\/2024\/02\/130224-COUTTOLENC-Egresado-UV-propone-OB-2.jpg 722w, https:\/\/www.uv.mx\/prensa\/files\/2024\/02\/130224-COUTTOLENC-Egresado-UV-propone-OB-2-300x169.jpg 300w\" sizes=\"(max-width: 722px) 100vw, 722px\" \/><p id=\"caption-attachment-139746\" class=\"wp-caption-text\">En la UV trabajamos para formar buenos investigadores, dijo Efr\u00e9n Mezura Montes<\/p><\/div>\n<p><span data-contrast=\"none\">Precis\u00f3 que no obstante que se ha propuesto una variedad de enfoques de soluci\u00f3n, desde m\u00e9todos exactos hasta los metaheur\u00edsticos, se ha observado que esta alternativa sigue requiriendo estudios para mejorar el estado del arte actual, mediante trabajos te\u00f3ricos y propuestas de enfoques de soluci\u00f3n eficientes cuando las propiedades matem\u00e1ticas de estos problemas son desconocidas y complicadas de analizar te\u00f3ricamente.<\/span><span data-ccp-props=\"{&quot;134233117&quot;:false,&quot;134233118&quot;:false,&quot;201341983&quot;:0,&quot;335559731&quot;:708,&quot;335559738&quot;:0,&quot;335559739&quot;:0,&quot;335559740&quot;:240}\">\u00a0<\/span><\/p>\n<p><span data-contrast=\"auto\">En su investigaci\u00f3n, Mej\u00eda de Dios efectu\u00f3 <\/span><span data-contrast=\"none\">una revisi\u00f3n exhaustiva de la literatura especializada, estudi\u00f3 las propiedades matem\u00e1ticas de los problemas de optimizaci\u00f3n, y con base en la informaci\u00f3n encontrada propuso diferentes algoritmos metaheur\u00edsticos eficientes para aproximar soluciones \u00f3ptimas y factibles en problemas altamente complicados.<\/span><span data-ccp-props=\"{&quot;134233117&quot;:false,&quot;134233118&quot;:false,&quot;201341983&quot;:0,&quot;335559738&quot;:0,&quot;335559739&quot;:0,&quot;335559740&quot;:240}\">\u00a0<\/span><\/p>\n<p><span data-contrast=\"none\">Como principales hallazgos y aportaciones, defini\u00f3 el concepto de \u201csoluciones seudofactibles\u201d y demostr\u00f3 matem\u00e1ticamente su existencia; <\/span><span data-contrast=\"auto\">p<\/span><span data-contrast=\"none\">ropuso la metaheur\u00edstica binivel como capaz de resolver problemas de optimizaci\u00f3n binivel mediante la aproximaci\u00f3n de soluciones \u00f3ptimas y factibles en problemas que presentaban caracter\u00edsticas que algoritmos exactos no pueden manejar.<\/span><span data-ccp-props=\"{&quot;134233117&quot;:false,&quot;134233118&quot;:false,&quot;201341983&quot;:0,&quot;335559738&quot;:0,&quot;335559739&quot;:0,&quot;335559740&quot;:240}\">\u00a0<\/span><\/p>\n<p><span data-contrast=\"none\">Estudi\u00f3 y propuso la soluci\u00f3n para el problema de ajuste autom\u00e1tico de par\u00e1metros como tarea binivel, a trav\u00e9s de una metodolog\u00eda eficiente para encontrar par\u00e1metros de metaheur\u00edsticas para optimizaci\u00f3n.<\/span><span data-ccp-props=\"{&quot;134233117&quot;:false,&quot;134233118&quot;:false,&quot;201341983&quot;:0,&quot;335559731&quot;:708,&quot;335559738&quot;:0,&quot;335559739&quot;:0,&quot;335559740&quot;:240}\">\u00a0<\/span><\/p>\n<div id=\"attachment_139747\" style=\"width: 732px\" class=\"wp-caption aligncenter\"><img aria-describedby=\"caption-attachment-139747\" decoding=\"async\" loading=\"lazy\" class=\"size-full wp-image-139747\" src=\"https:\/\/www.uv.mx\/prensa\/files\/2024\/02\/130224-COUTTOLENC-Egresado-UV-propone-OB-3.jpg\" alt=\"\" width=\"722\" height=\"440\" srcset=\"https:\/\/www.uv.mx\/prensa\/files\/2024\/02\/130224-COUTTOLENC-Egresado-UV-propone-OB-3.jpg 722w, https:\/\/www.uv.mx\/prensa\/files\/2024\/02\/130224-COUTTOLENC-Egresado-UV-propone-OB-3-300x183.jpg 300w\" sizes=\"(max-width: 722px) 100vw, 722px\" \/><p id=\"caption-attachment-139747\" class=\"wp-caption-text\">La OB es un \u00e1rea de estudio emergente por sus propiedades para modelar problemas donde tomadores de decisiones interact\u00faan en estructura jer\u00e1rquica<\/p><\/div>\n<p><span data-contrast=\"auto\">A su vez, e<\/span><span data-contrast=\"none\">studi\u00f3 e implement\u00f3 la aplicaci\u00f3n de mejor representaci\u00f3n de soluciones basadas en familias para manejar caracter\u00edsticas propias de problemas de optimizaci\u00f3n binivel multiobjetivo, as\u00ed como un <\/span><span data-contrast=\"auto\">estudio sobre enfoques metaf\u00edsicos para OB y m\u00faltiples objetivos.<\/span><span data-ccp-props=\"{&quot;134233117&quot;:false,&quot;134233118&quot;:false,&quot;201341983&quot;:0,&quot;335559731&quot;:708,&quot;335559738&quot;:0,&quot;335559739&quot;:0,&quot;335559740&quot;:240}\">\u00a0<\/span><\/p>\n<p><span data-contrast=\"auto\">Por sus trabajos de investigaci\u00f3n, Jes\u00fas Adolfo Mej\u00eda, quien es originario de la ciudad de Xalapa, se ha hecho acreedor a tres premios: \u201cJos\u00e9 Negrete Mart\u00ednez\u201d (2018), que otorga la Sociedad Mexicana de Inteligencia Artificial; \u201cArte, Ciencia, Luz\u201d (2023), por la Universidad Veracruzana, y \u201cWeizmann\u201d (2023), por la Academia Mexicana de Ciencias.<\/span><span data-ccp-props=\"{&quot;134233117&quot;:false,&quot;134233118&quot;:false,&quot;201341983&quot;:0,&quot;335559731&quot;:708,&quot;335559738&quot;:0,&quot;335559739&quot;:0,&quot;335559740&quot;:240}\">\u00a0<\/span><\/p>\n<p><span data-contrast=\"auto\">Otro reconocimiento para el universitario es su reciente ingreso al Sistema Nacional de Investigadores (SNI) Nivel I; cuenta adem\u00e1s con publicaciones en congresos internacionales y cap\u00edtulos de libros.<\/span><span data-ccp-props=\"{&quot;134233117&quot;:false,&quot;134233118&quot;:false,&quot;201341983&quot;:0,&quot;335559731&quot;:708,&quot;335559738&quot;:0,&quot;335559739&quot;:0,&quot;335559740&quot;:240}\">\u00a0<\/span><\/p>\n<p><span data-contrast=\"auto\">Efr\u00e9n Mezura Montes, adscrito al Instituto de Investigaciones en Inteligencia Artificial (IIIA), quien fue su director de tesis, expres\u00f3 su satisfacci\u00f3n por los logros alcanzados por el ahora investigador, quien en breve ser\u00e1 el encargado de la Fuerza de Tarea sobre utilizaci\u00f3n del nivel, la cual es un grupo de trabajo de investigaci\u00f3n a nivel internacional de la Sociedad de Inteligencia Computacional; \u201cen la UV estamos trabajando para formar buenos investigadores\u201d, destac\u00f3.<\/span><span data-ccp-props=\"{&quot;134233117&quot;:false,&quot;134233118&quot;:false,&quot;201341983&quot;:0,&quot;335559731&quot;:708,&quot;335559738&quot;:0,&quot;335559739&quot;:0,&quot;335559740&quot;:240}\">\u00a0<\/span><\/p>\n<div id=\"attachment_139748\" style=\"width: 732px\" class=\"wp-caption aligncenter\"><img aria-describedby=\"caption-attachment-139748\" decoding=\"async\" loading=\"lazy\" class=\"size-full wp-image-139748\" src=\"https:\/\/www.uv.mx\/prensa\/files\/2024\/02\/130224-COUTTOLENC-Egresado-UV-propone-OB-4.jpg\" alt=\"\" width=\"722\" height=\"415\" srcset=\"https:\/\/www.uv.mx\/prensa\/files\/2024\/02\/130224-COUTTOLENC-Egresado-UV-propone-OB-4.jpg 722w, https:\/\/www.uv.mx\/prensa\/files\/2024\/02\/130224-COUTTOLENC-Egresado-UV-propone-OB-4-300x172.jpg 300w\" sizes=\"(max-width: 722px) 100vw, 722px\" \/><p id=\"caption-attachment-139748\" class=\"wp-caption-text\">Problemas del mundo real se han modelado mediante optimizaci\u00f3n binivel, que resulta ser el modelo que se ajusta mejor a fen\u00f3menos y problem\u00e1ticas en diferentes sectores<\/p><\/div>\n","protected":false},"excerpt":{"rendered":"<p>La alternativa puede ser \u00fatil en algunas situaciones de pol\u00edtica de impuestos y\/o en econom\u00eda ambiental <\/p>\n","protected":false},"author":1810,"featured_media":139744,"comment_status":"closed","ping_status":"closed","sticky":false,"template":"","format":"standard","meta":[],"categories":[15423,61,51],"tags":[2274,15684,15683,9799,4162,8190,13215,15685,15687,15686,7267],"_links":{"self":[{"href":"https:\/\/www.uv.mx\/prensa\/wp-json\/wp\/v2\/posts\/139795"}],"collection":[{"href":"https:\/\/www.uv.mx\/prensa\/wp-json\/wp\/v2\/posts"}],"about":[{"href":"https:\/\/www.uv.mx\/prensa\/wp-json\/wp\/v2\/types\/post"}],"author":[{"embeddable":true,"href":"https:\/\/www.uv.mx\/prensa\/wp-json\/wp\/v2\/users\/1810"}],"replies":[{"embeddable":true,"href":"https:\/\/www.uv.mx\/prensa\/wp-json\/wp\/v2\/comments?post=139795"}],"version-history":[{"count":1,"href":"https:\/\/www.uv.mx\/prensa\/wp-json\/wp\/v2\/posts\/139795\/revisions"}],"predecessor-version":[{"id":139803,"href":"https:\/\/www.uv.mx\/prensa\/wp-json\/wp\/v2\/posts\/139795\/revisions\/139803"}],"wp:featuredmedia":[{"embeddable":true,"href":"https:\/\/www.uv.mx\/prensa\/wp-json\/wp\/v2\/media\/139744"}],"wp:attachment":[{"href":"https:\/\/www.uv.mx\/prensa\/wp-json\/wp\/v2\/media?parent=139795"}],"wp:term":[{"taxonomy":"category","embeddable":true,"href":"https:\/\/www.uv.mx\/prensa\/wp-json\/wp\/v2\/categories?post=139795"},{"taxonomy":"post_tag","embeddable":true,"href":"https:\/\/www.uv.mx\/prensa\/wp-json\/wp\/v2\/tags?post=139795"}],"curies":[{"name":"wp","href":"https:\/\/api.w.org\/{rel}","templated":true}]}}